{"id":17965,"date":"2025-04-10T23:08:14","date_gmt":"2025-04-11T02:08:14","guid":{"rendered":"https:\/\/www.sportchaco.com.ar\/?p=17965"},"modified":"2025-04-10T23:37:45","modified_gmt":"2025-04-11T02:37:45","slug":"efemerides-del-11-de-abril","status":"publish","type":"post","link":"https:\/\/www.sportchaco.com.ar\/?p=17965","title":{"rendered":"Efem\u00e9rides del 11 de abril"},"content":{"rendered":"<div class=\"container fullwidth-entry-title-wrapper\">\n<div class=\"container-wrapper fullwidth-entry-title\">\n<header class=\"entry-header-outer\">\n<div class=\"entry-header\">\n<div class=\"single-post-meta post-meta clearfix\">\n<div class=\"tie-alignright\"><\/div>\n<\/div>\n<\/div>\n<\/header>\n<\/div>\n<\/div>\n<div id=\"content\" class=\"site-content container\">\n<div id=\"main-content-row\" class=\"tie-row main-content-row\">\n<div class=\"main-content tie-col-md-8 tie-col-xs-12\" role=\"main\">\n<article id=\"the-post\" class=\"container-wrapper post-content tie-standard\">\n<div class=\"featured-area\">\n<div class=\"featured-area-inner\"><\/div>\n<\/div>\n<div class=\"entry-content entry clearfix\">\n<p><strong>Esta es la Efem\u00e9rides del Deporte en el Chaco de un 11 de abril del periodista Luis Dar\u00edo Molodezky.<\/strong><\/p>\n<p><img loading=\"lazy\" decoding=\"async\" class=\"alignnone size-medium wp-image-17892 aligncenter\" src=\"https:\/\/www.sportchaco.com.ar\/wp-content\/uploads\/2025\/04\/Luis-2025-marzo-3-300x229.jpg\" alt=\"\" width=\"300\" height=\"229\" srcset=\"https:\/\/www.sportchaco.com.ar\/wp-content\/uploads\/2025\/04\/Luis-2025-marzo-3-300x229.jpg 300w, https:\/\/www.sportchaco.com.ar\/wp-content\/uploads\/2025\/04\/Luis-2025-marzo-3.jpg 715w\" sizes=\"auto, (max-width: 300px) 100vw, 300px\" \/><\/p>\n<p><strong>1923\u00a0<\/strong>\/ En la casa de Antonio Alemis, D\u00f3novan 251, se funda una de las instituciones l\u00edderes de nuestro deporte: Hind\u00fa Club. Su nombre se debi\u00f3 a algunos dirigentes que propusieron la misma denominaci\u00f3n de la entidad ubicada en Don Torcuato, provincia de Buenos Aires. Sus colores los sugiri\u00f3 el due\u00f1o de casa quien deseaba que \u201csean los mismos que posee nuestra llanura\u201d. Eran un grupo de socios del club Regatas molestos porque no pod\u00edan desarrollar el deporte que los apasionaba: el b\u00e1squetbol. La primera cancha estuvo en Hip\u00f3lito Yrigoyen 278. Luego pas\u00f3 a ocupar un terreno ubicado frente a la plaza central, (hoy Casa de Gobierno). Luego se mudaron a Lisandro de la Torre y Ant\u00e1rtida Argentina (actual Arturo Illia). All\u00ed la entidad se desarroll\u00f3 institucionalmente de manera notable: Pileta de nataci\u00f3n, dos canchas de bochas techadas, dos de b\u00e1squetbol, sede social y dependencias administrativas. Finalmente se compr\u00f3 el terreno donde se levanta el actual estadio y sede social, en Franklin 56. En la d\u00e9cada del 70 tuvo su esplendor con el polideportivo de la Ruta Nicol\u00e1s Avellaneda, que la crisis de los 90 lo termin\u00f3 devorando. Su actividad principal es el b\u00e1squetbol aunque se practicaron con \u00e9xito otros deportes.<\/p>\n<p><strong>1954\u00a0<\/strong>\/ Fallece en un accidente en Ca\u00f1ada de G\u00f3mez, Santa Fe, el corredor saenzpe\u00f1ense Daniel Boitenko mientras disputaba la vuelta de esa provincia. Juan G\u00e1lvez, fue el ganador de la competencia.<\/p>\n<p><strong>1957\u00a0<\/strong>\/ Nace la Asociaci\u00f3n de B\u00e1squetbol de Resistencia, para regir los destinos de ese deporte en la ciudad, que antes era manejada por la Federaci\u00f3n Chaque\u00f1a.<\/p>\n<p><strong>1990\u00a0<\/strong>\/ Carlos Gabriel Salazar se corona monarca sudamericano de los moscas, en Catamarca, ante Adri\u00e1n Daniel Romano, al ganar por KO en el cuarto asalto en un combate pactado a 12.<\/p>\n<p><strong>1992\u00a0<\/strong>\/ Ernesto\u00a0<em>Bombardero\u00a0<\/em>Sena pierde por KO en el sexto asalto ante Jorge Castro, que en la ma\u00f1ana hab\u00eda resignado la corona en la balanza. Con un sobrepeso estimado en 5 kilogramos,\u00a0<em>locomotora\u00a0<\/em>impuso su potencia para dejar con las manos vac\u00edas al chaque\u00f1o.<\/p>\n<p>&nbsp;<\/p>\n<p><strong>1971 \/<\/strong>\u00a0Nace en Resistencia Jos\u00e9 Manuel Fern\u00e1ndez, un zaguero central de f\u00fatbol elegante y pulcro, que se destacaba por su salto a pesar de no tener una gran envergadura f\u00edsica. Hizo las inferiores en Regional debutando en la primera a los 15 a\u00f1os. R\u00e1pidamente se destac\u00f3 por lo que fue llevado a For Ever para jugar en el Nacional B (1991-94) e Instituto de C\u00f3rdoba (1994-95). Luego pas\u00f3 a Argentinos Juniors (1995-96), donde jug\u00f3 30 encuentros y marc\u00f3 dos goles. Fugaz paso por Estudiantes de La Plata, donde s\u00f3lo jug\u00f3 en tres ocasiones producto de una rebelde lesi\u00f3n. Estuvo en Atlanta (1999\/97). Al a\u00f1o siguiente volvi\u00f3 a Instituto, donde permaneci\u00f3 hasta 1999. Termin\u00f3 su carrera en el f\u00fatbol chileno y su \u00faltimo club fue Fern\u00e1ndez Vial en la temporada 2002-03. Su carrera de t\u00e9cnico lo tuvo como protagonista en Resistencia Central y Regional, equipos a los que sac\u00f3 campe\u00f3n.<\/p>\n<p><strong>1993 \/<\/strong>\u00a0Primera victoria en el automovilismo nacional de Juan Manuel Silva, cuando gan\u00f3 en General Roca en la Formula Renault, con un chasis Crespi. Ese a\u00f1o fue campe\u00f3n de la categor\u00eda. Completaron el podio el tucumano Roberto S\u00e1nchez y el m\u00faltiple campe\u00f3n de TC Guillermo Ortelli, quien termin\u00f3 subcampe\u00f3n de la temporada.<\/p>\n<p>&nbsp;<\/p>\n<h4>Foto de portada, Jos\u00e9 Manuel Fern\u00e1ndez<\/h4>\n<p>&nbsp;<\/p>\n<\/div>\n<p>&nbsp;<\/p>\n<p><img loading=\"lazy\" decoding=\"async\" class=\"wp-image-17900 alignleft\" src=\"https:\/\/www.sportchaco.com.ar\/wp-content\/uploads\/2025\/04\/BANNER-WEB-Qdenga-250x250-1-300x300.gif\" alt=\"\" width=\"239\" height=\"239\" srcset=\"https:\/\/www.sportchaco.com.ar\/wp-content\/uploads\/2025\/04\/BANNER-WEB-Qdenga-250x250-1-300x300.gif 300w, https:\/\/www.sportchaco.com.ar\/wp-content\/uploads\/2025\/04\/BANNER-WEB-Qdenga-250x250-1-150x150.gif 150w\" sizes=\"auto, (max-width: 239px) 100vw, 239px\" \/> <img loading=\"lazy\" decoding=\"async\" class=\"alignnone wp-image-17928\" src=\"https:\/\/www.sportchaco.com.ar\/wp-content\/uploads\/2025\/04\/1080x1350-2-240x300.gif\" alt=\"\" width=\"198\" height=\"248\" srcset=\"https:\/\/www.sportchaco.com.ar\/wp-content\/uploads\/2025\/04\/1080x1350-2-240x300.gif 240w, https:\/\/www.sportchaco.com.ar\/wp-content\/uploads\/2025\/04\/1080x1350-2-819x1024.gif 819w, https:\/\/www.sportchaco.com.ar\/wp-content\/uploads\/2025\/04\/1080x1350-2-768x960.gif 768w, https:\/\/www.sportchaco.com.ar\/wp-content\/uploads\/2025\/04\/1080x1350-2-1229x1536.gif 1229w, https:\/\/www.sportchaco.com.ar\/wp-content\/uploads\/2025\/04\/1080x1350-2-1638x2048.gif 1638w\" sizes=\"auto, (max-width: 198px) 100vw, 198px\" \/><\/p>\n<p>&nbsp;<\/p>\n<div class=\"entry-content entry clearfix\">\n<h2>Efem\u00e9rides del 11 de abril:<\/h2>\n<p>&nbsp;<\/p>\n<ul>\n<li>.<\/li>\n<\/ul>\n<ul>\n<li><b>1965 &#8211; VICTORIO CASA.<\/b>\u00a0El delantero de San Lorenzo Victorio Casa es baleado por un centinela de la Escuela Superior de Mec\u00e1nica de la Armada luego de haber estacionado su autom\u00f3vil frente a la sede de la instituci\u00f3n en el barrio porte\u00f1o de Nu\u00f1ez, donde estaba prohibido. El futbolista recibi\u00f3 heridas que le costaron la amputaci\u00f3n del brazo derecho.<\/li>\n<\/ul>\n<ul>\n<li><b>1970 &#8211; SANDRO EN EL MADISON.<\/b>\u00a0El cantautor Sandro se convierte en el primer cantante latinoamericano en dar un recital en el Felt Forum del Madison Square Garden de la ciudad de Nueva York, que ese d\u00eda colm\u00f3 de fans del artista argentino. El canal 9 transmiti\u00f3 el show en vivo. Fue la primera transmisi\u00f3n realizada v\u00eda sat\u00e9lite para la televisi\u00f3n argentina.<\/li>\n<\/ul>\n<ul>\n<li><b>1972 &#8211; MARDI GRAS<\/b>. La banda estadounidense de rock Creedence Clearwater Revival lanza en 1972 su s\u00e9ptimo \u00e1lbum, Mardi Gras, que contiene diez temas. Fue el \u00faltimo disco de la legendaria banda liderada por los hermanos John y Tom Fogerty.<\/li>\n<\/ul>\n<ul>\n<li><b>2001 &#8211; MAYOR GOLEADA<\/b>. En las eliminatorias de Ocean\u00eda para el Mundial de Corea-Jap\u00f3n 2002, la selecci\u00f3n de Australia derrota a la de Samoa Americana por 31 a 0, m\u00e1xima goleada de la historia del f\u00fatbol.<\/li>\n<\/ul>\n<ul>\n<li><b>2021 &#8211; FALLECE MAURO VIALE.<\/b>\u00a0A la edad de 73 a\u00f1os muere en Buenos Aires el periodista, relator deportivo y conductor de radio y televisi\u00f3n Mauro Viale (Mauricio Goldfarb), quien desarroll\u00f3 una exitosa carrera medi\u00e1tica de casi cinco d\u00e9cadas.<\/li>\n<\/ul>\n<ul>\n<li><b>2025 &#8211; MAL DE PARKINSON<\/b>. Se celebra el D\u00eda Mundial del Mal de Parkinson, instituido en 1997 por la Organizaci\u00f3n Mundial de la Salud en coincidencia con el natalicio del m\u00e9dico y soci\u00f3logo brit\u00e1nico James Parkinson, quien en 1817 describi\u00f3 la \u201cpar\u00e1lisis cerebral agitante\u201d, la enfermedad que lleva su nombre.<\/li>\n<\/ul>\n<\/div>\n<\/article>\n<\/div>\n<\/div>\n<\/div>\n","protected":false},"excerpt":{"rendered":"<p>Esta es la Efem\u00e9rides del Deporte en el Chaco de un 11 de abril del periodista Luis Dar\u00edo Molodezky. 1923\u00a0\/ En la casa de Antonio Alemis, D\u00f3novan 251, se funda una de las instituciones l\u00edderes de nuestro deporte: Hind\u00fa Club. Su nombre se debi\u00f3 a algunos dirigentes que propusieron la misma denominaci\u00f3n de la entidad &hellip;<\/p>\n","protected":false},"author":2,"featured_media":17969,"comment_status":"open","ping_status":"open","sticky":false,"template":"","format":"standard","meta":{"footnotes":""},"categories":[34,45],"tags":[],"class_list":["post-17965","post","type-post","status-publish","format-standard","has-post-thumbnail","hentry","category-abril","category-efemerides-dia-por-dia"],"_links":{"self":[{"href":"https:\/\/www.sportchaco.com.ar\/index.php?rest_route=\/wp\/v2\/posts\/17965","targetHints":{"allow":["GET"]}}],"collection":[{"href":"https:\/\/www.sportchaco.com.ar\/index.php?rest_route=\/wp\/v2\/posts"}],"about":[{"href":"https:\/\/www.sportchaco.com.ar\/index.php?rest_route=\/wp\/v2\/types\/post"}],"author":[{"embeddable":true,"href":"https:\/\/www.sportchaco.com.ar\/index.php?rest_route=\/wp\/v2\/users\/2"}],"replies":[{"embeddable":true,"href":"https:\/\/www.sportchaco.com.ar\/index.php?rest_route=%2Fwp%2Fv2%2Fcomments&post=17965"}],"version-history":[{"count":5,"href":"https:\/\/www.sportchaco.com.ar\/index.php?rest_route=\/wp\/v2\/posts\/17965\/revisions"}],"predecessor-version":[{"id":17989,"href":"https:\/\/www.sportchaco.com.ar\/index.php?rest_route=\/wp\/v2\/posts\/17965\/revisions\/17989"}],"wp:featuredmedia":[{"embeddable":true,"href":"https:\/\/www.sportchaco.com.ar\/index.php?rest_route=\/wp\/v2\/media\/17969"}],"wp:attachment":[{"href":"https:\/\/www.sportchaco.com.ar\/index.php?rest_route=%2Fwp%2Fv2%2Fmedia&parent=17965"}],"wp:term":[{"taxonomy":"category","embeddable":true,"href":"https:\/\/www.sportchaco.com.ar\/index.php?rest_route=%2Fwp%2Fv2%2Fcategories&post=17965"},{"taxonomy":"post_tag","embeddable":true,"href":"https:\/\/www.sportchaco.com.ar\/index.php?rest_route=%2Fwp%2Fv2%2Ftags&post=17965"}],"curies":[{"name":"wp","href":"https:\/\/api.w.org\/{rel}","templated":true}]}}