{"id":17980,"date":"2025-04-10T19:03:53","date_gmt":"2025-04-10T22:03:53","guid":{"rendered":"https:\/\/www.sportchaco.com.ar\/?p=17980"},"modified":"2025-04-10T19:03:53","modified_gmt":"2025-04-10T22:03:53","slug":"ciro-villalba-se-quedo-con-la-copa-de-verano","status":"publish","type":"post","link":"https:\/\/www.sportchaco.com.ar\/?p=17980","title":{"rendered":"Ciro Villalba se qued\u00f3 con la Copa de Verano"},"content":{"rendered":"<p><strong>10-04-2025<\/strong><\/p>\n<p><img loading=\"lazy\" decoding=\"async\" class=\"aligncenter wp-image-17777 size-full\" src=\"https:\/\/www.sportchaco.com.ar\/wp-content\/uploads\/2025\/04\/320x50.gif\" alt=\"\" width=\"667\" height=\"105\" \/><\/p>\n<p>El exponente de nuestra provincia que se viene abriendo camino, el a\u00f1o pasado se adjudic\u00f3 el campeonato chaque\u00f1o de karting y comenz\u00f3 esta temporada de mejor manera con esta nueva copa y tres \u00e9xitos al hilo que lo perfilan para ser protagonista.<\/p>\n<p>El calendario de esta disciplina es m\u00e1s que exigente por la existencia de numerosos tantos en la regi\u00f3n. Tiene previsto competir el fin de semana venidero en la provincia Formosa, escenario emblem\u00e1tico de un certamen muy competitivo en los \u00faltimos a\u00f1os, adem\u00e1s del Chaque\u00f1o iniciado el fin de semana en Santa Sylvina, donde no pudo estar presente por coincidir la fecha con el santafesino. De todas maneras, el chaque\u00f1o Ciro Villalba y el equipo tiene previsto estar presente en la segunda fecha programada en S\u00e1enz Pe\u00f1a.<\/p>\n<p>Si bien, da pelea en todos los frentes, en estos tiempos la prioridad de Ciro Villalba es el certamen santafesino por considerarlo de alto nivel y por tener en pista a pilotos que son hijos de excorredores y de actuales que forman parte de la nueva generaci\u00f3n.<\/p>\n<p><em><strong>Fuente: Diario NORTE<\/strong><\/em><\/p>\n<p><img loading=\"lazy\" decoding=\"async\" class=\"aligncenter wp-image-17776 size-large\" src=\"https:\/\/www.sportchaco.com.ar\/wp-content\/uploads\/2025\/04\/300x600-2-512x1024.gif\" alt=\"\" width=\"512\" height=\"1024\" srcset=\"https:\/\/www.sportchaco.com.ar\/wp-content\/uploads\/2025\/04\/300x600-2-512x1024.gif 512w, https:\/\/www.sportchaco.com.ar\/wp-content\/uploads\/2025\/04\/300x600-2-150x300.gif 150w\" sizes=\"auto, (max-width: 512px) 100vw, 512px\" \/><\/p>\n","protected":false},"excerpt":{"rendered":"<p>10-04-2025 El exponente de nuestra provincia que se viene abriendo camino, el a\u00f1o pasado se adjudic\u00f3 el campeonato chaque\u00f1o de karting y comenz\u00f3 esta temporada de mejor manera con esta nueva copa y tres \u00e9xitos al hilo que lo perfilan para ser protagonista. El calendario de esta disciplina es m\u00e1s que exigente por la existencia &hellip;<\/p>\n","protected":false},"author":3,"featured_media":17981,"comment_status":"open","ping_status":"open","sticky":false,"template":"","format":"standard","meta":{"footnotes":""},"categories":[60],"tags":[],"class_list":["post-17980","post","type-post","status-publish","format-standard","has-post-thumbnail","hentry","category-karting"],"_links":{"self":[{"href":"https:\/\/www.sportchaco.com.ar\/index.php?rest_route=\/wp\/v2\/posts\/17980","targetHints":{"allow":["GET"]}}],"collection":[{"href":"https:\/\/www.sportchaco.com.ar\/index.php?rest_route=\/wp\/v2\/posts"}],"about":[{"href":"https:\/\/www.sportchaco.com.ar\/index.php?rest_route=\/wp\/v2\/types\/post"}],"author":[{"embeddable":true,"href":"https:\/\/www.sportchaco.com.ar\/index.php?rest_route=\/wp\/v2\/users\/3"}],"replies":[{"embeddable":true,"href":"https:\/\/www.sportchaco.com.ar\/index.php?rest_route=%2Fwp%2Fv2%2Fcomments&post=17980"}],"version-history":[{"count":1,"href":"https:\/\/www.sportchaco.com.ar\/index.php?rest_route=\/wp\/v2\/posts\/17980\/revisions"}],"predecessor-version":[{"id":17982,"href":"https:\/\/www.sportchaco.com.ar\/index.php?rest_route=\/wp\/v2\/posts\/17980\/revisions\/17982"}],"wp:featuredmedia":[{"embeddable":true,"href":"https:\/\/www.sportchaco.com.ar\/index.php?rest_route=\/wp\/v2\/media\/17981"}],"wp:attachment":[{"href":"https:\/\/www.sportchaco.com.ar\/index.php?rest_route=%2Fwp%2Fv2%2Fmedia&parent=17980"}],"wp:term":[{"taxonomy":"category","embeddable":true,"href":"https:\/\/www.sportchaco.com.ar\/index.php?rest_route=%2Fwp%2Fv2%2Fcategories&post=17980"},{"taxonomy":"post_tag","embeddable":true,"href":"https:\/\/www.sportchaco.com.ar\/index.php?rest_route=%2Fwp%2Fv2%2Ftags&post=17980"}],"curies":[{"name":"wp","href":"https:\/\/api.w.org\/{rel}","templated":true}]}}