{"id":18001,"date":"2025-04-11T23:00:01","date_gmt":"2025-04-12T02:00:01","guid":{"rendered":"https:\/\/www.sportchaco.com.ar\/?p=18001"},"modified":"2025-04-11T23:16:43","modified_gmt":"2025-04-12T02:16:43","slug":"efemerides-del-12-de-abril-2","status":"publish","type":"post","link":"https:\/\/www.sportchaco.com.ar\/?p=18001","title":{"rendered":"Efem\u00e9rides del 12 de abril"},"content":{"rendered":"<div class=\"container fullwidth-entry-title-wrapper\">\n<div class=\"container-wrapper fullwidth-entry-title\">\n<header class=\"entry-header-outer\">\n<div class=\"entry-header\">\n<h1 class=\"post-title entry-title\"><\/h1>\n<\/div>\n<\/header>\n<\/div>\n<\/div>\n<div id=\"content\" class=\"site-content container\">\n<div id=\"main-content-row\" class=\"tie-row main-content-row\">\n<div class=\"main-content tie-col-md-8 tie-col-xs-12\" role=\"main\">\n<article id=\"the-post\" class=\"container-wrapper post-content tie-standard\">\n<div class=\"featured-area\">\n<div class=\"featured-area-inner\"><\/div>\n<\/div>\n<div class=\"entry-content entry clearfix\">\n<p><strong>Estas son las Efem\u00e9rides del Deporte en el Chaco de un 12 de abril del periodista Luis Dar\u00edo Molodezky.<\/strong><\/p>\n<p><img loading=\"lazy\" decoding=\"async\" class=\"alignnone size-medium wp-image-17892 aligncenter\" src=\"https:\/\/www.sportchaco.com.ar\/wp-content\/uploads\/2025\/04\/Luis-2025-marzo-3-300x229.jpg\" alt=\"\" width=\"300\" height=\"229\" srcset=\"https:\/\/www.sportchaco.com.ar\/wp-content\/uploads\/2025\/04\/Luis-2025-marzo-3-300x229.jpg 300w, https:\/\/www.sportchaco.com.ar\/wp-content\/uploads\/2025\/04\/Luis-2025-marzo-3.jpg 715w\" sizes=\"auto, (max-width: 300px) 100vw, 300px\" \/><\/p>\n<p><strong>1958\u00a0<\/strong>\/ Nace en Campo Largo, Omar Palma, quien<br \/>\ntuvo una dilatada campa\u00f1a en Rosario Central, donde logr\u00f3 tres<br \/>\nt\u00edtulos. Tuvo un paso por River Plate. Jug\u00f3 hasta los 40 a\u00f1os. Falleci\u00f3 el <span class=\"LrzXr kno-fv wHYlTd z8gr9e\">8 de octubre de 2024.<\/span><\/p>\n<p><strong>1980\u00a0<\/strong>\/ Domingo D\u2019El\u00eda aparece cuarto en el ranking<br \/>\nde la AMB (mejor posici\u00f3n de su carrera), donde reina entre<br \/>\nlos pesados Mike Weaver.<\/p>\n<p><strong>1983\u00a0<\/strong>\/ Ante la renuncia del presidente de la Confederaci\u00f3n<br \/>\nArgentina de B\u00e1squetbol, comandante de Gendarmer\u00eda<br \/>\nGerardo Passenheim, del secretario y tesorero, el dirigente<br \/>\nchaque\u00f1o Hern\u00e1n Piccilli qued\u00f3 como presidente de la CABB.<\/p>\n<p><strong>1997<\/strong>\u00a0\/ Javier Osvaldo Alvarez se consagra campe\u00f3n liviano en el Torneo Selectivo Nacional Fase 1 hasta 60 kg. Tambi\u00e9n representaron al Chaco Ram\u00f3n L\u00f3pez, Jorge Orellano, Ram\u00f3n Alarc\u00f3n, Jos\u00e9 Quintana, Ra\u00fal Bejarano, Juan Liva y Fabi\u00e1n Penayo.<\/p>\n<p><strong><em>Foto: Omar Palma en Rosario Central.<\/em><\/strong><\/p>\n<\/div>\n<p><img loading=\"lazy\" decoding=\"async\" class=\"alignnone size-medium wp-image-17900 aligncenter\" src=\"https:\/\/www.sportchaco.com.ar\/wp-content\/uploads\/2025\/04\/BANNER-WEB-Qdenga-250x250-1-300x300.gif\" alt=\"\" width=\"300\" height=\"300\" srcset=\"https:\/\/www.sportchaco.com.ar\/wp-content\/uploads\/2025\/04\/BANNER-WEB-Qdenga-250x250-1-300x300.gif 300w, https:\/\/www.sportchaco.com.ar\/wp-content\/uploads\/2025\/04\/BANNER-WEB-Qdenga-250x250-1-150x150.gif 150w\" sizes=\"auto, (max-width: 300px) 100vw, 300px\" \/><\/p>\n<\/article>\n<\/div>\n<\/div>\n<\/div>\n","protected":false},"excerpt":{"rendered":"<p>Estas son las Efem\u00e9rides del Deporte en el Chaco de un 12 de abril del periodista Luis Dar\u00edo Molodezky. 1958\u00a0\/ Nace en Campo Largo, Omar Palma, quien tuvo una dilatada campa\u00f1a en Rosario Central, donde logr\u00f3 tres t\u00edtulos. Tuvo un paso por River Plate. Jug\u00f3 hasta los 40 a\u00f1os. Falleci\u00f3 el 8 de octubre de &hellip;<\/p>\n","protected":false},"author":2,"featured_media":18003,"comment_status":"open","ping_status":"open","sticky":false,"template":"","format":"standard","meta":{"footnotes":""},"categories":[34,45],"tags":[],"class_list":["post-18001","post","type-post","status-publish","format-standard","has-post-thumbnail","hentry","category-abril","category-efemerides-dia-por-dia"],"_links":{"self":[{"href":"https:\/\/www.sportchaco.com.ar\/index.php?rest_route=\/wp\/v2\/posts\/18001","targetHints":{"allow":["GET"]}}],"collection":[{"href":"https:\/\/www.sportchaco.com.ar\/index.php?rest_route=\/wp\/v2\/posts"}],"about":[{"href":"https:\/\/www.sportchaco.com.ar\/index.php?rest_route=\/wp\/v2\/types\/post"}],"author":[{"embeddable":true,"href":"https:\/\/www.sportchaco.com.ar\/index.php?rest_route=\/wp\/v2\/users\/2"}],"replies":[{"embeddable":true,"href":"https:\/\/www.sportchaco.com.ar\/index.php?rest_route=%2Fwp%2Fv2%2Fcomments&post=18001"}],"version-history":[{"count":5,"href":"https:\/\/www.sportchaco.com.ar\/index.php?rest_route=\/wp\/v2\/posts\/18001\/revisions"}],"predecessor-version":[{"id":18007,"href":"https:\/\/www.sportchaco.com.ar\/index.php?rest_route=\/wp\/v2\/posts\/18001\/revisions\/18007"}],"wp:featuredmedia":[{"embeddable":true,"href":"https:\/\/www.sportchaco.com.ar\/index.php?rest_route=\/wp\/v2\/media\/18003"}],"wp:attachment":[{"href":"https:\/\/www.sportchaco.com.ar\/index.php?rest_route=%2Fwp%2Fv2%2Fmedia&parent=18001"}],"wp:term":[{"taxonomy":"category","embeddable":true,"href":"https:\/\/www.sportchaco.com.ar\/index.php?rest_route=%2Fwp%2Fv2%2Fcategories&post=18001"},{"taxonomy":"post_tag","embeddable":true,"href":"https:\/\/www.sportchaco.com.ar\/index.php?rest_route=%2Fwp%2Fv2%2Ftags&post=18001"}],"curies":[{"name":"wp","href":"https:\/\/api.w.org\/{rel}","templated":true}]}}