{"id":18078,"date":"2025-04-13T23:00:54","date_gmt":"2025-04-14T02:00:54","guid":{"rendered":"https:\/\/www.sportchaco.com.ar\/?p=18078"},"modified":"2025-04-14T09:36:04","modified_gmt":"2025-04-14T12:36:04","slug":"efemerides-del-14-de-abril-2","status":"publish","type":"post","link":"https:\/\/www.sportchaco.com.ar\/?p=18078","title":{"rendered":"Efem\u00e9rides del 14 de abril"},"content":{"rendered":"<div class=\"container fullwidth-entry-title-wrapper\">\n<div class=\"container-wrapper fullwidth-entry-title\">\n<header class=\"entry-header-outer\">\n<div class=\"entry-header\"><\/div>\n<\/header>\n<\/div>\n<\/div>\n<div id=\"content\" class=\"site-content container\">\n<div id=\"main-content-row\" class=\"tie-row main-content-row\">\n<div class=\"main-content tie-col-md-8 tie-col-xs-12\" role=\"main\">\n<article id=\"the-post\" class=\"container-wrapper post-content tie-standard\">\n<div class=\"featured-area\">\n<div class=\"featured-area-inner\"><\/div>\n<\/div>\n<div class=\"entry-content entry clearfix\">\n<h4><strong>Estas son las Efem\u00e9rides del Deporte en el Chaco de un 14 de abril del periodista Luis Dar\u00edo Molodezky.<\/strong><\/h4>\n<\/div>\n<p>&nbsp;<\/p>\n<p><img loading=\"lazy\" decoding=\"async\" class=\"size-medium wp-image-17892 aligncenter\" src=\"https:\/\/www.sportchaco.com.ar\/wp-content\/uploads\/2025\/04\/Luis-2025-marzo-3-300x229.jpg\" alt=\"\" width=\"300\" height=\"229\" srcset=\"https:\/\/www.sportchaco.com.ar\/wp-content\/uploads\/2025\/04\/Luis-2025-marzo-3-300x229.jpg 300w, https:\/\/www.sportchaco.com.ar\/wp-content\/uploads\/2025\/04\/Luis-2025-marzo-3.jpg 715w\" sizes=\"auto, (max-width: 300px) 100vw, 300px\" \/><\/p>\n<p>&nbsp;<\/p>\n<div class=\"entry-content entry clearfix\">\n<p><strong>1916\u00a0<\/strong>\/ Nace la revista mensual Albores, editada<br \/>\npor alumnos de la Escuela Normal \u201cSarmiento\u201d. El objetivo era<br \/>\ncrear nuevos canales de expresi\u00f3n cultural. Tambi\u00e9n incluy\u00f3 informaciones<br \/>\nsobre sucesos de inter\u00e9s general, cuentos, reflexiones, poes\u00edas<br \/>\ny an\u00e9cdotas y donde el deporte tambi\u00e9n tuvo cabida.<\/p>\n<p><strong>1924\u00a0<\/strong>\/ Se funda la Liga Saenzpe\u00f1ense de F\u00fatbol, la<br \/>\nsegunda en importancia del Chaco, tiene una rica historia social y<br \/>\ndeportiva. El primer presidente fue el doctor Cabezas, un prestigioso<br \/>\nodont\u00f3logo del medio que adem\u00e1s figura entre los fundadores<br \/>\ndel Aero Club S\u00e1enz Pe\u00f1a, con una intensa actividad social.<\/p>\n<p><strong>1936\u00a0<\/strong>\/ Se funda el Club V\u00e9lez Sarsfield de Tres<br \/>\nIsletas. Sus impulsores fueron Camilo Haiquel, Jos\u00e9 Luis Rodr\u00edguez<br \/>\ny Braulio Correa, que viv\u00edan en la colonia del mismo nombre.<br \/>\nGabriel Haiquel fue su primer presidente.<\/p>\n<p><strong>1957\u00a0<\/strong>\/ Finaliza la construcci\u00f3n del muro sobre la<br \/>\navenida 9 de Julio del nuevo estadio de For Ever, que hab\u00eda comenzado<br \/>\nel 11 de diciembre de 1956. Luego siguieron los muros laterales.<br \/>\nLos hinchas aportaron lo suyo. A fines de 1956 por obra e idea<br \/>\ndel socio Juan Carlos Cabrera, comenz\u00f3 la campa\u00f1a de los 100 mil<br \/>\nladrillos, que tuvo un notable \u00e9xito.<\/p>\n<p><strong>1980\u00a0<\/strong>\/ Cooperativista de Las Bre\u00f1as se consagra<br \/>\ncampe\u00f3n del torneo Preparaci\u00f3n de la Asociaci\u00f3n del Sudoeste<br \/>\nChaque\u00f1o, al vencer en el cotejo final a Asociaci\u00f3n Espa\u00f1ola de<br \/>\nCharata 85 a 57. El equipo dirigido por Am\u00e9rico Pimienta tuvo<br \/>\nestos jugadores: Jorge Maluk, Dante Romero, Luis Maluk, Hugo<br \/>\nMorales, Eduardo Brataczuk, Omar Dopslaff, Juan Schenduy,<br \/>\nFabi\u00e1n Sosa, Enrique Lorenzo y Domingo \u00c1lvarez.<\/p>\n<p><strong>1985\u00a0<\/strong>\/ Hilda In\u00e9s Acu\u00f1a, en cadetes hasta 48 kilogramos<br \/>\nse consagra campeona argentina de judo, durante el Argentino<br \/>\nque se desarrolla en Resistencia. Acu\u00f1a pertenece a Hind\u00fa<br \/>\nClub y es alumna de Julio Kodama.<\/p>\n<p><strong>2006\u00a0<\/strong>\/ A los 62 a\u00f1os fallece Mario Longhi, piloto<br \/>\nde automovilismo en la d\u00e9cada de 60 y principios del 70, fue protagonista<br \/>\nen los campeonatos organizados por la entonces Regional<br \/>\n7 a bordo de un Valiant. Registra en su haber el triunfo en la primera etapa<br \/>\nde la Vuelta del Algod\u00f3n entre Vuelta Clorinda, General San Mart\u00edn, Charata y S\u00e1enz Pe\u00f1a. Esa competencia fue ganada finalmente por C\u00e1ndido Dionisi.<\/p>\n<p><strong>2006\u00a0<\/strong>\/ Centro Cultural de Santa Sylvina da la nota<br \/>\nen el Campeonato Provincial de B\u00e1squetbol al consagrarse campe\u00f3n<br \/>\nde la edici\u00f3n del 2006, al imponerse en el Top 4 disputado en<br \/>\nVilla \u00c1ngela. Segundo fue Regatas, tercero Don Bosco y cuarto el<br \/>\nlocal Alvear. Jug\u00f3 19 partidos. Gan\u00f3 12 y perdi\u00f3 7. Tuvo al goleador<br \/>\ndel torneo Marcelo Pl\u00e1ceres. Tambi\u00e9n integraron el plantel Fabio Vi\u00f1eta,<br \/>\nJuli\u00e1n Tejedor, Jos\u00e9 Luis Yapur y Diego Correa, Leandro<br \/>\nFerraro y Aldo St\u00e1cul, Ariel Ram\u00edrez, Videla y Carrocino. DT:Hugo Vega.<\/p>\n<\/div>\n<p><strong>2021 \/<\/strong> .Fallece en Presidencia Roque S\u00e1enz Pe\u00f1a, a los 58 a\u00f1os, Jorge Cuellar, veterano de la guerra de Malvinas. Su deceso se produjo en una cl\u00ednica privada tras estar internado por complicaciones luego de contraer Covid-19.\u00a0 El veterano prest\u00f3 servicios como soldado conscripto clase 1962 en el Regimiento de Infanter\u00eda 5 de Paso de los Libres, Corrientes. Desde all\u00ed, fue convocado y destinado al conflicto b\u00e9lico en 1982. Regres\u00f3 con vida y fue integrado a los Centros de Veteranos, lugar donde tuvo una activa participaci\u00f3n en el deporte, especialmente en el f\u00fatbol saenzpe\u00f1ense. Particip\u00f3 en las Olimp\u00edadas para veteranos de Malvinas y en 2019 logr\u00f3 salir campe\u00f3n en Bah\u00eda Blanca, junto a un equipo de f\u00fatbol de la ciudad de Resistencia. Fue ayudante de campo en el Club Aprendices Chaque\u00f1os y estaba participando en la Liga de Veteranos de F\u00fatbol con un equipo de excombatientes, tambi\u00e9n en la categor\u00eda m\u00e1ster de Forrajer\u00eda El Relincho.<\/p>\n<div class=\"entry-content entry clearfix\">\n<p><strong>Foto:<\/strong>\u00a0<em>Sede<\/em>\u00a0<em>Liga Saenzpe\u00f1ense de F\u00fatbol.<\/em><\/p>\n<\/div>\n<p><img loading=\"lazy\" decoding=\"async\" class=\"alignnone size-medium wp-image-17900\" src=\"https:\/\/www.sportchaco.com.ar\/wp-content\/uploads\/2025\/04\/BANNER-WEB-Qdenga-250x250-1-300x300.gif\" alt=\"\" width=\"300\" height=\"300\" srcset=\"https:\/\/www.sportchaco.com.ar\/wp-content\/uploads\/2025\/04\/BANNER-WEB-Qdenga-250x250-1-300x300.gif 300w, https:\/\/www.sportchaco.com.ar\/wp-content\/uploads\/2025\/04\/BANNER-WEB-Qdenga-250x250-1-150x150.gif 150w\" sizes=\"auto, (max-width: 300px) 100vw, 300px\" \/> <img loading=\"lazy\" decoding=\"async\" class=\"alignnone size-medium wp-image-17904\" src=\"https:\/\/www.sportchaco.com.ar\/wp-content\/uploads\/2025\/04\/Chaco-sin-fuego-300x600-3-150x300.gif\" alt=\"\" width=\"150\" height=\"300\" srcset=\"https:\/\/www.sportchaco.com.ar\/wp-content\/uploads\/2025\/04\/Chaco-sin-fuego-300x600-3-150x300.gif 150w, https:\/\/www.sportchaco.com.ar\/wp-content\/uploads\/2025\/04\/Chaco-sin-fuego-300x600-3-512x1024.gif 512w\" sizes=\"auto, (max-width: 150px) 100vw, 150px\" \/><\/p>\n<\/article>\n<\/div>\n<\/div>\n<\/div>\n","protected":false},"excerpt":{"rendered":"<p>Estas son las Efem\u00e9rides del Deporte en el Chaco de un 14 de abril del periodista Luis Dar\u00edo Molodezky. &nbsp; &nbsp; 1916\u00a0\/ Nace la revista mensual Albores, editada por alumnos de la Escuela Normal \u201cSarmiento\u201d. El objetivo era crear nuevos canales de expresi\u00f3n cultural. Tambi\u00e9n incluy\u00f3 informaciones sobre sucesos de inter\u00e9s general, cuentos, reflexiones, poes\u00edas &hellip;<\/p>\n","protected":false},"author":2,"featured_media":18079,"comment_status":"open","ping_status":"open","sticky":false,"template":"","format":"standard","meta":{"footnotes":""},"categories":[34,45],"tags":[],"class_list":["post-18078","post","type-post","status-publish","format-standard","has-post-thumbnail","hentry","category-abril","category-efemerides-dia-por-dia"],"_links":{"self":[{"href":"https:\/\/www.sportchaco.com.ar\/index.php?rest_route=\/wp\/v2\/posts\/18078","targetHints":{"allow":["GET"]}}],"collection":[{"href":"https:\/\/www.sportchaco.com.ar\/index.php?rest_route=\/wp\/v2\/posts"}],"about":[{"href":"https:\/\/www.sportchaco.com.ar\/index.php?rest_route=\/wp\/v2\/types\/post"}],"author":[{"embeddable":true,"href":"https:\/\/www.sportchaco.com.ar\/index.php?rest_route=\/wp\/v2\/users\/2"}],"replies":[{"embeddable":true,"href":"https:\/\/www.sportchaco.com.ar\/index.php?rest_route=%2Fwp%2Fv2%2Fcomments&post=18078"}],"version-history":[{"count":6,"href":"https:\/\/www.sportchaco.com.ar\/index.php?rest_route=\/wp\/v2\/posts\/18078\/revisions"}],"predecessor-version":[{"id":18094,"href":"https:\/\/www.sportchaco.com.ar\/index.php?rest_route=\/wp\/v2\/posts\/18078\/revisions\/18094"}],"wp:featuredmedia":[{"embeddable":true,"href":"https:\/\/www.sportchaco.com.ar\/index.php?rest_route=\/wp\/v2\/media\/18079"}],"wp:attachment":[{"href":"https:\/\/www.sportchaco.com.ar\/index.php?rest_route=%2Fwp%2Fv2%2Fmedia&parent=18078"}],"wp:term":[{"taxonomy":"category","embeddable":true,"href":"https:\/\/www.sportchaco.com.ar\/index.php?rest_route=%2Fwp%2Fv2%2Fcategories&post=18078"},{"taxonomy":"post_tag","embeddable":true,"href":"https:\/\/www.sportchaco.com.ar\/index.php?rest_route=%2Fwp%2Fv2%2Ftags&post=18078"}],"curies":[{"name":"wp","href":"https:\/\/api.w.org\/{rel}","templated":true}]}}