{"id":18098,"date":"2025-04-14T11:32:04","date_gmt":"2025-04-14T14:32:04","guid":{"rendered":"https:\/\/www.sportchaco.com.ar\/?p=18098"},"modified":"2025-04-14T11:42:41","modified_gmt":"2025-04-14T14:42:41","slug":"fin-de-ciclo-el-kily-gonzalez-se-va-de-union","status":"publish","type":"post","link":"https:\/\/www.sportchaco.com.ar\/?p=18098","title":{"rendered":"Fin de ciclo: el Kily Gonz\u00e1lez se va de Uni\u00f3n"},"content":{"rendered":"<div id=\"tdi_61\" class=\"tdc-row stretch_row_1200 td-stretch-content\">\n<div class=\"vc_row tdi_62 wpb_row td-pb-row\">\n<div class=\"vc_column tdi_64 wpb_column vc_column_container tdc-column td-pb-span12\">\n<div class=\"wpb_wrapper\">\n<div class=\"td_block_wrap tdb_title tdi_65 tdb-single-title td-pb-border-top td_block_template_1\" data-td-block-uid=\"tdi_65\">\n<div class=\"tdb-block-inner td-fix-index\">\n<h1 class=\"tdb-title-text\"><\/h1>\n<div><\/div>\n<\/div>\n<\/div>\n<div class=\"vc_row_inner tdi_68 vc_row vc_inner wpb_row td-pb-row\">\n<div class=\"vc_column_inner tdi_70 wpb_column vc_column_container tdc-inner-column td-pb-span12\">\n<div class=\"vc_column-inner\">\n<div class=\"wpb_wrapper\">\n<div class=\"td_block_wrap tdb_single_categories tdi_71 td-pb-border-top td_block_template_1 \" data-td-block-uid=\"tdi_71\"><\/div>\n<div class=\"td_block_wrap tdb_single_date tdi_72 td-pb-border-top td_block_template_1 tdb-post-meta\" data-td-block-uid=\"tdi_72\">\n<div class=\"tdb-block-inner td-fix-index\"><time class=\"entry-date updated td-module-date\" datetime=\"2025-04-14T11:24:49-03:00\">14 abril, 2025<\/time><\/div>\n<\/div>\n<div class=\"tdm_block td_block_wrap tdm_block_icon tdi_73 tdm-content-horiz-left td-pb-border-top td_block_template_1\" data-td-block-uid=\"tdi_73\"><\/div>\n<\/div>\n<\/div>\n<\/div>\n<\/div>\n<div class=\"vc_row_inner tdi_76 vc_row vc_inner wpb_row td-pb-row tdc-row-content-vert-center\">\n<div class=\"vc_column_inner tdi_78 wpb_column vc_column_container tdc-inner-column td-pb-span12\">\n<div class=\"vc_column-inner\">\n<div class=\"wpb_wrapper\">\n<div class=\"td_block_wrap tdb_single_post_share tdi_79 td-pb-border-top td_block_template_1\" data-td-block-uid=\"tdi_79\"><\/div>\n<\/div>\n<\/div>\n<\/div>\n<\/div>\n<\/div>\n<\/div>\n<\/div>\n<\/div>\n<div id=\"tdi_80\" class=\"tdc-row\">\n<div class=\"vc_row tdi_81 wpb_row td-pb-row\">\n<div class=\"vc_column tdi_83 wpb_column vc_column_container tdc-column td-pb-span8\">\n<div class=\"wpb_wrapper\">\n<div class=\"clearfix\"><\/div>\n<div class=\"td_block_wrap tdb_single_featured_image tdi_84 tdb-content-horiz-left td-pb-border-top td_block_template_1\" data-td-block-uid=\"tdi_84\"><\/div>\n<div class=\"td_block_wrap tdb_single_content tdi_85 td-pb-border-top td_block_template_1 td-post-content tagdiv-type\" data-td-block-uid=\"tdi_85\">\n<div class=\"tdb-block-inner td-fix-index\">\n<p>&nbsp;<\/p>\n<h4><strong>Cristian Gonz\u00e1lez deja de ser el entrenador de Uni\u00f3n. Justo antes de la antesala del partido ante Defensa y Justicia, de este lunes por el torneo Apertura, el club anunci\u00f3 oficialmente que\u00a0el Kily dirige el encuentro y deja su cargo.<\/strong><\/h4>\n<p>Los motivos centrales de la desvinculaci\u00f3n son variados: desde los flojos resultados durante este 2025 a los roces con la dirigencia por la llegada de refuerzos en distintos mercados de pases hasta, para nada menor, cierta tensi\u00f3n con el plantel, exteriorizada por el entrenador con sus declaraciones post ca\u00edda con Palestino, la semana pasada por la Copa Sudamericana.<\/p>\n<p>\u201cEl \u00faltimo error garrafal maquilla el resultado para peor. Sab\u00edamos c\u00f3mo iban a jugar y el primer gol vino de una forma que intuimos y cometimos el error. Sab\u00edamos c\u00f3mo pod\u00eda darse y no supimos interpretarlo. No podemos entrar de esta manera. No saber interpretar lo que era muy claro.\u00a0<strong>Es una situaci\u00f3n que me molesta y me preocupa<\/strong>\u201c, dijo luego de perder en Chile, fiel a su visceral estilo.<\/p>\n<p>Y fue m\u00e1s all\u00e1: \u201cLos jugadores son quienes asumen el desaf\u00edo y la responsabilidad. Nosotros les damos las herramientas, pero no podemos hacer m\u00e1s. Cuando ganan, lo hacen los jugadores y en las derrotas fallan los t\u00e9cnicos. Eso lo tengo claro.\u00a0<strong>Hablamos mucho y cuesta<\/strong>\u201c.<\/p>\n<p>Frases concluyentes y terminales, finalmente.\u00a0<strong>Frases que revelaron una situaci\u00f3n de fin de ciclo<\/strong>, que se anunci\u00f3 este lunes por la ma\u00f1ana, en la previa del duelo ante Defensa y Justicia por la fecha 13 del Apertura, torneo en el que Uni\u00f3n tiene 11 puntos en 12 fechas y tiene muy complicada su clasificaci\u00f3n a octavos de final (est\u00e1 a seis puntos de Independiente Rivadavia, el \u00faltimo clasificado en su grupo).<\/p>\n<p>Adem\u00e1s, el equipo est\u00e1 tercero en su zona de la Sudamericana (a tres puntos del l\u00edder Mushuc Runa de Ecuador), donde logr\u00f3 la mejor victoria del a\u00f1o: aquel 1-0 a Cruzeiro con el ag\u00f3nico gol de Diego Armando D\u00edaz. Y pas\u00f3 a 16avos de final de la Copa Argentina, tras el 3-1 a Colegiales (su pr\u00f3ximo rival ser\u00e1 Rosario Central).<\/p>\n<h2><strong>De mayor a menor<\/strong><\/h2>\n<p>El Kily lleg\u00f3 al Tatengue en junio del 2023: a fines de ese a\u00f1o, asegur\u00f3 la permanencia en primera y un a\u00f1o despu\u00e9s lo clasific\u00f3 a la Sudamericana. En total, fueron 77 partidos en los que logr\u00f3 25 triunfos, 25 empates y padeci\u00f3 27 derrotas.<\/p>\n<p>&nbsp;<\/p>\n<h2><strong>El comunicado de Uni\u00f3n<\/strong><\/h2>\n<p>\u201cEl Club Atl\u00e9tico Uni\u00f3n informa que de com\u00fan acuerdo Cristian Gonz\u00e1lez dejar\u00e1 de ser el entrenador. Esta tarde dirigir\u00e1 su \u00faltimo partido frente a Defensa y Justicia.<\/p>\n<p>Muchas gracias Kily y cuerpo t\u00e9cnico por la pasi\u00f3n y el profesionalismo que le brindaron a nuestra instituci\u00f3n y por los momentos vividos que quedaron marcados en todos los Tatengues. Desde tu llegada el club se vio enriquecido por tu trayectoria nacional e internacional.<\/p>\n<p>El club ya se encuentra abocado a la b\u00fasqueda del nuevo entrenador en pos de las competencias que nos esperan en este 2025\u2033.<\/p>\n<p>El Kily, en\u00e9rgico durante el partido con Palestino. YaHOO EFE\/ Osvaldo Villarroel<\/p>\n<\/div>\n<p><img loading=\"lazy\" decoding=\"async\" class=\"alignnone size-medium wp-image-17986\" src=\"https:\/\/www.sportchaco.com.ar\/wp-content\/uploads\/2025\/04\/BANNER-WEB-IMPULSAR_320x50-300x47.gif\" alt=\"\" width=\"300\" height=\"47\" srcset=\"https:\/\/www.sportchaco.com.ar\/wp-content\/uploads\/2025\/04\/BANNER-WEB-IMPULSAR_320x50-300x47.gif 300w, https:\/\/www.sportchaco.com.ar\/wp-content\/uploads\/2025\/04\/BANNER-WEB-IMPULSAR_320x50-1024x160.gif 1024w, https:\/\/www.sportchaco.com.ar\/wp-content\/uploads\/2025\/04\/BANNER-WEB-IMPULSAR_320x50-768x120.gif 768w\" sizes=\"auto, (max-width: 300px) 100vw, 300px\" \/><img loading=\"lazy\" decoding=\"async\" class=\"alignnone size-medium wp-image-17985\" src=\"https:\/\/www.sportchaco.com.ar\/wp-content\/uploads\/2025\/04\/320x50-1-300x47.gif\" alt=\"\" width=\"300\" height=\"47\" srcset=\"https:\/\/www.sportchaco.com.ar\/wp-content\/uploads\/2025\/04\/320x50-1-300x47.gif 300w, https:\/\/www.sportchaco.com.ar\/wp-content\/uploads\/2025\/04\/320x50-1-1024x160.gif 1024w, https:\/\/www.sportchaco.com.ar\/wp-content\/uploads\/2025\/04\/320x50-1-768x120.gif 768w\" sizes=\"auto, (max-width: 300px) 100vw, 300px\" \/><\/p>\n<\/div>\n<\/div>\n<\/div>\n<\/div>\n<\/div>\n","protected":false},"excerpt":{"rendered":"<p>14 abril, 2025 &nbsp; Cristian Gonz\u00e1lez deja de ser el entrenador de Uni\u00f3n. Justo antes de la antesala del partido ante Defensa y Justicia, de este lunes por el torneo Apertura, el club anunci\u00f3 oficialmente que\u00a0el Kily dirige el encuentro y deja su cargo. Los motivos centrales de la desvinculaci\u00f3n son variados: desde los flojos &hellip;<\/p>\n","protected":false},"author":2,"featured_media":18099,"comment_status":"open","ping_status":"open","sticky":false,"template":"","format":"standard","meta":{"footnotes":""},"categories":[47],"tags":[],"class_list":["post-18098","post","type-post","status-publish","format-standard","has-post-thumbnail","hentry","category-nacionales"],"_links":{"self":[{"href":"https:\/\/www.sportchaco.com.ar\/index.php?rest_route=\/wp\/v2\/posts\/18098","targetHints":{"allow":["GET"]}}],"collection":[{"href":"https:\/\/www.sportchaco.com.ar\/index.php?rest_route=\/wp\/v2\/posts"}],"about":[{"href":"https:\/\/www.sportchaco.com.ar\/index.php?rest_route=\/wp\/v2\/types\/post"}],"author":[{"embeddable":true,"href":"https:\/\/www.sportchaco.com.ar\/index.php?rest_route=\/wp\/v2\/users\/2"}],"replies":[{"embeddable":true,"href":"https:\/\/www.sportchaco.com.ar\/index.php?rest_route=%2Fwp%2Fv2%2Fcomments&post=18098"}],"version-history":[{"count":1,"href":"https:\/\/www.sportchaco.com.ar\/index.php?rest_route=\/wp\/v2\/posts\/18098\/revisions"}],"predecessor-version":[{"id":18100,"href":"https:\/\/www.sportchaco.com.ar\/index.php?rest_route=\/wp\/v2\/posts\/18098\/revisions\/18100"}],"wp:featuredmedia":[{"embeddable":true,"href":"https:\/\/www.sportchaco.com.ar\/index.php?rest_route=\/wp\/v2\/media\/18099"}],"wp:attachment":[{"href":"https:\/\/www.sportchaco.com.ar\/index.php?rest_route=%2Fwp%2Fv2%2Fmedia&parent=18098"}],"wp:term":[{"taxonomy":"category","embeddable":true,"href":"https:\/\/www.sportchaco.com.ar\/index.php?rest_route=%2Fwp%2Fv2%2Fcategories&post=18098"},{"taxonomy":"post_tag","embeddable":true,"href":"https:\/\/www.sportchaco.com.ar\/index.php?rest_route=%2Fwp%2Fv2%2Ftags&post=18098"}],"curies":[{"name":"wp","href":"https:\/\/api.w.org\/{rel}","templated":true}]}}