{"id":18136,"date":"2025-04-15T23:00:36","date_gmt":"2025-04-16T02:00:36","guid":{"rendered":"https:\/\/www.sportchaco.com.ar\/?p=18136"},"modified":"2025-04-15T23:01:31","modified_gmt":"2025-04-16T02:01:31","slug":"efemerides-del-16-de-abril-2","status":"publish","type":"post","link":"https:\/\/www.sportchaco.com.ar\/?p=18136","title":{"rendered":"Efem\u00e9rides del 16 de abril"},"content":{"rendered":"<div class=\"container fullwidth-entry-title-wrapper\">\n<div class=\"container-wrapper fullwidth-entry-title\">\n<header class=\"entry-header-outer\">\n<div class=\"entry-header\">\n<h1 class=\"post-title entry-title\"><\/h1>\n<\/div>\n<\/header>\n<\/div>\n<\/div>\n<div id=\"content\" class=\"site-content container\">\n<div id=\"main-content-row\" class=\"tie-row main-content-row\">\n<div class=\"main-content tie-col-md-8 tie-col-xs-12\" role=\"main\">\n<article id=\"the-post\" class=\"container-wrapper post-content tie-standard\">\n<div class=\"featured-area\">\n<div class=\"featured-area-inner\">\n<h4 class=\"single-featured-image\"><\/h4>\n<\/div>\n<\/div>\n<div class=\"entry-content entry clearfix\">\n<h4><strong>Estas son las Efem\u00e9rides del Deporte en el Chaco de un 16 de abril del periodista Luis Dar\u00edo Molodezky.<\/strong><\/h4>\n<\/div>\n<p><img loading=\"lazy\" decoding=\"async\" class=\"alignnone size-medium wp-image-17892 aligncenter\" src=\"https:\/\/www.sportchaco.com.ar\/wp-content\/uploads\/2025\/04\/Luis-2025-marzo-3-300x229.jpg\" alt=\"\" width=\"300\" height=\"229\" srcset=\"https:\/\/www.sportchaco.com.ar\/wp-content\/uploads\/2025\/04\/Luis-2025-marzo-3-300x229.jpg 300w, https:\/\/www.sportchaco.com.ar\/wp-content\/uploads\/2025\/04\/Luis-2025-marzo-3.jpg 715w\" sizes=\"auto, (max-width: 300px) 100vw, 300px\" \/><\/p>\n<div class=\"entry-content entry clearfix\">\n<p><strong>1983 \/<\/strong>\u00a0Asume la presidencia de la Federaci\u00f3n<br \/>\nChaque\u00f1a de Pesca Osvaldo P\u00e9rez, en reemplazo de Conrado C\u00e9sar<br \/>\nGiuliano. Lo acompa\u00f1a como vice Francisco Gulino, secretario<br \/>\nRemigio Borque, tesorero Alcides Fern\u00e1ndez y prosecretario<br \/>\nAlfredo G\u00f3mez Garay.<\/p>\n<p><strong>1985 \/<\/strong>\u00a0Fallece en S\u00e1enz Pe\u00f1a a los 58 a\u00f1os, el preparador<br \/>\nde autos de competici\u00f3n Juan Marinich, que se especializaba<br \/>\nen los autos de la Clase D. Un bohemio del automovilismo, se<br \/>\nempecinaba en sacarle algo m\u00e1s de rendimiento a los motores. Entre<br \/>\notros entreg\u00f3 motores a Gregorio, Natalio y Pablito Marinich,<br \/>\nOscar Villalba, Toti Raff\u00edn y Mateo Antunovich entre otros.<\/p>\n<p><strong>2001 \/<\/strong>\u00a0El chaque\u00f1o Jos\u00e9 C\u00f3ceres, de 37 a\u00f1os, consigue<br \/>\nen el quinto hoyo de desempate del torneo de Hilton Head el<br \/>\nprimer t\u00edtulo de su carrera del circuito de la PGA estadounidense,<br \/>\nal imponerse a Billy Mayfair tras un desenlace interrumpido ayer<br \/>\npor falta de luz. Nacido en La Verde el 14 de agosto de 1964, coloca<br \/>\na un argentino por primera vez como campe\u00f3n de un torneo de la<br \/>\nPGA en los Estados Unidos, despu\u00e9s de 33 a\u00f1os de sequ\u00eda. El golfista<br \/>\nargentino se llev\u00f3 630.000 d\u00f3lares por su triunfo y la invitaci\u00f3n<br \/>\npara jugar en este circuito los dos pr\u00f3ximos a\u00f1os.<\/p>\n<p><strong>2006 \/<\/strong>\u00a0Fallece Victorio Vecchi, uno de los grandes<br \/>\ndirigentes que tuvo Regional. Fue presidente durante 20 a\u00f1os en la<br \/>\n\u00e9poca de esplendor, con su estadio modelo ubicado en Las Heras al<br \/>\n700 (hoy UNNE).<\/p>\n<p><strong>2006 \/<\/strong>\u00a0La atleta chaque\u00f1a Sandra Gay obtiene el<br \/>\nsubcampeonato argentino de su categor\u00eda (veteranos 35 a 39 a\u00f1os),<br \/>\nen el XXII Campeonato Argentino M\u00e1ster de Cross Country 2006<br \/>\n\u201cT\u00fanel Subfluvial Uranga Silvestre Begnis\u201d, realizado en Paran\u00e1,<br \/>\nEntre R\u00edos.<\/p>\n<p><strong>2019 \/<\/strong>\u00a0For Ever cancel\u00f3 la deuda ante la AFIP, cerrando una historia dolorosa para la instituci\u00f3n. A trav\u00e9s de un plan de pago de 120 cuotas, el \u00abnegro\u00bb que estuvo al borde de la quiebra, pudo poner al d\u00eda y estabilizar su situaci\u00f3n econ\u00f3mica. Tras la gesti\u00f3n de la comisi\u00f3n directiva encabezada por el presidente H\u00e9ctor G\u00f3mez fueron abonadas todas las cuotas hasta la cancelaci\u00f3n.<\/p>\n<p><em><strong>Foto: Jos\u00e9 C\u00f3ceres<\/strong><\/em><\/p>\n<p style=\"text-align: center;\"><img loading=\"lazy\" decoding=\"async\" class=\"alignnone size-medium wp-image-18160\" src=\"https:\/\/www.sportchaco.com.ar\/wp-content\/uploads\/2025\/04\/Chaco-avanzz-240x300.jpg\" alt=\"\" width=\"240\" height=\"300\" srcset=\"https:\/\/www.sportchaco.com.ar\/wp-content\/uploads\/2025\/04\/Chaco-avanzz-240x300.jpg 240w, https:\/\/www.sportchaco.com.ar\/wp-content\/uploads\/2025\/04\/Chaco-avanzz-820x1024.jpg 820w, https:\/\/www.sportchaco.com.ar\/wp-content\/uploads\/2025\/04\/Chaco-avanzz-768x959.jpg 768w, https:\/\/www.sportchaco.com.ar\/wp-content\/uploads\/2025\/04\/Chaco-avanzz-1229x1536.jpg 1229w, https:\/\/www.sportchaco.com.ar\/wp-content\/uploads\/2025\/04\/Chaco-avanzz.jpg 1440w\" sizes=\"auto, (max-width: 240px) 100vw, 240px\" \/><\/p>\n<div class=\"post-bottom-meta-title\" style=\"text-align: center;\">\n<p>&nbsp;<\/p>\n<p>&nbsp;<\/p>\n<p>&nbsp;<\/p>\n<p>&nbsp;<\/p>\n<\/div>\n<\/div>\n<\/article>\n<\/div>\n<\/div>\n<\/div>\n","protected":false},"excerpt":{"rendered":"<p>Estas son las Efem\u00e9rides del Deporte en el Chaco de un 16 de abril del periodista Luis Dar\u00edo Molodezky. 1983 \/\u00a0Asume la presidencia de la Federaci\u00f3n Chaque\u00f1a de Pesca Osvaldo P\u00e9rez, en reemplazo de Conrado C\u00e9sar Giuliano. Lo acompa\u00f1a como vice Francisco Gulino, secretario Remigio Borque, tesorero Alcides Fern\u00e1ndez y prosecretario Alfredo G\u00f3mez Garay. 1985 &hellip;<\/p>\n","protected":false},"author":2,"featured_media":18162,"comment_status":"open","ping_status":"open","sticky":false,"template":"","format":"standard","meta":{"footnotes":""},"categories":[34,45],"tags":[],"class_list":["post-18136","post","type-post","status-publish","format-standard","has-post-thumbnail","hentry","category-abril","category-efemerides-dia-por-dia"],"_links":{"self":[{"href":"https:\/\/www.sportchaco.com.ar\/index.php?rest_route=\/wp\/v2\/posts\/18136","targetHints":{"allow":["GET"]}}],"collection":[{"href":"https:\/\/www.sportchaco.com.ar\/index.php?rest_route=\/wp\/v2\/posts"}],"about":[{"href":"https:\/\/www.sportchaco.com.ar\/index.php?rest_route=\/wp\/v2\/types\/post"}],"author":[{"embeddable":true,"href":"https:\/\/www.sportchaco.com.ar\/index.php?rest_route=\/wp\/v2\/users\/2"}],"replies":[{"embeddable":true,"href":"https:\/\/www.sportchaco.com.ar\/index.php?rest_route=%2Fwp%2Fv2%2Fcomments&post=18136"}],"version-history":[{"count":4,"href":"https:\/\/www.sportchaco.com.ar\/index.php?rest_route=\/wp\/v2\/posts\/18136\/revisions"}],"predecessor-version":[{"id":18161,"href":"https:\/\/www.sportchaco.com.ar\/index.php?rest_route=\/wp\/v2\/posts\/18136\/revisions\/18161"}],"wp:featuredmedia":[{"embeddable":true,"href":"https:\/\/www.sportchaco.com.ar\/index.php?rest_route=\/wp\/v2\/media\/18162"}],"wp:attachment":[{"href":"https:\/\/www.sportchaco.com.ar\/index.php?rest_route=%2Fwp%2Fv2%2Fmedia&parent=18136"}],"wp:term":[{"taxonomy":"category","embeddable":true,"href":"https:\/\/www.sportchaco.com.ar\/index.php?rest_route=%2Fwp%2Fv2%2Fcategories&post=18136"},{"taxonomy":"post_tag","embeddable":true,"href":"https:\/\/www.sportchaco.com.ar\/index.php?rest_route=%2Fwp%2Fv2%2Ftags&post=18136"}],"curies":[{"name":"wp","href":"https:\/\/api.w.org\/{rel}","templated":true}]}}