{"id":18138,"date":"2025-04-15T18:40:37","date_gmt":"2025-04-15T21:40:37","guid":{"rendered":"https:\/\/www.sportchaco.com.ar\/?p=18138"},"modified":"2025-04-15T23:06:11","modified_gmt":"2025-04-16T02:06:11","slug":"alvaro-ghidini-nuestro-objetivo-es-competir","status":"publish","type":"post","link":"https:\/\/www.sportchaco.com.ar\/?p=18138","title":{"rendered":"\u00c1lvaro Ghidini: \u00abNuestro objetivo es competir\u00bb"},"content":{"rendered":"<p><strong>15-04-2025<\/strong><\/p>\n<p><img loading=\"lazy\" decoding=\"async\" class=\"aligncenter wp-image-17986 size-full\" src=\"https:\/\/www.sportchaco.com.ar\/wp-content\/uploads\/2025\/04\/BANNER-WEB-IMPULSAR_320x50.gif\" alt=\"\" width=\"1333\" height=\"208\" \/><\/p>\n<p>El jugador de Cultural de Santa Sylvina, \u00c1lvaro Ghidini, charl\u00f3 con el programa deportivo de \u00abCara y Ceca del Deporte\u00bb y analiz\u00f3 el arranque del equipo en La Liga Federal de B\u00e1squet.<\/p>\n<p>El base se\u00f1al\u00f3 que el torneo es muy parejo y agreg\u00f3: \u00abNos estamos ganando todos entre todos. Tenemos un buen equipo con grandes jugadores lo cual nos permite jugar de igual a igual con todos los equipos y con los que tienen m\u00e1s renombre tambi\u00e9n\u00bb.<\/p>\n<p>Luego continu\u00f3: \u00abNuestro objetivo es competir, aunque tengamos objetivos a corto y mediano plazo porque vamos partido a partido. La zona es muy dura y por suerte nos acompa\u00f1an los resultados, por algo llegamos al duelo con Mitre en las posiciones de arriba y ahora ellos quedaron ah\u00ed solos, pero siempre se puede so\u00f1ar con algo m\u00e1s\u00bb.<\/p>\n<p>Este lunes el equipo del interior provincial perdi\u00f3 ante Mitre de Posadas por 80 a 60 y el pr\u00f3ximo jueves recibir\u00e1 a Tokio desde las 21:30 horas.<\/p>\n<p>Al ser consultado por su adaptaci\u00f3n a su nuevo equipo, Ghidini respondi\u00f3: \u00abMe adapt\u00e9 r\u00e1pido al equipo, Vi\u00f1etta me dio mucha confianza desde que llegu\u00e9 al club y me brind\u00f3 todas las herramientas para que yo pueda hacer mi juego. Yo aporto mi granito de arena con la base y mi goleo. Estoy muy contento con este camino porque la gente en Santa Sylvina me recibi\u00f3 muy bien. A diferencia de lo que hac\u00edamos con D\u00edaz Cuello en Hind\u00fa, que ten\u00edamos una rotaci\u00f3n m\u00e1s larga, ahora jugamos m\u00e1s minutos con el estilo de Favio, esa adaptaci\u00f3n cost\u00f3 un poco m\u00e1s\u00bb.<\/p>\n<p>El jugador de Cultural arrastra una lesi\u00f3n hace diez d\u00edas que lo margin\u00f3 de los \u00faltimos partidos, ya que el torneo tiene, al menos, dos compromisos en la semana por el formato, pero apuesta a llegar en condiciones dentro de una semana.<\/p>\n<p>Con respecto a su salida del \u00abb\u00f3lido verde\u00bb, el jugador expres\u00f3: \u00abEsper\u00e9 hasta \u00faltimo momento para salir de Hind\u00fa, hab\u00eda incertidumbre por las imposiciones de la CAB, pero ya ten\u00eda la decisi\u00f3n de tomar un camino diferente. Habl\u00e9 con Luis Cequeira y \u00e9l me aconsej\u00f3 bastante, tenemos muy buena relaci\u00f3n y hablamos mucho. Aunque mi decisi\u00f3n ya estaba tomada de tomar otro camino, al menos, esta temporada\u00bb.<\/p>\n<p>El equipo de Vi\u00f1etta por la segunda ronda del campeonato deber\u00e1 visitar al representante de Resistencia y Ghidini expres\u00f3 sus sensaciones: \u00abEl partido contra Hind\u00fa es distinto para m\u00ed, lo vivo de otra manera porque antes que nada soy hincha del club, vivo a la vuelta. Tengo muchos amigos ah\u00ed, me llevo bien con ellos y solo espero que no me bardeen tanto en la cancha cuando juguemos en Resistencia\u00bb, dijo entre risas.<\/p>\n<p>&nbsp;<\/p>\n<p style=\"text-align: center;\"><img loading=\"lazy\" decoding=\"async\" class=\"alignnone size-medium wp-image-18163\" src=\"https:\/\/www.sportchaco.com.ar\/wp-content\/uploads\/2025\/04\/aviso.gif-300x250.gif\" alt=\"\" width=\"300\" height=\"250\" srcset=\"https:\/\/www.sportchaco.com.ar\/wp-content\/uploads\/2025\/04\/aviso.gif-300x250.gif 300w, https:\/\/www.sportchaco.com.ar\/wp-content\/uploads\/2025\/04\/aviso.gif-1024x854.gif 1024w, https:\/\/www.sportchaco.com.ar\/wp-content\/uploads\/2025\/04\/aviso.gif-768x640.gif 768w\" sizes=\"auto, (max-width: 300px) 100vw, 300px\" \/><\/p>\n<p><img loading=\"lazy\" decoding=\"async\" class=\"aligncenter wp-image-17201 size-full\" src=\"https:\/\/www.sportchaco.com.ar\/wp-content\/uploads\/2025\/03\/BANNER-WEB-IMPULSAR_300x600.gif\" alt=\"\" width=\"600\" height=\"1200\" \/><\/p>\n","protected":false},"excerpt":{"rendered":"<p>15-04-2025 El jugador de Cultural de Santa Sylvina, \u00c1lvaro Ghidini, charl\u00f3 con el programa deportivo de \u00abCara y Ceca del Deporte\u00bb y analiz\u00f3 el arranque del equipo en La Liga Federal de B\u00e1squet. El base se\u00f1al\u00f3 que el torneo es muy parejo y agreg\u00f3: \u00abNos estamos ganando todos entre todos. Tenemos un buen equipo con &hellip;<\/p>\n","protected":false},"author":3,"featured_media":18149,"comment_status":"open","ping_status":"open","sticky":false,"template":"","format":"standard","meta":{"footnotes":""},"categories":[3],"tags":[],"class_list":["post-18138","post","type-post","status-publish","format-standard","has-post-thumbnail","hentry","category-basquetbol"],"_links":{"self":[{"href":"https:\/\/www.sportchaco.com.ar\/index.php?rest_route=\/wp\/v2\/posts\/18138","targetHints":{"allow":["GET"]}}],"collection":[{"href":"https:\/\/www.sportchaco.com.ar\/index.php?rest_route=\/wp\/v2\/posts"}],"about":[{"href":"https:\/\/www.sportchaco.com.ar\/index.php?rest_route=\/wp\/v2\/types\/post"}],"author":[{"embeddable":true,"href":"https:\/\/www.sportchaco.com.ar\/index.php?rest_route=\/wp\/v2\/users\/3"}],"replies":[{"embeddable":true,"href":"https:\/\/www.sportchaco.com.ar\/index.php?rest_route=%2Fwp%2Fv2%2Fcomments&post=18138"}],"version-history":[{"count":4,"href":"https:\/\/www.sportchaco.com.ar\/index.php?rest_route=\/wp\/v2\/posts\/18138\/revisions"}],"predecessor-version":[{"id":18164,"href":"https:\/\/www.sportchaco.com.ar\/index.php?rest_route=\/wp\/v2\/posts\/18138\/revisions\/18164"}],"wp:featuredmedia":[{"embeddable":true,"href":"https:\/\/www.sportchaco.com.ar\/index.php?rest_route=\/wp\/v2\/media\/18149"}],"wp:attachment":[{"href":"https:\/\/www.sportchaco.com.ar\/index.php?rest_route=%2Fwp%2Fv2%2Fmedia&parent=18138"}],"wp:term":[{"taxonomy":"category","embeddable":true,"href":"https:\/\/www.sportchaco.com.ar\/index.php?rest_route=%2Fwp%2Fv2%2Fcategories&post=18138"},{"taxonomy":"post_tag","embeddable":true,"href":"https:\/\/www.sportchaco.com.ar\/index.php?rest_route=%2Fwp%2Fv2%2Ftags&post=18138"}],"curies":[{"name":"wp","href":"https:\/\/api.w.org\/{rel}","templated":true}]}}