{"id":18221,"date":"2025-04-17T20:30:49","date_gmt":"2025-04-17T23:30:49","guid":{"rendered":"https:\/\/www.sportchaco.com.ar\/?p=18221"},"modified":"2025-04-17T20:32:44","modified_gmt":"2025-04-17T23:32:44","slug":"bautista-acosta-debuto-en-la-formula-4-de-europa-central","status":"publish","type":"post","link":"https:\/\/www.sportchaco.com.ar\/?p=18221","title":{"rendered":"Bautista Acosta debut\u00f3 en la F\u00f3rmula 4 de Europa Central"},"content":{"rendered":"<p><strong>17-04-2025<\/strong><\/p>\n<p><img loading=\"lazy\" decoding=\"async\" class=\"aligncenter wp-image-11424 size-large\" src=\"https:\/\/www.sportchaco.com.ar\/wp-content\/uploads\/2024\/07\/gob-salud-fijo-marzo-1024x171.jpg\" alt=\"\" width=\"1024\" height=\"171\" srcset=\"https:\/\/www.sportchaco.com.ar\/wp-content\/uploads\/2024\/07\/gob-salud-fijo-marzo-1024x171.jpg 1024w, https:\/\/www.sportchaco.com.ar\/wp-content\/uploads\/2024\/07\/gob-salud-fijo-marzo-300x50.jpg 300w, https:\/\/www.sportchaco.com.ar\/wp-content\/uploads\/2024\/07\/gob-salud-fijo-marzo-768x128.jpg 768w, https:\/\/www.sportchaco.com.ar\/wp-content\/uploads\/2024\/07\/gob-salud-fijo-marzo.jpg 1200w\" sizes=\"auto, (max-width: 1024px) 100vw, 1024px\" \/><\/p>\n<p>El Chaco siempre fue cuna de grandes talentos del automovilismo y en los \u00faltimos a\u00f1os j\u00f3venes promesas se vienen haciendo camino dentro de deporte motor tanto a nivel nacional como internacional, tal es el caso de Bautista Acosta, que hizo su estreno en el campeonato de F\u00f3rmula 4 de Europa Central.<\/p>\n<p>La mencionada categor\u00eda es regenteada por el Autom\u00f3vil Club de Rep\u00fablica Checa y tuvo su primera fecha en la pista austr\u00edaca de Red Bull Ring, en Spielberg, en la cual el chaque\u00f1o consigui\u00f3 un auspicioso debut.<\/p>\n<p>\u00abFue un fin de semana complicado porque tuve muy poco tiempo de pr\u00e1cticas. Fui de menos a m\u00e1s durante todo el fin de semana y termin\u00e9 con muy buenas sensaciones\u00bb, dijo Bautista Acosta, que supo tener pasos por el karting y el Top Race Juniors.<\/p>\n<p>El nacido en S\u00e1enz Pe\u00f1a adem\u00e1s analiz\u00f3 sus sensaciones sobre este nuevo desaf\u00edo: \u00abYo siempre manej\u00e9 autos con techos, as\u00ed que el cambio fue dr\u00e1stico. Es un coche completamente diferente, por suerte me pude adaptar r\u00e1pidamente y lograr los objetivos que nos planteamos\u00bb.<\/p>\n<p>Cabe destacar que Acosta concret\u00f3 una interesante labor con el Tatuus alistado por Jenzer Motorsport, donde cerr\u00f3 el fin de semana en la novena y d\u00e9cima colocaci\u00f3n. Ahora, el de S\u00e1enz Pe\u00f1a trabajar\u00e1 con vistas a la pr\u00f3xima presentaci\u00f3n, que ser\u00e1 nuevamente en el circuito de Austria, los d\u00edas 16, 17 y 18 de mayo.<\/p>\n<p><em><strong>Fuente: Diario NORTE<\/strong><\/em><\/p>\n<p><img loading=\"lazy\" decoding=\"async\" class=\"aligncenter wp-image-17160 size-large\" src=\"https:\/\/www.sportchaco.com.ar\/wp-content\/uploads\/2025\/03\/gob-makalle-821x1024.jpg\" alt=\"\" width=\"821\" height=\"1024\" srcset=\"https:\/\/www.sportchaco.com.ar\/wp-content\/uploads\/2025\/03\/gob-makalle-821x1024.jpg 821w, https:\/\/www.sportchaco.com.ar\/wp-content\/uploads\/2025\/03\/gob-makalle-240x300.jpg 240w, https:\/\/www.sportchaco.com.ar\/wp-content\/uploads\/2025\/03\/gob-makalle-768x958.jpg 768w, https:\/\/www.sportchaco.com.ar\/wp-content\/uploads\/2025\/03\/gob-makalle-1231x1536.jpg 1231w, https:\/\/www.sportchaco.com.ar\/wp-content\/uploads\/2025\/03\/gob-makalle.jpg 1440w\" sizes=\"auto, (max-width: 821px) 100vw, 821px\" \/><\/p>\n","protected":false},"excerpt":{"rendered":"<p>17-04-2025 El Chaco siempre fue cuna de grandes talentos del automovilismo y en los \u00faltimos a\u00f1os j\u00f3venes promesas se vienen haciendo camino dentro de deporte motor tanto a nivel nacional como internacional, tal es el caso de Bautista Acosta, que hizo su estreno en el campeonato de F\u00f3rmula 4 de Europa Central. La mencionada categor\u00eda &hellip;<\/p>\n","protected":false},"author":3,"featured_media":18222,"comment_status":"open","ping_status":"open","sticky":false,"template":"","format":"standard","meta":{"footnotes":""},"categories":[2],"tags":[],"class_list":["post-18221","post","type-post","status-publish","format-standard","has-post-thumbnail","hentry","category-automovilismo"],"_links":{"self":[{"href":"https:\/\/www.sportchaco.com.ar\/index.php?rest_route=\/wp\/v2\/posts\/18221","targetHints":{"allow":["GET"]}}],"collection":[{"href":"https:\/\/www.sportchaco.com.ar\/index.php?rest_route=\/wp\/v2\/posts"}],"about":[{"href":"https:\/\/www.sportchaco.com.ar\/index.php?rest_route=\/wp\/v2\/types\/post"}],"author":[{"embeddable":true,"href":"https:\/\/www.sportchaco.com.ar\/index.php?rest_route=\/wp\/v2\/users\/3"}],"replies":[{"embeddable":true,"href":"https:\/\/www.sportchaco.com.ar\/index.php?rest_route=%2Fwp%2Fv2%2Fcomments&post=18221"}],"version-history":[{"count":2,"href":"https:\/\/www.sportchaco.com.ar\/index.php?rest_route=\/wp\/v2\/posts\/18221\/revisions"}],"predecessor-version":[{"id":18224,"href":"https:\/\/www.sportchaco.com.ar\/index.php?rest_route=\/wp\/v2\/posts\/18221\/revisions\/18224"}],"wp:featuredmedia":[{"embeddable":true,"href":"https:\/\/www.sportchaco.com.ar\/index.php?rest_route=\/wp\/v2\/media\/18222"}],"wp:attachment":[{"href":"https:\/\/www.sportchaco.com.ar\/index.php?rest_route=%2Fwp%2Fv2%2Fmedia&parent=18221"}],"wp:term":[{"taxonomy":"category","embeddable":true,"href":"https:\/\/www.sportchaco.com.ar\/index.php?rest_route=%2Fwp%2Fv2%2Fcategories&post=18221"},{"taxonomy":"post_tag","embeddable":true,"href":"https:\/\/www.sportchaco.com.ar\/index.php?rest_route=%2Fwp%2Fv2%2Ftags&post=18221"}],"curies":[{"name":"wp","href":"https:\/\/api.w.org\/{rel}","templated":true}]}}