{"id":1831,"date":"2023-10-16T11:03:42","date_gmt":"2023-10-16T14:03:42","guid":{"rendered":"https:\/\/www.sportchaco.com.ar\/?p=1831"},"modified":"2023-10-16T11:04:47","modified_gmt":"2023-10-16T14:04:47","slug":"otra-exitosa-edicion-de-la-copa-miguel-frank","status":"publish","type":"post","link":"https:\/\/www.sportchaco.com.ar\/?p=1831","title":{"rendered":"Otra exitosa edici\u00f3n de la Copa Miguel Frank"},"content":{"rendered":"<p><img loading=\"lazy\" decoding=\"async\" class=\"alignnone size-medium wp-image-1834\" src=\"https:\/\/www.sportchaco.com.ar\/wp-content\/uploads\/2023\/10\/yatch-Omega-300x225.jpg\" alt=\"\" width=\"300\" height=\"225\" srcset=\"https:\/\/www.sportchaco.com.ar\/wp-content\/uploads\/2023\/10\/yatch-Omega-300x225.jpg 300w, https:\/\/www.sportchaco.com.ar\/wp-content\/uploads\/2023\/10\/yatch-Omega.jpg 600w\" sizes=\"auto, (max-width: 300px) 100vw, 300px\" \/><\/p>\n<p>&nbsp;<\/p>\n<p><img loading=\"lazy\" decoding=\"async\" class=\"alignnone size-medium wp-image-1832\" src=\"https:\/\/www.sportchaco.com.ar\/wp-content\/uploads\/2023\/10\/Chaco-Yatch-club-Frank-300x120.jpg\" alt=\"\" width=\"300\" height=\"120\" srcset=\"https:\/\/www.sportchaco.com.ar\/wp-content\/uploads\/2023\/10\/Chaco-Yatch-club-Frank-300x120.jpg 300w, https:\/\/www.sportchaco.com.ar\/wp-content\/uploads\/2023\/10\/Chaco-Yatch-club-Frank-768x308.jpg 768w, https:\/\/www.sportchaco.com.ar\/wp-content\/uploads\/2023\/10\/Chaco-Yatch-club-Frank.jpg 1024w\" sizes=\"auto, (max-width: 300px) 100vw, 300px\" \/><\/p>\n<p><span lang=\"EN-US\">La familia n\u00e1utica de la regi\u00f3n se dio cita el s\u00e1bado a la noche en Paso de la Patria y el domingo disfrut\u00f3 de la tercera edici\u00f3n de la Regata Isla del Cerrito \u2013 Antequeras. Donde estaba en juego la Copa Miguel Frank, en homenaje a una gran navegante y hombre que apoyo siempre a la n\u00e1utica de la zona. La cita era organizada nuevamente por el Chaco Yacht Club y cont\u00f3 con el apoyo del Yacht Club Corrientes y del Club de Regatas Corrientes.\u00a0\u00a0<\/span><\/p>\n<p><span lang=\"EN-US\">Un buen n\u00famero de participantes le dieron vida a esta tercera edici\u00f3n, que cont\u00f3 con la presencia del propio Miguel junto a familiares y amigos. Una cena de camarader\u00eda se comparti\u00f3 el s\u00e1bado por la noche en el patio de Caba\u00f1a Don Juli\u00e1n, donde la organizaci\u00f3n, hizo entrega de los premios de la edici\u00f3n anterior y se vieron los detalles para la nueva regata.<\/span><\/p>\n<p><span lang=\"EN-US\">Unos 15 veleros estuvieron el domingo en la l\u00ednea de partida, fijada frente a la Isla del Cerrito y con buen viento y una tripulaci\u00f3n preparada para animar una gran regata, con un promedio de m\u00e1s de dos horas, se corri\u00f3 la tercera edici\u00f3n, donde el Omega fue el ganador de la clasificaci\u00f3n general 2023, como as\u00ed tambi\u00e9n de la Serie B. Mientras que la Serie A la gan\u00f3 el Soleil y la Serie C el velero Alfa. Tras cruzar la meta frente a la boca norte del riacho Antequeras y la correcci\u00f3n de tiempos.<\/span><\/p>\n<p><span lang=\"EN-US\">El homenajeado, Miguel Frank quien estuvo presente el s\u00e1bado por la noche en la cena, adem\u00e1s de fundador del Club de Vela de Paso de la Patria, del Yacht Club Corrientes y del Chaco Yacht Club, es uno de los m\u00e1s entusiastas navegantes de la regi\u00f3n, que apoya permanentemente la actividad. Fue presidente de la instituci\u00f3n correntina y impuls\u00f3 con su gran impronta la navegaci\u00f3n, haci\u00e9ndola crecer a\u00f1o tras a\u00f1o, durante sus gestiones. Permanentemente colabora con todas las regatas y actividades de la regi\u00f3n, dejando un legado muy grande. \u201cGran deportista y especialmente colaborador de esta disciplina y mejor persona fundamentalmente\u00bb se\u00f1al\u00f3 Leandro Luque, titular del club chaque\u00f1o, organizador de la regata.<\/span><\/p>\n<p><span lang=\"EN-US\">Luque agradeci\u00f3 a los sponsors entre ellos al Instituto del Deporte Chaque\u00f1o por su permanente colaboraci\u00f3n a la vela y a su presidente Osvaldo P\u00e9rez Cuevas. Como as\u00ed tambi\u00e9n a Clarg, Helados San Jos\u00e9, Colono y la Prefectura Naval Argentina. Y a todos los participantes que animaron una nueva edici\u00f3n.<\/span><\/p>\n<p><span lang=\"EN-US\">\u00a0<\/span><\/p>\n<p><span lang=\"EN-US\">CLASIFICACION<\/span><\/p>\n<p><span lang=\"EN-US\">General: 1\u00b0) Omega; 2\u00b0) Cleric\u00f3; 3\u00b0) Alfa; 4\u00b0) Soleil; 5\u00b0) Taquicardia; 6\u00b0) Iphigenia; 7\u00b0) Alexandra II; 8\u00b0) Papacho; 9\u00b0) Sadhana; 10\u00b0) Sirocco.<\/span><\/p>\n<p><span lang=\"EN-US\">Por Series:<\/span><\/p>\n<p><span lang=\"EN-US\">Serie A: 1\u00b0) Soleil; 2\u00b0) Taquicardia; 3\u00b0) Iphigenia; 4\u00b0) Papacho; 5\u00b0) Sadhana; 6\u00b0) Sirocco; 7\u00b0) Hatikva; 8\u00b0) Whisper; 9\u00b0) Cheraa; 10\u00b0) Saravah.<\/span><\/p>\n<p><span lang=\"EN-US\">Serie B: 1\u00b0) Omega; 2\u00b0) Cleric\u00f3; 3\u00b0) Alexandra Ii; 4\u00b0) Valquiria.<\/span><\/p>\n<p><span lang=\"EN-US\">Serie C: 1\u00b0) Alfa.<\/span><\/p>\n","protected":false},"excerpt":{"rendered":"<p>&nbsp; La familia n\u00e1utica de la regi\u00f3n se dio cita el s\u00e1bado a la noche en Paso de la Patria y el domingo disfrut\u00f3 de la tercera edici\u00f3n de la Regata Isla del Cerrito \u2013 Antequeras. Donde estaba en juego la Copa Miguel Frank, en homenaje a una gran navegante y hombre que apoyo siempre &hellip;<\/p>\n","protected":false},"author":2,"featured_media":1833,"comment_status":"open","ping_status":"open","sticky":false,"template":"","format":"standard","meta":{"footnotes":""},"categories":[8,55],"tags":[],"class_list":["post-1831","post","type-post","status-publish","format-standard","has-post-thumbnail","hentry","category-sport-nea","category-vela"],"_links":{"self":[{"href":"https:\/\/www.sportchaco.com.ar\/index.php?rest_route=\/wp\/v2\/posts\/1831","targetHints":{"allow":["GET"]}}],"collection":[{"href":"https:\/\/www.sportchaco.com.ar\/index.php?rest_route=\/wp\/v2\/posts"}],"about":[{"href":"https:\/\/www.sportchaco.com.ar\/index.php?rest_route=\/wp\/v2\/types\/post"}],"author":[{"embeddable":true,"href":"https:\/\/www.sportchaco.com.ar\/index.php?rest_route=\/wp\/v2\/users\/2"}],"replies":[{"embeddable":true,"href":"https:\/\/www.sportchaco.com.ar\/index.php?rest_route=%2Fwp%2Fv2%2Fcomments&post=1831"}],"version-history":[{"count":1,"href":"https:\/\/www.sportchaco.com.ar\/index.php?rest_route=\/wp\/v2\/posts\/1831\/revisions"}],"predecessor-version":[{"id":1835,"href":"https:\/\/www.sportchaco.com.ar\/index.php?rest_route=\/wp\/v2\/posts\/1831\/revisions\/1835"}],"wp:featuredmedia":[{"embeddable":true,"href":"https:\/\/www.sportchaco.com.ar\/index.php?rest_route=\/wp\/v2\/media\/1833"}],"wp:attachment":[{"href":"https:\/\/www.sportchaco.com.ar\/index.php?rest_route=%2Fwp%2Fv2%2Fmedia&parent=1831"}],"wp:term":[{"taxonomy":"category","embeddable":true,"href":"https:\/\/www.sportchaco.com.ar\/index.php?rest_route=%2Fwp%2Fv2%2Fcategories&post=1831"},{"taxonomy":"post_tag","embeddable":true,"href":"https:\/\/www.sportchaco.com.ar\/index.php?rest_route=%2Fwp%2Fv2%2Ftags&post=1831"}],"curies":[{"name":"wp","href":"https:\/\/api.w.org\/{rel}","templated":true}]}}