{"id":18347,"date":"2025-04-21T18:31:38","date_gmt":"2025-04-21T21:31:38","guid":{"rendered":"https:\/\/www.sportchaco.com.ar\/?p=18347"},"modified":"2025-04-21T18:31:38","modified_gmt":"2025-04-21T21:31:38","slug":"san-fernando-y-abanico-de-disciplinas-para-la-comunidad","status":"publish","type":"post","link":"https:\/\/www.sportchaco.com.ar\/?p=18347","title":{"rendered":"San Fernando y abanico de disciplinas para la comunidad"},"content":{"rendered":"<p><strong>21-04-2025<\/strong><\/p>\n<p><img loading=\"lazy\" decoding=\"async\" class=\"aligncenter wp-image-11424 size-large\" src=\"https:\/\/www.sportchaco.com.ar\/wp-content\/uploads\/2024\/07\/gob-salud-fijo-marzo-1024x171.jpg\" alt=\"\" width=\"1024\" height=\"171\" srcset=\"https:\/\/www.sportchaco.com.ar\/wp-content\/uploads\/2024\/07\/gob-salud-fijo-marzo-1024x171.jpg 1024w, https:\/\/www.sportchaco.com.ar\/wp-content\/uploads\/2024\/07\/gob-salud-fijo-marzo-300x50.jpg 300w, https:\/\/www.sportchaco.com.ar\/wp-content\/uploads\/2024\/07\/gob-salud-fijo-marzo-768x128.jpg 768w, https:\/\/www.sportchaco.com.ar\/wp-content\/uploads\/2024\/07\/gob-salud-fijo-marzo.jpg 1200w\" sizes=\"auto, (max-width: 1024px) 100vw, 1024px\" \/><\/p>\n<p>Continuando por el crecimiento y desarrollo en todas sus disciplinas, el club atl\u00e9tico San Fernando contin\u00faa expandi\u00e9ndose tanto en la propuesta deportiva como en infraestructura, teniendo escenarios muy importantes que permite albergar a la comunidad proveniente de distintos puntos de Resistencia.<\/p>\n<p>En este marco, el presidente de la instituci\u00f3n, Miguel \u00c1ngel \u201cChito\u201d Sol\u00eds, explic\u00f3 todo el trabajo que se viene llevando adelante en la instituci\u00f3n \u201csanta\u201d desde el 2008 en adelante y con resultados a la vista.<\/p>\n<p>\u201cLa verdad que como siempre, desde el 2008 es ir creciendo todos los a\u00f1os y siempre de a poco favoreciendo a toda la comunidad; ya dejamos de ser el San Fernando de la villa, ahora somos del Gran Resistencia\u201d, fueron las primeras palabras del titular de la instituci\u00f3n.<\/p>\n<figure class=\"wp-block-image size-large\"><a href=\"https:\/\/baskettotal.com.ar\/wp-content\/uploads\/2025\/04\/San-Fer-5.jpg\"><img loading=\"lazy\" decoding=\"async\" class=\"lazy wp-image-27035 lazy-loaded\" src=\"https:\/\/baskettotal.com.ar\/wp-content\/uploads\/2025\/04\/San-Fer-5-1024x768.jpg\" sizes=\"auto, (max-width: 1024px) 100vw, 1024px\" srcset=\"https:\/\/baskettotal.com.ar\/wp-content\/uploads\/2025\/04\/San-Fer-5-1024x768.jpg 1024w, https:\/\/baskettotal.com.ar\/wp-content\/uploads\/2025\/04\/San-Fer-5-300x225.jpg 300w, https:\/\/baskettotal.com.ar\/wp-content\/uploads\/2025\/04\/San-Fer-5-768x576.jpg 768w, https:\/\/baskettotal.com.ar\/wp-content\/uploads\/2025\/04\/San-Fer-5.jpg 1040w\" alt=\"\" width=\"1024\" height=\"768\" data-lazy-type=\"image\" data-lazy-src=\"https:\/\/baskettotal.com.ar\/wp-content\/uploads\/2025\/04\/San-Fer-5-1024x768.jpg\" data-lazy-srcset=\"https:\/\/baskettotal.com.ar\/wp-content\/uploads\/2025\/04\/San-Fer-5-1024x768.jpg 1024w, https:\/\/baskettotal.com.ar\/wp-content\/uploads\/2025\/04\/San-Fer-5-300x225.jpg 300w, https:\/\/baskettotal.com.ar\/wp-content\/uploads\/2025\/04\/San-Fer-5-768x576.jpg 768w, https:\/\/baskettotal.com.ar\/wp-content\/uploads\/2025\/04\/San-Fer-5.jpg 1040w\" data-lazy-sizes=\"(max-width: 1024px) 100vw, 1024px\" \/><\/a><\/figure>\n<p>Actualmente, San Fernando cuenta con m\u00faltiples disciplinas para la comunidad, tales como el f\u00fatbol, b\u00e1squet, hockey, patinaje art\u00edstico, paddle, newcom, jiu\u2013jitsu, taekwondo, karate, yoga y un centro de aprendizaje motriz que abarca desde el a\u00f1o de vida hasta los 8.<\/p>\n<p>\u201cSan Fernando es el club donde el respeto, la solidaridad y las buenas costumbres siempre ser\u00e1n nuestras bases\u201d, dej\u00f3 en claro Sol\u00eds, remarcando que \u201ctenemos 3 establecimientos educativos que est\u00e1n utilizando nuestras instalaciones; San Fernando es una familia\u201d.<\/p>\n<figure class=\"wp-block-image size-full\"><a href=\"https:\/\/baskettotal.com.ar\/wp-content\/uploads\/2025\/04\/San-Fer-2.jpg\"><img loading=\"lazy\" decoding=\"async\" class=\"lazy wp-image-27036 lazy-loaded\" src=\"https:\/\/baskettotal.com.ar\/wp-content\/uploads\/2025\/04\/San-Fer-2.jpg\" sizes=\"auto, (max-width: 1000px) 100vw, 1000px\" srcset=\"https:\/\/baskettotal.com.ar\/wp-content\/uploads\/2025\/04\/San-Fer-2.jpg 1000w, https:\/\/baskettotal.com.ar\/wp-content\/uploads\/2025\/04\/San-Fer-2-300x140.jpg 300w, https:\/\/baskettotal.com.ar\/wp-content\/uploads\/2025\/04\/San-Fer-2-768x359.jpg 768w\" alt=\"\" width=\"1000\" height=\"467\" data-lazy-type=\"image\" data-lazy-src=\"https:\/\/baskettotal.com.ar\/wp-content\/uploads\/2025\/04\/San-Fer-2.jpg\" data-lazy-srcset=\"https:\/\/baskettotal.com.ar\/wp-content\/uploads\/2025\/04\/San-Fer-2.jpg 1000w, https:\/\/baskettotal.com.ar\/wp-content\/uploads\/2025\/04\/San-Fer-2-300x140.jpg 300w, https:\/\/baskettotal.com.ar\/wp-content\/uploads\/2025\/04\/San-Fer-2-768x359.jpg 768w\" data-lazy-sizes=\"(max-width: 1000px) 100vw, 1000px\" \/><\/a><\/figure>\n<p><strong>NUEVA INDUMENTARIA<br \/>\n<\/strong>Por otra parte, d\u00edas atr\u00e1s, la instituci\u00f3n contin\u00faa sobresaliendo en sus disciplinas y en las \u00faltimas horas\u00a0present\u00f3 su camiseta oficial para la temporada 2025 de la Liga Nacional de F\u00fatbol Senior, mediante un acto cargado de emoci\u00f3n, identidad y apoyo<\/p>\n<p>Desde el equipo de San Fernando se hace extensivo el agradecimiento y compromiso de empresas locales y referentes; a San Fernando lo queremos todos\u201d, expresaron.<\/p>\n<p><img loading=\"lazy\" decoding=\"async\" class=\"aligncenter wp-image-18156 size-full\" src=\"https:\/\/www.sportchaco.com.ar\/wp-content\/uploads\/2025\/04\/gobierno.jpg\" alt=\"\" width=\"600\" height=\"338\" srcset=\"https:\/\/www.sportchaco.com.ar\/wp-content\/uploads\/2025\/04\/gobierno.jpg 600w, https:\/\/www.sportchaco.com.ar\/wp-content\/uploads\/2025\/04\/gobierno-300x169.jpg 300w, https:\/\/www.sportchaco.com.ar\/wp-content\/uploads\/2025\/04\/gobierno-390x220.jpg 390w\" sizes=\"auto, (max-width: 600px) 100vw, 600px\" \/><\/p>\n","protected":false},"excerpt":{"rendered":"<p>21-04-2025 Continuando por el crecimiento y desarrollo en todas sus disciplinas, el club atl\u00e9tico San Fernando contin\u00faa expandi\u00e9ndose tanto en la propuesta deportiva como en infraestructura, teniendo escenarios muy importantes que permite albergar a la comunidad proveniente de distintos puntos de Resistencia. En este marco, el presidente de la instituci\u00f3n, Miguel \u00c1ngel \u201cChito\u201d Sol\u00eds, explic\u00f3 &hellip;<\/p>\n","protected":false},"author":3,"featured_media":18348,"comment_status":"open","ping_status":"open","sticky":false,"template":"","format":"standard","meta":{"footnotes":""},"categories":[44],"tags":[],"class_list":["post-18347","post","type-post","status-publish","format-standard","has-post-thumbnail","hentry","category-varios"],"_links":{"self":[{"href":"https:\/\/www.sportchaco.com.ar\/index.php?rest_route=\/wp\/v2\/posts\/18347","targetHints":{"allow":["GET"]}}],"collection":[{"href":"https:\/\/www.sportchaco.com.ar\/index.php?rest_route=\/wp\/v2\/posts"}],"about":[{"href":"https:\/\/www.sportchaco.com.ar\/index.php?rest_route=\/wp\/v2\/types\/post"}],"author":[{"embeddable":true,"href":"https:\/\/www.sportchaco.com.ar\/index.php?rest_route=\/wp\/v2\/users\/3"}],"replies":[{"embeddable":true,"href":"https:\/\/www.sportchaco.com.ar\/index.php?rest_route=%2Fwp%2Fv2%2Fcomments&post=18347"}],"version-history":[{"count":2,"href":"https:\/\/www.sportchaco.com.ar\/index.php?rest_route=\/wp\/v2\/posts\/18347\/revisions"}],"predecessor-version":[{"id":18428,"href":"https:\/\/www.sportchaco.com.ar\/index.php?rest_route=\/wp\/v2\/posts\/18347\/revisions\/18428"}],"wp:featuredmedia":[{"embeddable":true,"href":"https:\/\/www.sportchaco.com.ar\/index.php?rest_route=\/wp\/v2\/media\/18348"}],"wp:attachment":[{"href":"https:\/\/www.sportchaco.com.ar\/index.php?rest_route=%2Fwp%2Fv2%2Fmedia&parent=18347"}],"wp:term":[{"taxonomy":"category","embeddable":true,"href":"https:\/\/www.sportchaco.com.ar\/index.php?rest_route=%2Fwp%2Fv2%2Fcategories&post=18347"},{"taxonomy":"post_tag","embeddable":true,"href":"https:\/\/www.sportchaco.com.ar\/index.php?rest_route=%2Fwp%2Fv2%2Ftags&post=18347"}],"curies":[{"name":"wp","href":"https:\/\/api.w.org\/{rel}","templated":true}]}}