{"id":18370,"date":"2025-04-21T23:27:51","date_gmt":"2025-04-22T02:27:51","guid":{"rendered":"https:\/\/www.sportchaco.com.ar\/?p=18370"},"modified":"2025-04-21T23:27:51","modified_gmt":"2025-04-22T02:27:51","slug":"flamengo-campeon-con-gallizzi-balbi-y-la-oveja-hernandez","status":"publish","type":"post","link":"https:\/\/www.sportchaco.com.ar\/?p=18370","title":{"rendered":"Flamengo campe\u00f3n con Gallizzi, Balbi y la Oveja Hern\u00e1ndez"},"content":{"rendered":"<h2>Se alarg\u00f3 la lista: los campeones argentinos en la BCLA<\/h2>\n<p><span class=\"time\">\u00a0Flamengo se consagr\u00f3 campe\u00f3n del certamen continental, reafirm\u00f3 a dos y sum\u00f3 un nombre al conteo, siendo uno de los equipos no argentinos que m\u00e1s albicelestes utiliz\u00f3.<\/span><\/p>\n<div id=\"node-102897\" class=\"node node-openpublish-article node-promoted node-sticky node-full clearfix\">\n<div class=\"content clearfix\">\n<div class=\"field field-name-field-articulo-texto-imagen field-type-text-long field-label-hidden\">\n<div class=\"field-items\">\n<div class=\"field-item even\"><strong>Foto portada: Balbi, Gallizzi y Hern\u00e1ndez, los nuevos campeones de la BCLA<\/strong><\/div>\n<\/div>\n<div><\/div>\n<\/div>\n<div class=\"field field-name-field-op-main-image field-type-image field-label-hidden\">\n<div class=\"field-items\">\n<div class=\"field-item even\">\n<div id=\"flexslider-1\" class=\"flexslider optionset-default flexslider-processed\">\n<p>&nbsp;<\/p>\n<\/div>\n<\/div>\n<\/div>\n<\/div>\n<div class=\"field field-name-body field-type-text-with-summary field-label-hidden\">\n<div class=\"field-items\">\n<div class=\"field-item even\">\n<p data-pm-slice=\"1 1 []\">El imponente triunfo de Flamengo por 83-57 sobre Boca en el Maracanazinho sell\u00f3 la segunda consagraci\u00f3n del Mengao en la Basketball Champions League Americas y a\u00f1adi\u00f3 nombres a la lista de consagrados argentinos. Con una actuaci\u00f3n sin fisuras, similar a la que mostr\u00f3 ante Franca en semifinales, el conjunto carioca alcanz\u00f3 su tercer t\u00edtulo en la competencia y sum\u00f3 tres nombres albicelestes a una lista cada vez m\u00e1s significativa. Ellos fueron: Franco Balbi (7 puntos, 4 rebotes, 3 asistencias en la final), Tayavek Gallizzi (4 puntos, 2 rebotes) y el entrenador Oveja Hern\u00e1ndez, figuras clave en la estructura de un equipo que domin\u00f3 de punta a punta.<\/p>\n<p>El impacto argentino qued\u00f3 plasmado en varios hitos. Gallizzi se convirti\u00f3 en el primer jugador argentino en ser bicampe\u00f3n consecutivo de la BCLA, tras su t\u00edtulo anterior con Quimsa. Balbi, por su parte, logr\u00f3 su segunda consagraci\u00f3n con el Flamengo, mientras que Hern\u00e1ndez se transform\u00f3 en el primer entrenador argentino en ser campe\u00f3n de este certamen dirigiendo un equipo extranjero. Con este logro, adem\u00e1s, el ex-DT de la Selecci\u00f3n Argentina sum\u00f3 su tercer t\u00edtulo de Am\u00e9rica (contando sus dos coronas en la Liga de las Am\u00e9ricas).<\/p>\n<p>Con estas nuevas conquistas, ya son cinco los jugadores argentinos que han salido campeones con equipos no argentinos en la BCLA, mientras que el listado total de t\u00edtulos individuales para representantes nacionales contin\u00faa en crecimiento. Adem\u00e1s, Gallizzi y Balbi se unen a Fabi\u00e1n Ram\u00edrez Barrios y Juan Brussino como los \u00fanicos bicampeones albicelestes del torneo. A continuaci\u00f3n, repasamos la lista completa de argentinos que supieron coronarse en esta competencia desde su creaci\u00f3n.<\/p>\n<div data-ccp-timestamp=\"1745149478437\">\n<div data-ccp-timestamp=\"1745149952829\"><\/div>\n<table width=\"365\">\n<colgroup>\n<col width=\"123\" \/>\n<col width=\"58\" \/>\n<col width=\"77\" \/>\n<col width=\"107\" \/><\/colgroup>\n<tbody>\n<tr>\n<td class=\"xl96\">JUGADORES<\/td>\n<td class=\"xl96\">T\u00cdTULOS<\/td>\n<td class=\"xl97\">TEMP.<\/td>\n<td class=\"xl96\">EQUIPOS<\/td>\n<\/tr>\n<tr>\n<td class=\"xl82\">Tayavek Gallizzi<\/td>\n<td class=\"xl82\">2<\/td>\n<td class=\"xl82\">23\/24-24\/25<\/td>\n<td class=\"xl82\">Quimsa, Flamengo<\/td>\n<\/tr>\n<tr>\n<td class=\"xl82\">Fabi\u00e1n Ram\u00edrez Barrios<\/td>\n<td class=\"xl82\">2<\/td>\n<td class=\"xl82\">19\/20-23\/24<\/td>\n<td class=\"xl82\">Quimsa<\/td>\n<\/tr>\n<tr>\n<td class=\"xl82\">Juan Brussino<\/td>\n<td class=\"xl82\">2<\/td>\n<td class=\"xl82\">19\/20-23\/24<\/td>\n<td class=\"xl82\">Quimsa<\/td>\n<\/tr>\n<tr>\n<td class=\"xl82\">Franco Balbi<\/td>\n<td class=\"xl82\">2<\/td>\n<td class=\"xl82\">20\/21-24\/25<\/td>\n<td class=\"xl82\">Flamengo<\/td>\n<\/tr>\n<tr>\n<td class=\"xl82\">Eduardo Vasirani<\/td>\n<td class=\"xl82\">1<\/td>\n<td class=\"xl82\">23\/24<\/td>\n<td class=\"xl82\">Quimsa<\/td>\n<\/tr>\n<tr>\n<td class=\"xl82\">Sebasti\u00e1n Acevedo<\/td>\n<td class=\"xl82\">1<\/td>\n<td class=\"xl82\">23\/24<\/td>\n<td class=\"xl82\">Quimsa<\/td>\n<\/tr>\n<tr>\n<td class=\"xl82\">Emiliano Basabe<\/td>\n<td class=\"xl82\">1<\/td>\n<td class=\"xl82\">23\/24<\/td>\n<td class=\"xl82\">Quimsa<\/td>\n<\/tr>\n<tr>\n<td class=\"xl82\">Bruno Sansimoni<\/td>\n<td class=\"xl82\">1<\/td>\n<td class=\"xl82\">23\/24<\/td>\n<td class=\"xl82\">Quimsa<\/td>\n<\/tr>\n<tr>\n<td class=\"xl82\">Federico Zesular<\/td>\n<td class=\"xl82\">1<\/td>\n<td class=\"xl82\">23\/24<\/td>\n<td class=\"xl82\">Quimsa<\/td>\n<\/tr>\n<tr>\n<td class=\"xl82\">Diego Collomb<\/td>\n<td class=\"xl82\">1<\/td>\n<td class=\"xl82\">23\/24<\/td>\n<td class=\"xl82\">Quimsa<\/td>\n<\/tr>\n<tr>\n<td class=\"xl82\">Romeo Amprimo<\/td>\n<td class=\"xl82\">1<\/td>\n<td class=\"xl82\">23\/24<\/td>\n<td class=\"xl82\">Quimsa<\/td>\n<\/tr>\n<tr>\n<td class=\"xl82\">Matias Pikaluk<\/td>\n<td class=\"xl82\">1<\/td>\n<td class=\"xl82\">23\/24<\/td>\n<td class=\"xl82\">Quimsa<\/td>\n<\/tr>\n<tr>\n<td class=\"xl82\">Fortunato Rolfi<\/td>\n<td class=\"xl82\">1<\/td>\n<td class=\"xl82\">23\/24<\/td>\n<td class=\"xl82\">Quimsa<\/td>\n<\/tr>\n<tr>\n<td class=\"xl82\">Santiago Scala<\/td>\n<td class=\"xl82\">1<\/td>\n<td class=\"xl82\">22\/23<\/td>\n<td class=\"xl82\">Franca<\/td>\n<\/tr>\n<tr>\n<td class=\"xl82\">Luciano Gonz\u00e1lez<\/td>\n<td class=\"xl82\">1<\/td>\n<td class=\"xl82\">2021<\/td>\n<td class=\"xl82\">Flamengo<\/td>\n<\/tr>\n<tr>\n<td class=\"xl82\">Diego Figueredo<\/td>\n<td class=\"xl82\">1<\/td>\n<td class=\"xl82\">2021<\/td>\n<td class=\"xl82\">Flamengo<\/td>\n<\/tr>\n<tr>\n<td class=\"xl82\">Mauro Cosolito<\/td>\n<td class=\"xl82\">1<\/td>\n<td class=\"xl82\">19\/20<\/td>\n<td class=\"xl82\">Quimsa<\/td>\n<\/tr>\n<tr>\n<td class=\"xl85\">Emiliano Toretta<\/td>\n<td class=\"xl85\">1<\/td>\n<td class=\"xl86\">19\/20<\/td>\n<td class=\"xl85\">Quimsa<\/td>\n<\/tr>\n<tr>\n<td class=\"xl85\">Ivan Gramajo<\/td>\n<td class=\"xl85\">1<\/td>\n<td class=\"xl86\">19\/20<\/td>\n<td class=\"xl87\">Quimsa<\/td>\n<\/tr>\n<tr>\n<td class=\"xl82\">Franco Baralle<\/td>\n<td class=\"xl82\">1<\/td>\n<td class=\"xl83\">19\/20<\/td>\n<td class=\"xl82\">Quimsa<\/td>\n<\/tr>\n<tr>\n<td class=\"xl82\">Nicol\u00e1s Copello<\/td>\n<td class=\"xl82\">1<\/td>\n<td class=\"xl82\">19\/20<\/td>\n<td class=\"xl82\">Quimsa<\/td>\n<\/tr>\n<tr>\n<td class=\"xl82\">Lucio Longoni<\/td>\n<td class=\"xl82\">1<\/td>\n<td class=\"xl82\">19\/20<\/td>\n<td class=\"xl82\">Quimsa<\/td>\n<\/tr>\n<tr>\n<td class=\"xl94\">ENTRENADORES<\/td>\n<td class=\"xl94\">TITULOS<\/td>\n<td class=\"xl94\">TEMP.<\/td>\n<td class=\"xl94\">EQUIPO<\/td>\n<\/tr>\n<tr>\n<td class=\"xl98\">Sergio Hern\u00e1ndez<\/td>\n<td class=\"xl98\">1<\/td>\n<td class=\"xl98\">24\/25<\/td>\n<td class=\"xl98\">Flamengo<\/td>\n<\/tr>\n<tr>\n<td class=\"xl98\">Leandro Ramella<\/td>\n<td class=\"xl98\">1<\/td>\n<td class=\"xl98\">23\/24<\/td>\n<td class=\"xl98\">Quimsa<\/td>\n<\/tr>\n<tr>\n<td class=\"xl98\">Sebasti\u00e1n Gonz\u00e1lez<\/td>\n<td class=\"xl98\">1<\/td>\n<td class=\"xl98\">19\/20<\/td>\n<td class=\"xl98\">Quimsa<\/td>\n<\/tr>\n<\/tbody>\n<\/table>\n<p>Fuente B\u00e1squet Plus<\/p>\n<\/div>\n<p style=\"text-align: center;\"><img loading=\"lazy\" decoding=\"async\" class=\"alignnone size-medium wp-image-18344\" src=\"https:\/\/www.sportchaco.com.ar\/wp-content\/uploads\/2025\/04\/120x200-2-1-180x300.gif\" alt=\"\" width=\"180\" height=\"300\" \/> <img loading=\"lazy\" decoding=\"async\" class=\"alignnone size-medium wp-image-18287\" src=\"https:\/\/www.sportchaco.com.ar\/wp-content\/uploads\/2025\/04\/Chaco-sin-fuego-3-1080x1350-4-240x300.gif\" alt=\"\" width=\"240\" height=\"300\" srcset=\"https:\/\/www.sportchaco.com.ar\/wp-content\/uploads\/2025\/04\/Chaco-sin-fuego-3-1080x1350-4-240x300.gif 240w, https:\/\/www.sportchaco.com.ar\/wp-content\/uploads\/2025\/04\/Chaco-sin-fuego-3-1080x1350-4-819x1024.gif 819w, https:\/\/www.sportchaco.com.ar\/wp-content\/uploads\/2025\/04\/Chaco-sin-fuego-3-1080x1350-4-768x960.gif 768w, https:\/\/www.sportchaco.com.ar\/wp-content\/uploads\/2025\/04\/Chaco-sin-fuego-3-1080x1350-4-1229x1536.gif 1229w, https:\/\/www.sportchaco.com.ar\/wp-content\/uploads\/2025\/04\/Chaco-sin-fuego-3-1080x1350-4-1638x2048.gif 1638w\" sizes=\"auto, (max-width: 240px) 100vw, 240px\" \/><\/p>\n<\/div>\n<\/div>\n<\/div>\n<\/div>\n<\/div>\n","protected":false},"excerpt":{"rendered":"<p>Se alarg\u00f3 la lista: los campeones argentinos en la BCLA \u00a0Flamengo se consagr\u00f3 campe\u00f3n del certamen continental, reafirm\u00f3 a dos y sum\u00f3 un nombre al conteo, siendo uno de los equipos no argentinos que m\u00e1s albicelestes utiliz\u00f3. Foto portada: Balbi, Gallizzi y Hern\u00e1ndez, los nuevos campeones de la BCLA &nbsp; El imponente triunfo de Flamengo &hellip;<\/p>\n","protected":false},"author":2,"featured_media":18371,"comment_status":"open","ping_status":"open","sticky":false,"template":"","format":"standard","meta":{"footnotes":""},"categories":[3],"tags":[],"class_list":["post-18370","post","type-post","status-publish","format-standard","has-post-thumbnail","hentry","category-basquetbol"],"_links":{"self":[{"href":"https:\/\/www.sportchaco.com.ar\/index.php?rest_route=\/wp\/v2\/posts\/18370","targetHints":{"allow":["GET"]}}],"collection":[{"href":"https:\/\/www.sportchaco.com.ar\/index.php?rest_route=\/wp\/v2\/posts"}],"about":[{"href":"https:\/\/www.sportchaco.com.ar\/index.php?rest_route=\/wp\/v2\/types\/post"}],"author":[{"embeddable":true,"href":"https:\/\/www.sportchaco.com.ar\/index.php?rest_route=\/wp\/v2\/users\/2"}],"replies":[{"embeddable":true,"href":"https:\/\/www.sportchaco.com.ar\/index.php?rest_route=%2Fwp%2Fv2%2Fcomments&post=18370"}],"version-history":[{"count":1,"href":"https:\/\/www.sportchaco.com.ar\/index.php?rest_route=\/wp\/v2\/posts\/18370\/revisions"}],"predecessor-version":[{"id":18372,"href":"https:\/\/www.sportchaco.com.ar\/index.php?rest_route=\/wp\/v2\/posts\/18370\/revisions\/18372"}],"wp:featuredmedia":[{"embeddable":true,"href":"https:\/\/www.sportchaco.com.ar\/index.php?rest_route=\/wp\/v2\/media\/18371"}],"wp:attachment":[{"href":"https:\/\/www.sportchaco.com.ar\/index.php?rest_route=%2Fwp%2Fv2%2Fmedia&parent=18370"}],"wp:term":[{"taxonomy":"category","embeddable":true,"href":"https:\/\/www.sportchaco.com.ar\/index.php?rest_route=%2Fwp%2Fv2%2Fcategories&post=18370"},{"taxonomy":"post_tag","embeddable":true,"href":"https:\/\/www.sportchaco.com.ar\/index.php?rest_route=%2Fwp%2Fv2%2Ftags&post=18370"}],"curies":[{"name":"wp","href":"https:\/\/api.w.org\/{rel}","templated":true}]}}