{"id":18409,"date":"2025-04-23T10:11:43","date_gmt":"2025-04-23T13:11:43","guid":{"rendered":"https:\/\/www.sportchaco.com.ar\/?p=18409"},"modified":"2025-04-25T00:08:58","modified_gmt":"2025-04-25T03:08:58","slug":"confirmada-la-programacion-para-el-ascenso","status":"publish","type":"post","link":"https:\/\/www.sportchaco.com.ar\/?p=18409","title":{"rendered":"Confirmada la programaci\u00f3n para el ascenso"},"content":{"rendered":"<p><strong>23-04-2025<\/strong><\/p>\n<p><img loading=\"lazy\" decoding=\"async\" class=\"aligncenter wp-image-17927 size-large\" src=\"https:\/\/www.sportchaco.com.ar\/wp-content\/uploads\/2025\/04\/Banners-ruta-13_720x90-1-1-1024x128.gif\" sizes=\"auto, (max-width: 1024px) 100vw, 1024px\" srcset=\"https:\/\/www.sportchaco.com.ar\/wp-content\/uploads\/2025\/04\/Banners-ruta-13_720x90-1-1-1024x128.gif 1024w, https:\/\/www.sportchaco.com.ar\/wp-content\/uploads\/2025\/04\/Banners-ruta-13_720x90-1-1-300x37.gif 300w, https:\/\/www.sportchaco.com.ar\/wp-content\/uploads\/2025\/04\/Banners-ruta-13_720x90-1-1-768x96.gif 768w\" alt=\"\" width=\"1024\" height=\"128\" \/><\/p>\n<p>La 6\u00aa fecha del campeonato de la Primera B de la Liga Chaque\u00f1a de F\u00fatbol tiene programaci\u00f3n para el fin de semana donde desarrollar\u00e1 partidos durante los d\u00edas viernes, s\u00e1bado y domingo.<\/p>\n<p>Los l\u00edderes jugar\u00e1n en fechas dispares. Parque Patricios ser\u00e1 el primero en salir a la cancha, este s\u00e1bado visitar\u00e1 a Canallas del Sur, mientras que Los L\u00edricos reci\u00e9n el d\u00eda domingo visitar\u00e1 a Deportivo Barber\u00e1n en la cancha de Chaco Hebr\u00f3n.<\/p>\n<p><b><strong>TORNEO OFICIAL \u00abADRI\u00c1N DAR\u00cdO PARRA\u00bb<\/strong><br \/>\nTODA LA 6\u00aa FECHA<br \/>\n<\/b><b>Viernes 25-04<\/b><br \/>\nA las 16:30, Dep. Zona Sur &#8211; Dep. Esperanza, en Defensores<\/p>\n<p><b>S\u00e1bado 26-04<br \/>\n<\/b>A las 16, San Fernando &#8211; FC Barber\u00e1n<br \/>\nA las 16, Canallas del Sur &#8211; Parque Patricios<br \/>\nA las 16, UPCP &#8211; Dogos, en Regional<br \/>\nA las 17, Confraternidad &#8211; V\u00e9lez, en Defensores<br \/>\nA las 20, Chaco Hebr\u00f3n &#8211; Dep. G\u00fciraldes<\/p>\n<p><strong>Domingo 27-04<\/strong><br \/>\nA las 10, Dep. Barber\u00e1n &#8211; Los L\u00edricos, en Chaco Hebr\u00f3n<br \/>\nA las 16, Dep. Sameep &#8211; C. E. de Comercio, en Regional<br \/>\nA las 16, Banfield &#8211; Municipales, en Chaco Hebr\u00f3n<br \/>\nA las 16, Camioneros &#8211; Centauro FC<br \/>\nA las 16, Bariloche &#8211; Uni\u00f3n del Sur, en Bancarios<\/p>\n<p><strong>Libre:<\/strong> DEF<\/p>\n<p><b>POSICIONES<\/b><br \/>\nParque Patricios 13<br \/>\nLos L\u00edricos 13<br \/>\nMunicipales 10<br \/>\nSan Fernando 10<br \/>\nBanfield 10<br \/>\nCanallas del Sur 10<br \/>\nDep. Esperanza 9<br \/>\nC. E. de Comercio 9<br \/>\nUPCP 8<br \/>\nConfraternidad 7<br \/>\nDep. G\u00fciraldes 7<br \/>\nDep. Barber\u00e1n 6<br \/>\nCamioneros 5<br \/>\nV\u00e9lez 5<br \/>\nUni\u00f3n del Sur 4<br \/>\nChaco Hebr\u00f3n 4<br \/>\nFC Barber\u00e1n 4<br \/>\nDogos 4<br \/>\nDep. Sameep 3<br \/>\nBariloche FC 3<br \/>\nCentauro FC 2<br \/>\nDEF 2<br \/>\nDep. Zona Sur 1<\/p>\n<p>&nbsp;<\/p>\n<p><img loading=\"lazy\" decoding=\"async\" class=\"aligncenter wp-image-17935 size-large\" src=\"https:\/\/www.sportchaco.com.ar\/wp-content\/uploads\/2025\/04\/Red-de-empleos-1080x1350-2-819x1024.gif\" sizes=\"auto, (max-width: 819px) 100vw, 819px\" srcset=\"https:\/\/www.sportchaco.com.ar\/wp-content\/uploads\/2025\/04\/Red-de-empleos-1080x1350-2-819x1024.gif 819w, https:\/\/www.sportchaco.com.ar\/wp-content\/uploads\/2025\/04\/Red-de-empleos-1080x1350-2-240x300.gif 240w, https:\/\/www.sportchaco.com.ar\/wp-content\/uploads\/2025\/04\/Red-de-empleos-1080x1350-2-768x960.gif 768w, https:\/\/www.sportchaco.com.ar\/wp-content\/uploads\/2025\/04\/Red-de-empleos-1080x1350-2-1229x1536.gif 1229w, https:\/\/www.sportchaco.com.ar\/wp-content\/uploads\/2025\/04\/Red-de-empleos-1080x1350-2-1638x2048.gif 1638w\" alt=\"\" width=\"819\" height=\"1024\" \/><\/p>\n","protected":false},"excerpt":{"rendered":"<p>23-04-2025 La 6\u00aa fecha del campeonato de la Primera B de la Liga Chaque\u00f1a de F\u00fatbol tiene programaci\u00f3n para el fin de semana donde desarrollar\u00e1 partidos durante los d\u00edas viernes, s\u00e1bado y domingo. Los l\u00edderes jugar\u00e1n en fechas dispares. Parque Patricios ser\u00e1 el primero en salir a la cancha, este s\u00e1bado visitar\u00e1 a Canallas del &hellip;<\/p>\n","protected":false},"author":3,"featured_media":18411,"comment_status":"open","ping_status":"open","sticky":false,"template":"","format":"standard","meta":{"footnotes":""},"categories":[5],"tags":[],"class_list":["post-18409","post","type-post","status-publish","format-standard","has-post-thumbnail","hentry","category-futbol"],"_links":{"self":[{"href":"https:\/\/www.sportchaco.com.ar\/index.php?rest_route=\/wp\/v2\/posts\/18409","targetHints":{"allow":["GET"]}}],"collection":[{"href":"https:\/\/www.sportchaco.com.ar\/index.php?rest_route=\/wp\/v2\/posts"}],"about":[{"href":"https:\/\/www.sportchaco.com.ar\/index.php?rest_route=\/wp\/v2\/types\/post"}],"author":[{"embeddable":true,"href":"https:\/\/www.sportchaco.com.ar\/index.php?rest_route=\/wp\/v2\/users\/3"}],"replies":[{"embeddable":true,"href":"https:\/\/www.sportchaco.com.ar\/index.php?rest_route=%2Fwp%2Fv2%2Fcomments&post=18409"}],"version-history":[{"count":3,"href":"https:\/\/www.sportchaco.com.ar\/index.php?rest_route=\/wp\/v2\/posts\/18409\/revisions"}],"predecessor-version":[{"id":18496,"href":"https:\/\/www.sportchaco.com.ar\/index.php?rest_route=\/wp\/v2\/posts\/18409\/revisions\/18496"}],"wp:featuredmedia":[{"embeddable":true,"href":"https:\/\/www.sportchaco.com.ar\/index.php?rest_route=\/wp\/v2\/media\/18411"}],"wp:attachment":[{"href":"https:\/\/www.sportchaco.com.ar\/index.php?rest_route=%2Fwp%2Fv2%2Fmedia&parent=18409"}],"wp:term":[{"taxonomy":"category","embeddable":true,"href":"https:\/\/www.sportchaco.com.ar\/index.php?rest_route=%2Fwp%2Fv2%2Fcategories&post=18409"},{"taxonomy":"post_tag","embeddable":true,"href":"https:\/\/www.sportchaco.com.ar\/index.php?rest_route=%2Fwp%2Fv2%2Ftags&post=18409"}],"curies":[{"name":"wp","href":"https:\/\/api.w.org\/{rel}","templated":true}]}}