{"id":1842,"date":"2023-10-16T20:56:30","date_gmt":"2023-10-16T23:56:30","guid":{"rendered":"https:\/\/www.sportchaco.com.ar\/?p=1842"},"modified":"2023-10-16T20:56:30","modified_gmt":"2023-10-16T23:56:30","slug":"en-el-debut-de-zielinski-empato-lanus","status":"publish","type":"post","link":"https:\/\/www.sportchaco.com.ar\/?p=1842","title":{"rendered":"En el debut de Zielinski, empat\u00f3 Lan\u00fas"},"content":{"rendered":"<h1><\/h1>\n<p class=\"description\"><strong>Este lunes, en el Estadio \u00danico Madre de Ciudades, el Ferroviario termin\u00f3 0 a 0 ante el Granate, por la fecha 9 de la Copa de la Liga Profesional 2023.<\/strong><\/p>\n<div class=\"article-info\">\n<div class=\"article-info-left\">\n<div class=\"article-autor-info\">\n<div class=\"article-autor-name\"><\/div>\n<\/div>\n<\/div>\n<\/div>\n<figure class=\"rat16x9\"><img decoding=\"async\" title=\"Central C\u00f3rdoba vs. Lan\u00fas\" src=\"https:\/\/media.tycsports.com\/files\/2023\/10\/16\/631768\/central-cordoba-vs-lanus_416x234.webp?v=1\" srcset=\"https:\/\/media.tycsports.com\/files\/2023\/10\/16\/631768\/central-cordoba-vs-lanus_416x234.webp?v=1 480w ,https:\/\/media.tycsports.com\/files\/2023\/10\/16\/631768\/central-cordoba-vs-lanus_862x485.webp?v=1 1080w \" alt=\"Central C\u00f3rdoba vs. Lan\u00fas\" \/><\/figure>\n<div class=\"mam-async show\">\n<div class=\"mam-scores futbol\">\n<div class=\"mam-team mam-local\">\n<div class=\"mam-team-name\">\n<div class=\"mam-escudo\"><\/div>\n<\/div>\n<\/div>\n<div class=\"mam-divider\"><\/div>\n<div class=\"mam-team mam-visitor\">\n<div class=\"mam-team-name\">\n<div class=\"mam-escudo\"><\/div>\n<\/div>\n<\/div>\n<\/div>\n<div class=\"mam-legend\">\n<div class=\"mam-timer\"><\/div>\n<div class=\"mam-data show\">\n<div class=\"mam-marquee long-marquee\"><\/div>\n<\/div>\n<\/div>\n<\/div>\n<p class=\"capital\"><b>C<\/b>entral C\u00f3rdoba empat\u00f3 0 a 0 ante Lan\u00fas,\u00a0en el\u00a0Estadio \u00danico Madre de Ciudades, por la novena jornada de la zona B de la\u00a0Copa LPF. El Granate no pudo conseguir los tres importantes puntos en el\u00a0debut de su t\u00e9cnico Ricardo Zielinski.<\/p>\n<div class=\"watchto-wrap\">\n<div class=\"watchto\">\n<div class=\"watchto-text\"><\/div>\n<div class=\"watchto-btn-view\"><\/div>\n<\/div>\n<\/div>\n<p>En un primer tiempo que no tuvo grandes jugadas de gol, una de las primeras chances fue un remate desde la medialuna de\u00a0Pedro De La Vega\u00a0a los 11 minutos del arranque para Lan\u00fas que pas\u00f3 cerca del palo izquierdo.<\/p>\n<p>Por su parte, Central C\u00f3rdoba la tuvo como\u00a0Farioli\u00a0que por muy poco no pudo controlar la pelota para marcar a los 32&#8242;. Adem\u00e1s, 10 minutos despu\u00e9s, apareci\u00f3 el\u00a0Pulga Rodr\u00edguez\u00a0pero su remate no fue lo suficientemente potente para complicar al arquero\u00a0Lucas Acosta.<\/p>\n<p>Ya en la segunda mitad, volvi\u00f3 a tener la suya De La Vega que sin embargo Mansilla le tap\u00f3 el arco justo. En tanto, a los 27\u00a0Mauro Pitt\u00f3n\u00a0cort\u00f3 justo la asistencia a\u00a0Jos\u00e9 Sand, luego de una gran contra de los dirigidos por el Ruso.<\/p>\n<p>A los 40&#8242; 2T, Central C\u00f3rdoba tuvo una de las m\u00e1s claras del partido, pero el arquero Acosta lleg\u00f3 para sacarla tras un centro de\u00a0Sanabria\u00a0y luego de un rebote apareci\u00f3\u00a0Federico Jourdan, pero su remate peg\u00f3 en el travesa\u00f1o.<\/p>\n<p>Seis minutos despu\u00e9s, llegar\u00eda una gran pol\u00e9mica por la\u00a0expulsi\u00f3n de Jos\u00e9 Mar\u00eda Canale Dom\u00ednguez\u00a0por doble amarilla, que tras el chequeo de las im\u00e1genes se conoci\u00f3 que la falta no existi\u00f3 pero el VAR no pudo intervenir.<\/p>\n<p>La \u00faltima clara oportunidad fue para los locales con Federico Jourdan a los 52&#8242; que finalmente sac\u00f3 con una mano salvadora el arquero de Lan\u00fas para que no haya goles en el encuentro disputado en Santiago del Estero. TyC Sports<\/p>\n<p>&nbsp;<\/p>\n<p>Foto de De la Vega maniobrando enel estadio Madre de Ciudades<\/p>\n","protected":false},"excerpt":{"rendered":"<p>Este lunes, en el Estadio \u00danico Madre de Ciudades, el Ferroviario termin\u00f3 0 a 0 ante el Granate, por la fecha 9 de la Copa de la Liga Profesional 2023. Central C\u00f3rdoba empat\u00f3 0 a 0 ante Lan\u00fas,\u00a0en el\u00a0Estadio \u00danico Madre de Ciudades, por la novena jornada de la zona B de la\u00a0Copa LPF. El &hellip;<\/p>\n","protected":false},"author":2,"featured_media":1843,"comment_status":"open","ping_status":"open","sticky":false,"template":"","format":"standard","meta":{"footnotes":""},"categories":[47],"tags":[],"class_list":["post-1842","post","type-post","status-publish","format-standard","has-post-thumbnail","hentry","category-nacionales"],"_links":{"self":[{"href":"https:\/\/www.sportchaco.com.ar\/index.php?rest_route=\/wp\/v2\/posts\/1842","targetHints":{"allow":["GET"]}}],"collection":[{"href":"https:\/\/www.sportchaco.com.ar\/index.php?rest_route=\/wp\/v2\/posts"}],"about":[{"href":"https:\/\/www.sportchaco.com.ar\/index.php?rest_route=\/wp\/v2\/types\/post"}],"author":[{"embeddable":true,"href":"https:\/\/www.sportchaco.com.ar\/index.php?rest_route=\/wp\/v2\/users\/2"}],"replies":[{"embeddable":true,"href":"https:\/\/www.sportchaco.com.ar\/index.php?rest_route=%2Fwp%2Fv2%2Fcomments&post=1842"}],"version-history":[{"count":1,"href":"https:\/\/www.sportchaco.com.ar\/index.php?rest_route=\/wp\/v2\/posts\/1842\/revisions"}],"predecessor-version":[{"id":1844,"href":"https:\/\/www.sportchaco.com.ar\/index.php?rest_route=\/wp\/v2\/posts\/1842\/revisions\/1844"}],"wp:featuredmedia":[{"embeddable":true,"href":"https:\/\/www.sportchaco.com.ar\/index.php?rest_route=\/wp\/v2\/media\/1843"}],"wp:attachment":[{"href":"https:\/\/www.sportchaco.com.ar\/index.php?rest_route=%2Fwp%2Fv2%2Fmedia&parent=1842"}],"wp:term":[{"taxonomy":"category","embeddable":true,"href":"https:\/\/www.sportchaco.com.ar\/index.php?rest_route=%2Fwp%2Fv2%2Fcategories&post=1842"},{"taxonomy":"post_tag","embeddable":true,"href":"https:\/\/www.sportchaco.com.ar\/index.php?rest_route=%2Fwp%2Fv2%2Ftags&post=1842"}],"curies":[{"name":"wp","href":"https:\/\/api.w.org\/{rel}","templated":true}]}}