{"id":18430,"date":"2025-04-23T12:04:55","date_gmt":"2025-04-23T15:04:55","guid":{"rendered":"https:\/\/www.sportchaco.com.ar\/?p=18430"},"modified":"2025-04-23T18:08:15","modified_gmt":"2025-04-23T21:08:15","slug":"deporte-convenio-entre-provincia-y-municipio","status":"publish","type":"post","link":"https:\/\/www.sportchaco.com.ar\/?p=18430","title":{"rendered":"Deporte: convenio entre Provincia y Municipio"},"content":{"rendered":"<p class=\"story-title entry-title\"><strong>23-04-2025<\/strong><\/p>\n<p><img loading=\"lazy\" decoding=\"async\" class=\"aligncenter wp-image-18209 size-large\" src=\"https:\/\/www.sportchaco.com.ar\/wp-content\/uploads\/2025\/04\/940x90-2-1024x99.gif\" alt=\"\" width=\"1024\" height=\"99\" srcset=\"https:\/\/www.sportchaco.com.ar\/wp-content\/uploads\/2025\/04\/940x90-2-1024x99.gif 1024w, https:\/\/www.sportchaco.com.ar\/wp-content\/uploads\/2025\/04\/940x90-2-300x29.gif 300w, https:\/\/www.sportchaco.com.ar\/wp-content\/uploads\/2025\/04\/940x90-2-768x74.gif 768w, https:\/\/www.sportchaco.com.ar\/wp-content\/uploads\/2025\/04\/940x90-2-1536x148.gif 1536w\" sizes=\"auto, (max-width: 1024px) 100vw, 1024px\" \/><\/p>\n<p>El representante provincial explic\u00f3 que el acuerdo establece que el Municipio y el Gobierno continuar\u00e1n trabajando de forma articulada, al igual que lo hicieron durante 2024. \u201cTuvimos muy bueno resultados, por eso pretendemos seguir por esa senda y tratar de mejorar, si es posible, porque necesitamos que la comunidad deportiva tenga las herramientas\u201d, indic\u00f3.<\/p>\n<div id=\"right-content\" class=\"relative\">\n<div id=\"content-area\" class=\"left relative\">\n<div id=\"feat-img-reg\" class=\"relative\"><img decoding=\"async\" class=\" lazyloaded\" src=\"https:\/\/baskettotal.com.ar\/wp-content\/uploads\/2025\/04\/IMG-20250422-WA0099-1000x600.jpg\" data-src=\"https:\/\/baskettotal.com.ar\/wp-content\/uploads\/2025\/04\/IMG-20250422-WA0099-1000x600.jpg\" \/><\/div>\n<div id=\"left-content-mobi\">\n<div class=\"author-info-mob-wrap\">\n<div><\/div>\n<\/div>\n<\/div>\n<div id=\"tps_slideContainer_27046\" class=\"theiaPostSlider_slides\">\n<p>El funcionario, adelant\u00f3, que uno de los proyectos es iluminar los predios de los barrios, para que puedan ser utilizados en un rango horario m\u00e1s amplio, sobre todo en \u00e9pocas de intenso calor. Adem\u00e1s, seguir\u00e1n con el Programa Chaco Juega y Resistencia Juega, que hace hincapi\u00e9 en el deporte social.<\/p>\n<p>De la reuni\u00f3n particip\u00f3 el secretario de Desarrollo Humano, Pablo Mujica, y el subsecretario de Deportes, Fabian Maffei, quien se\u00f1al\u00f3 que la Provincia har\u00e1 un aporte econ\u00f3mico para que la Municipalidad pueda adquirir los elementos deportivos necesarios para sus actividades. \u201cEl trabajo articulado es el mejor camino en beneficio de la comunidad\u201d, asegur\u00f3.<\/p>\n<p><img loading=\"lazy\" decoding=\"async\" class=\"aligncenter wp-image-18393 size-full\" src=\"https:\/\/www.sportchaco.com.ar\/wp-content\/uploads\/2025\/04\/120x200-2-2.gif\" alt=\"\" width=\"251\" height=\"418\" \/><\/p>\n<\/div>\n<\/div>\n<figure class=\"wp-block-image size-large\"><\/figure>\n<\/div>\n","protected":false},"excerpt":{"rendered":"<p>23-04-2025 El representante provincial explic\u00f3 que el acuerdo establece que el Municipio y el Gobierno continuar\u00e1n trabajando de forma articulada, al igual que lo hicieron durante 2024. \u201cTuvimos muy bueno resultados, por eso pretendemos seguir por esa senda y tratar de mejorar, si es posible, porque necesitamos que la comunidad deportiva tenga las herramientas\u201d, indic\u00f3. &hellip;<\/p>\n","protected":false},"author":2,"featured_media":18431,"comment_status":"open","ping_status":"open","sticky":false,"template":"","format":"standard","meta":{"footnotes":""},"categories":[44],"tags":[],"class_list":["post-18430","post","type-post","status-publish","format-standard","has-post-thumbnail","hentry","category-varios"],"_links":{"self":[{"href":"https:\/\/www.sportchaco.com.ar\/index.php?rest_route=\/wp\/v2\/posts\/18430","targetHints":{"allow":["GET"]}}],"collection":[{"href":"https:\/\/www.sportchaco.com.ar\/index.php?rest_route=\/wp\/v2\/posts"}],"about":[{"href":"https:\/\/www.sportchaco.com.ar\/index.php?rest_route=\/wp\/v2\/types\/post"}],"author":[{"embeddable":true,"href":"https:\/\/www.sportchaco.com.ar\/index.php?rest_route=\/wp\/v2\/users\/2"}],"replies":[{"embeddable":true,"href":"https:\/\/www.sportchaco.com.ar\/index.php?rest_route=%2Fwp%2Fv2%2Fcomments&post=18430"}],"version-history":[{"count":3,"href":"https:\/\/www.sportchaco.com.ar\/index.php?rest_route=\/wp\/v2\/posts\/18430\/revisions"}],"predecessor-version":[{"id":18434,"href":"https:\/\/www.sportchaco.com.ar\/index.php?rest_route=\/wp\/v2\/posts\/18430\/revisions\/18434"}],"wp:featuredmedia":[{"embeddable":true,"href":"https:\/\/www.sportchaco.com.ar\/index.php?rest_route=\/wp\/v2\/media\/18431"}],"wp:attachment":[{"href":"https:\/\/www.sportchaco.com.ar\/index.php?rest_route=%2Fwp%2Fv2%2Fmedia&parent=18430"}],"wp:term":[{"taxonomy":"category","embeddable":true,"href":"https:\/\/www.sportchaco.com.ar\/index.php?rest_route=%2Fwp%2Fv2%2Fcategories&post=18430"},{"taxonomy":"post_tag","embeddable":true,"href":"https:\/\/www.sportchaco.com.ar\/index.php?rest_route=%2Fwp%2Fv2%2Ftags&post=18430"}],"curies":[{"name":"wp","href":"https:\/\/api.w.org\/{rel}","templated":true}]}}