{"id":18447,"date":"2025-04-23T23:26:15","date_gmt":"2025-04-24T02:26:15","guid":{"rendered":"https:\/\/www.sportchaco.com.ar\/?p=18447"},"modified":"2025-04-23T23:26:15","modified_gmt":"2025-04-24T02:26:15","slug":"ciclismo-se-viene-la-competencia-clasica-del-25-de-mayo","status":"publish","type":"post","link":"https:\/\/www.sportchaco.com.ar\/?p=18447","title":{"rendered":"Ciclismo: Se viene la competencia cl\u00e1sica del 25 de Mayo"},"content":{"rendered":"<div dir=\"auto\"><img loading=\"lazy\" decoding=\"async\" class=\"alignnone size-medium wp-image-18449 aligncenter\" src=\"https:\/\/www.sportchaco.com.ar\/wp-content\/uploads\/2025\/04\/320x50-1-2-300x47.gif\" alt=\"\" width=\"300\" height=\"47\" srcset=\"https:\/\/www.sportchaco.com.ar\/wp-content\/uploads\/2025\/04\/320x50-1-2-300x47.gif 300w, https:\/\/www.sportchaco.com.ar\/wp-content\/uploads\/2025\/04\/320x50-1-2-1024x160.gif 1024w, https:\/\/www.sportchaco.com.ar\/wp-content\/uploads\/2025\/04\/320x50-1-2-768x120.gif 768w\" sizes=\"auto, (max-width: 300px) 100vw, 300px\" \/><\/div>\n<div dir=\"auto\"><\/div>\n<div dir=\"auto\">El pr\u00f3ximo 25 de mayo se disputar\u00e1 en el Vel+\u00f3dromo del Aeropuerto Internacional de Resistencia, la clasica competencia \u00ab25 de Mayo\u00bb, con un largo historial aunque antes se corr\u00eda en la Plaza que lleva el nombre de la fecha patria.<\/div>\n<div dir=\"auto\">El inicio de las actividades est\u00e1 previsto para los 8,30 con la inclusi\u00f3n de todas las categor\u00edas. En pocos d\u00edas m\u00e1s se conocer\u00e1 el link con los detalles de\u00a0 inscripciones ,categor\u00edas, premiaci\u00f3n, etc.<\/div>\n<div dir=\"auto\">Consultas: 3624-902226<\/div>\n<div dir=\"auto\"><span class=\"html-span xdj266r x11i5rnm xat24cr x1mh8g0r xexx8yu x4uap5 x18d9i69 xkhd6sd x1hl2dhg x16tdsg8 x1vvkbs\"><a class=\"x1i10hfl xjbqb8w x1ejq31n xd10rxx x1sy0etr x17r0tee x972fbf xcfux6l x1qhh985 xm0m39n x9f619 x1ypdohk xt0psk2 xe8uvvx xdj266r x11i5rnm xat24cr x1mh8g0r xexx8yu x4uap5 x18d9i69 xkhd6sd x16tdsg8 x1hl2dhg xggy1nq x1a2a7pz xkrqix3 x1sur9pj xzsf02u x1s688f\" tabindex=\"0\" role=\"link\" href=\"https:\/\/www.facebook.com\/search\/top?q=%40destacar&amp;__cft__[0]=AZWkmtRPP21s716WQ7KiyfLR-YsCxbJ13t8nECDJxoNagTlzUBVP35l1xpg6_jZd_pyZonjpy9J9IVGnVcEpPiSaMaPDE7R1c9ieIicizPwb-EmBjRXHUZODBvIq1TvTHr7b8rBnFoeI0PY0oJ_N8o9R8KCwzbbMhsmYnc098PxsOw\">@destacar<\/a><\/span><\/div>\n<div dir=\"auto\"><\/div>\n<div dir=\"auto\"><img loading=\"lazy\" decoding=\"async\" class=\"alignnone size-medium wp-image-18450 aligncenter\" src=\"https:\/\/www.sportchaco.com.ar\/wp-content\/uploads\/2025\/04\/Banners-creditos-otorgados-al-campo_300x600-150x300.gif\" alt=\"\" width=\"150\" height=\"300\" srcset=\"https:\/\/www.sportchaco.com.ar\/wp-content\/uploads\/2025\/04\/Banners-creditos-otorgados-al-campo_300x600-150x300.gif 150w, https:\/\/www.sportchaco.com.ar\/wp-content\/uploads\/2025\/04\/Banners-creditos-otorgados-al-campo_300x600-512x1024.gif 512w\" sizes=\"auto, (max-width: 150px) 100vw, 150px\" \/><\/div>\n","protected":false},"excerpt":{"rendered":"<p>El pr\u00f3ximo 25 de mayo se disputar\u00e1 en el Vel+\u00f3dromo del Aeropuerto Internacional de Resistencia, la clasica competencia \u00ab25 de Mayo\u00bb, con un largo historial aunque antes se corr\u00eda en la Plaza que lleva el nombre de la fecha patria. El inicio de las actividades est\u00e1 previsto para los 8,30 con la inclusi\u00f3n de todas &hellip;<\/p>\n","protected":false},"author":2,"featured_media":18448,"comment_status":"open","ping_status":"open","sticky":false,"template":"","format":"standard","meta":{"footnotes":""},"categories":[51],"tags":[],"class_list":["post-18447","post","type-post","status-publish","format-standard","has-post-thumbnail","hentry","category-ciclismo"],"_links":{"self":[{"href":"https:\/\/www.sportchaco.com.ar\/index.php?rest_route=\/wp\/v2\/posts\/18447","targetHints":{"allow":["GET"]}}],"collection":[{"href":"https:\/\/www.sportchaco.com.ar\/index.php?rest_route=\/wp\/v2\/posts"}],"about":[{"href":"https:\/\/www.sportchaco.com.ar\/index.php?rest_route=\/wp\/v2\/types\/post"}],"author":[{"embeddable":true,"href":"https:\/\/www.sportchaco.com.ar\/index.php?rest_route=\/wp\/v2\/users\/2"}],"replies":[{"embeddable":true,"href":"https:\/\/www.sportchaco.com.ar\/index.php?rest_route=%2Fwp%2Fv2%2Fcomments&post=18447"}],"version-history":[{"count":2,"href":"https:\/\/www.sportchaco.com.ar\/index.php?rest_route=\/wp\/v2\/posts\/18447\/revisions"}],"predecessor-version":[{"id":18517,"href":"https:\/\/www.sportchaco.com.ar\/index.php?rest_route=\/wp\/v2\/posts\/18447\/revisions\/18517"}],"wp:featuredmedia":[{"embeddable":true,"href":"https:\/\/www.sportchaco.com.ar\/index.php?rest_route=\/wp\/v2\/media\/18448"}],"wp:attachment":[{"href":"https:\/\/www.sportchaco.com.ar\/index.php?rest_route=%2Fwp%2Fv2%2Fmedia&parent=18447"}],"wp:term":[{"taxonomy":"category","embeddable":true,"href":"https:\/\/www.sportchaco.com.ar\/index.php?rest_route=%2Fwp%2Fv2%2Fcategories&post=18447"},{"taxonomy":"post_tag","embeddable":true,"href":"https:\/\/www.sportchaco.com.ar\/index.php?rest_route=%2Fwp%2Fv2%2Ftags&post=18447"}],"curies":[{"name":"wp","href":"https:\/\/api.w.org\/{rel}","templated":true}]}}