{"id":1854,"date":"2023-10-16T23:18:33","date_gmt":"2023-10-17T02:18:33","guid":{"rendered":"https:\/\/www.sportchaco.com.ar\/?p=1854"},"modified":"2023-10-16T23:18:33","modified_gmt":"2023-10-17T02:18:33","slug":"belgrano-supero-a-defensa-y-justicia-y-se-afirma-en-lo-alto-de-la-zona-b","status":"publish","type":"post","link":"https:\/\/www.sportchaco.com.ar\/?p=1854","title":{"rendered":"Belgrano super\u00f3 a Defensa y Justicia y se afirma en lo alto de la Zona B"},"content":{"rendered":"<h1><\/h1>\n<p class=\"description\"><strong>En Florencio Varela, el Pirata se impuso por 2-0 al Halc\u00f3n con goles de Passerini y S\u00e1nchez, por la fecha 9 de la Copa de la Liga Profesional 2023. Sigue arriba y sum\u00f3 para las Copas.<\/strong><\/p>\n<div class=\"article-info\">\n<div class=\"article-info-left\">\n<div class=\"article-autor-info\">\n<div class=\"article-autor-name\"><\/div>\n<\/div>\n<\/div>\n<\/div>\n<figure class=\"rat16x9\"><img decoding=\"async\" title=\"Belgrano festejo\" src=\"https:\/\/media.tycsports.com\/files\/2023\/10\/16\/631863\/belgrano-festejo_416x234.webp?v=1\" srcset=\"https:\/\/media.tycsports.com\/files\/2023\/10\/16\/631863\/belgrano-festejo_416x234.webp?v=1 480w ,https:\/\/media.tycsports.com\/files\/2023\/10\/16\/631863\/belgrano-festejo_862x485.webp?v=1 1080w \" alt=\"Belgrano festejo\" \/><\/figure>\n<div class=\"mam-async show\">\n<div class=\"mam-scores futbol\">\n<div class=\"mam-team mam-local\">\n<div class=\"mam-team-name\">\n<div class=\"mam-escudo\"><img decoding=\"async\" src=\"https:\/\/statics-files.tycsports.com\/escudos\/129.png?v=1\" alt=\"Defensa y Justicia\" \/><\/div>\n<h2>Defensa y Justicia 0<\/h2>\n<\/div>\n<\/div>\n<div class=\"mam-divider\">vs<\/div>\n<div class=\"mam-team mam-visitor\">\n<div class=\"mam-team-name\">\n<div class=\"mam-escudo\"><img decoding=\"async\" src=\"https:\/\/statics-files.tycsports.com\/escudos\/124.png?v=1\" alt=\"Belgrano\" \/><\/div>\n<h2>Belgrano 2<\/h2>\n<\/div>\n<\/div>\n<\/div>\n<div class=\"mam-legend\">\n<div class=\"mam-timer\"><\/div>\n<div class=\"mam-data show\">\n<div class=\"mam-marquee long-marquee\"><\/div>\n<\/div>\n<\/div>\n<\/div>\n<p class=\"capital\">Belgrano derrot\u00f3 este lunes por 2-0 a Defensa y Justicia\u00a0en el\u00a0Estadio Norberto Tomaghello, por la novena jornada de la zona B de la\u00a0Copa LPF. El conjunto cordob\u00e9s supo aprovechar su momento en el tr\u00e1mite y volvi\u00f3 a sumar de a tres para\u00a0asegurarse temprano en la fecha terminarla en lo alto de su grupo.<\/p>\n<div class=\"watchto-wrap\">\n<div class=\"watchto\">\n<div class=\"watchto-text\"><\/div>\n<div class=\"watchto-btn-view\"><\/div>\n<\/div>\n<\/div>\n<p>En el primer tiempo fue\u00a0el conjunto de Julio Vaccari el que movi\u00f3 los hilos,\u00a0m\u00e1s all\u00e1 de no contar con demasiado peligro excepto por un intento de Santiago Solari desactivado por Nahuel Losada. Pero el complemento arranc\u00f3 con m\u00e1s espacios para ambos y amag\u00f3 el local con aprovecharlos con un tiro del palo- despu\u00e9s el VAR descart\u00f3 una mano de Santiago Longo- y un disparo de Lucas Pratto que ahog\u00f3 Losada. Sin embargo, el Pirata respondi\u00f3 con virulencia con un disparo de Mat\u00edas Mar\u00edn desviado en Nicol\u00e1s Tripicchio y estrellado en el poste y, en la siguiente, con la apertura del marcador.<\/p>\n<p>Lucas Passerini\u00a0cabece\u00f3 alto y con precisi\u00f3n un c\u00f3rner desde la derecha y abri\u00f3 la cuenta a los 14 minutos, y a los 22 fue Passerini el que envi\u00f3 un centro desde la derecha que recibi\u00f3\u00a0Ulises S\u00e1nchez\u00a0para sorprender a Enrique Bologna con una definici\u00f3n al primer palo.<\/p>\n<p>As\u00ed, el conjunto de Guillermo Farr\u00e9 se qued\u00f3 con todo el premio con merecimientos y, adem\u00e1s del liderazgo, sigue\u00a0sumando para adentrarse en zona de Copa Sudamericana\u00a0y so\u00f1ar con m\u00e1s. TyC Sports<\/p>\n","protected":false},"excerpt":{"rendered":"<p>En Florencio Varela, el Pirata se impuso por 2-0 al Halc\u00f3n con goles de Passerini y S\u00e1nchez, por la fecha 9 de la Copa de la Liga Profesional 2023. Sigue arriba y sum\u00f3 para las Copas. Defensa y Justicia 0 vs Belgrano 2 Belgrano derrot\u00f3 este lunes por 2-0 a Defensa y Justicia\u00a0en el\u00a0Estadio Norberto &hellip;<\/p>\n","protected":false},"author":2,"featured_media":0,"comment_status":"open","ping_status":"open","sticky":false,"template":"","format":"standard","meta":{"footnotes":""},"categories":[47],"tags":[],"class_list":["post-1854","post","type-post","status-publish","format-standard","hentry","category-nacionales"],"_links":{"self":[{"href":"https:\/\/www.sportchaco.com.ar\/index.php?rest_route=\/wp\/v2\/posts\/1854","targetHints":{"allow":["GET"]}}],"collection":[{"href":"https:\/\/www.sportchaco.com.ar\/index.php?rest_route=\/wp\/v2\/posts"}],"about":[{"href":"https:\/\/www.sportchaco.com.ar\/index.php?rest_route=\/wp\/v2\/types\/post"}],"author":[{"embeddable":true,"href":"https:\/\/www.sportchaco.com.ar\/index.php?rest_route=\/wp\/v2\/users\/2"}],"replies":[{"embeddable":true,"href":"https:\/\/www.sportchaco.com.ar\/index.php?rest_route=%2Fwp%2Fv2%2Fcomments&post=1854"}],"version-history":[{"count":1,"href":"https:\/\/www.sportchaco.com.ar\/index.php?rest_route=\/wp\/v2\/posts\/1854\/revisions"}],"predecessor-version":[{"id":1855,"href":"https:\/\/www.sportchaco.com.ar\/index.php?rest_route=\/wp\/v2\/posts\/1854\/revisions\/1855"}],"wp:attachment":[{"href":"https:\/\/www.sportchaco.com.ar\/index.php?rest_route=%2Fwp%2Fv2%2Fmedia&parent=1854"}],"wp:term":[{"taxonomy":"category","embeddable":true,"href":"https:\/\/www.sportchaco.com.ar\/index.php?rest_route=%2Fwp%2Fv2%2Fcategories&post=1854"},{"taxonomy":"post_tag","embeddable":true,"href":"https:\/\/www.sportchaco.com.ar\/index.php?rest_route=%2Fwp%2Fv2%2Ftags&post=1854"}],"curies":[{"name":"wp","href":"https:\/\/api.w.org\/{rel}","templated":true}]}}