{"id":18569,"date":"2025-04-26T22:59:20","date_gmt":"2025-04-27T01:59:20","guid":{"rendered":"https:\/\/www.sportchaco.com.ar\/?p=18569"},"modified":"2025-04-26T22:59:20","modified_gmt":"2025-04-27T01:59:20","slug":"efemerides-del-27-de-abril-2","status":"publish","type":"post","link":"https:\/\/www.sportchaco.com.ar\/?p=18569","title":{"rendered":"Efem\u00e9rides del 27 de abril"},"content":{"rendered":"<div class=\"container fullwidth-entry-title-wrapper\">\n<div class=\"container-wrapper fullwidth-entry-title\">\n<header class=\"entry-header-outer\">\n<div class=\"entry-header\">\n<h1 class=\"post-title entry-title\"><\/h1>\n<div class=\"single-post-meta post-meta clearfix\"><\/div>\n<\/div>\n<\/header>\n<\/div>\n<\/div>\n<div id=\"content\" class=\"site-content container\">\n<div id=\"main-content-row\" class=\"tie-row main-content-row\">\n<div class=\"main-content tie-col-md-8 tie-col-xs-12\" role=\"main\">\n<article id=\"the-post\" class=\"container-wrapper post-content tie-standard\">\n<div class=\"featured-area\">\n<div class=\"featured-area-inner\">\n<figure class=\"single-featured-image\"><\/figure>\n<\/div>\n<\/div>\n<div class=\"entry-content entry clearfix\">\n<p><strong>Esta es la Efem\u00e9rides del Deporte en el Chaco de un 27 de abril del periodista Luis Dar\u00edo Molodezky.<\/strong><\/p>\n<p>&nbsp;<\/p>\n<p>&nbsp;<\/p>\n<p><img loading=\"lazy\" decoding=\"async\" class=\"alignnone size-full wp-image-18420 aligncenter\" src=\"https:\/\/www.sportchaco.com.ar\/wp-content\/uploads\/2025\/04\/Luis-2025-marzo-3-300x229-1.jpg\" alt=\"\" width=\"300\" height=\"229\" \/><\/p>\n<p style=\"text-align: center;\">\u00a0<img loading=\"lazy\" decoding=\"async\" class=\"alignnone size-medium wp-image-18571\" src=\"https:\/\/www.sportchaco.com.ar\/wp-content\/uploads\/2025\/04\/Chaco-si-n-fuego-2-940x90-3-1-300x29.gif\" alt=\"\" width=\"300\" height=\"29\" srcset=\"https:\/\/www.sportchaco.com.ar\/wp-content\/uploads\/2025\/04\/Chaco-si-n-fuego-2-940x90-3-1-300x29.gif 300w, https:\/\/www.sportchaco.com.ar\/wp-content\/uploads\/2025\/04\/Chaco-si-n-fuego-2-940x90-3-1-1024x99.gif 1024w, https:\/\/www.sportchaco.com.ar\/wp-content\/uploads\/2025\/04\/Chaco-si-n-fuego-2-940x90-3-1-768x74.gif 768w, https:\/\/www.sportchaco.com.ar\/wp-content\/uploads\/2025\/04\/Chaco-si-n-fuego-2-940x90-3-1-1536x148.gif 1536w\" sizes=\"auto, (max-width: 300px) 100vw, 300px\" \/><\/p>\n<p><strong>1948\u00a0<\/strong>\/ Se decide hacer la primera Vuelta del Chaco. La comisi\u00f3n organizadora es encabezada por Carlos Solveyra Tomkinson como presidente, Aldo Agazzani vice, Ricardo Moro secretario, Calixto Le\u00f3n, tesorero, Andr\u00e9s Via\u00edn, pro tesorero, Juan Yensen, vocales Emilio St\u00e9fani, V\u00edctor Romagnoli, Hip\u00f3lito Gangozo, Faustino Cerrudo y Pl\u00e1cido Rodr\u00edguez<\/p>\n<p><strong>1958 \/<\/strong>\u00a0H\u00e9ctor \u201cTronquito Gamarra debuta en Sarmiento, que empata 2 a 2 con Estudiantes. Casi sin saberlo, protagoniza \u2013 en parte \u2013 lo que fue la \u201c\u00e9poca de oro\u201d de esa instituci\u00f3n. En ese equipo brillaban Eleuterio Gonz\u00e1lez, Norberto Pentenero, Luis Mar\u00eda Sejas, Manuel Luciano Ben\u00edtez, Jos\u00e9 Lestani, Roberto Rosciani y Waldemar Santos Oliveira Gamarra. Ese a\u00f1o, Sarmiento logra su s\u00e9ptimo t\u00edtulo consecutivo en el Torneo Oficial de la Liga.<\/p>\n<p><strong>1996\u00a0<\/strong>\/ Fallece el periodista Pablo Alberto Mensi, quien durante muchos a\u00f1os perteneci\u00f3 al plantel de Diario Norte (jefe de redacci\u00f3n y deportes) y desde siempre corresponsal de Cr\u00f3nica y Goles en toda la regi\u00f3n. Mensi era de esos tipos que se hac\u00edan notar siempre en el momento justo y luego desaparec\u00edan. Todos lo recuerdan como un verdadero caballero, siempre dispuesto a la amistad, al trato cordial. Atento hasta la exageraci\u00f3n. Generoso en el campo profesional, siempre sol\u00eda alertar sobre acontecimientos y aportar datos de una noticia que \u00e9l s\u00f3lo conoc\u00eda.<\/p>\n<p><strong>1997\u00a0<\/strong>\/ El golfista Jos\u00e9 C\u00f3ceres logra el primer t\u00edtulo internacional al imponerse en el abierto de Catalu\u00f1a de Golf, con 13 golpes bajo el par de la cancha, seguido por el franc\u00e9s Jean Louis Guepy a 3 golpes. El chaque\u00f1o gan\u00f3 un premio de 75 mil d\u00f3lares. El torneo se jug\u00f3 en Gerona, Espa\u00f1a.<\/p>\n<p><strong>2007\u00a0<\/strong>\/ Visita Charata el entrenador de la Selecciones Menores de la CABB, Enrique Tolcachier con los programas \u201cB\u00e1squet con todos\u201d, \u201cB\u00e1squet escolar\u201d, \u201cPlan altura\u201d, \u201cDetecci\u00f3n de talentos\u201d y \u201cCapacitaciones\u201d.<\/p>\n<p>&nbsp;<\/p>\n<p><strong>Foto portada: Pablo Alberto Mensi<\/strong><\/p>\n<\/div>\n<p style=\"text-align: center;\"><img loading=\"lazy\" decoding=\"async\" class=\"alignnone size-medium wp-image-18572\" src=\"https:\/\/www.sportchaco.com.ar\/wp-content\/uploads\/2025\/04\/CONECTIVIDAD1-240x300.jpg\" alt=\"\" width=\"240\" height=\"300\" srcset=\"https:\/\/www.sportchaco.com.ar\/wp-content\/uploads\/2025\/04\/CONECTIVIDAD1-240x300.jpg 240w, https:\/\/www.sportchaco.com.ar\/wp-content\/uploads\/2025\/04\/CONECTIVIDAD1-819x1024.jpg 819w, https:\/\/www.sportchaco.com.ar\/wp-content\/uploads\/2025\/04\/CONECTIVIDAD1-768x960.jpg 768w, https:\/\/www.sportchaco.com.ar\/wp-content\/uploads\/2025\/04\/CONECTIVIDAD1-1229x1536.jpg 1229w, https:\/\/www.sportchaco.com.ar\/wp-content\/uploads\/2025\/04\/CONECTIVIDAD1.jpg 1440w\" sizes=\"auto, (max-width: 240px) 100vw, 240px\" \/> <img loading=\"lazy\" decoding=\"async\" class=\"alignnone size-medium wp-image-18573\" src=\"https:\/\/www.sportchaco.com.ar\/wp-content\/uploads\/2025\/04\/CONECTIVIDAD-240x300.jpg\" alt=\"\" width=\"240\" height=\"300\" srcset=\"https:\/\/www.sportchaco.com.ar\/wp-content\/uploads\/2025\/04\/CONECTIVIDAD-240x300.jpg 240w, https:\/\/www.sportchaco.com.ar\/wp-content\/uploads\/2025\/04\/CONECTIVIDAD.jpg 480w\" sizes=\"auto, (max-width: 240px) 100vw, 240px\" \/><\/p>\n<div class=\"entry-content entry clearfix\">\n<div class=\"post-bottom-meta post-bottom-edit\">\n<div class=\"post-bottom-meta-title\"><\/div>\n<\/div>\n<\/div>\n<\/article>\n<\/div>\n<\/div>\n<\/div>\n","protected":false},"excerpt":{"rendered":"<p>Esta es la Efem\u00e9rides del Deporte en el Chaco de un 27 de abril del periodista Luis Dar\u00edo Molodezky. &nbsp; &nbsp; \u00a0 1948\u00a0\/ Se decide hacer la primera Vuelta del Chaco. La comisi\u00f3n organizadora es encabezada por Carlos Solveyra Tomkinson como presidente, Aldo Agazzani vice, Ricardo Moro secretario, Calixto Le\u00f3n, tesorero, Andr\u00e9s Via\u00edn, pro tesorero, &hellip;<\/p>\n","protected":false},"author":2,"featured_media":18570,"comment_status":"open","ping_status":"open","sticky":false,"template":"","format":"standard","meta":{"footnotes":""},"categories":[34,45],"tags":[],"class_list":["post-18569","post","type-post","status-publish","format-standard","has-post-thumbnail","hentry","category-abril","category-efemerides-dia-por-dia"],"_links":{"self":[{"href":"https:\/\/www.sportchaco.com.ar\/index.php?rest_route=\/wp\/v2\/posts\/18569","targetHints":{"allow":["GET"]}}],"collection":[{"href":"https:\/\/www.sportchaco.com.ar\/index.php?rest_route=\/wp\/v2\/posts"}],"about":[{"href":"https:\/\/www.sportchaco.com.ar\/index.php?rest_route=\/wp\/v2\/types\/post"}],"author":[{"embeddable":true,"href":"https:\/\/www.sportchaco.com.ar\/index.php?rest_route=\/wp\/v2\/users\/2"}],"replies":[{"embeddable":true,"href":"https:\/\/www.sportchaco.com.ar\/index.php?rest_route=%2Fwp%2Fv2%2Fcomments&post=18569"}],"version-history":[{"count":1,"href":"https:\/\/www.sportchaco.com.ar\/index.php?rest_route=\/wp\/v2\/posts\/18569\/revisions"}],"predecessor-version":[{"id":18574,"href":"https:\/\/www.sportchaco.com.ar\/index.php?rest_route=\/wp\/v2\/posts\/18569\/revisions\/18574"}],"wp:featuredmedia":[{"embeddable":true,"href":"https:\/\/www.sportchaco.com.ar\/index.php?rest_route=\/wp\/v2\/media\/18570"}],"wp:attachment":[{"href":"https:\/\/www.sportchaco.com.ar\/index.php?rest_route=%2Fwp%2Fv2%2Fmedia&parent=18569"}],"wp:term":[{"taxonomy":"category","embeddable":true,"href":"https:\/\/www.sportchaco.com.ar\/index.php?rest_route=%2Fwp%2Fv2%2Fcategories&post=18569"},{"taxonomy":"post_tag","embeddable":true,"href":"https:\/\/www.sportchaco.com.ar\/index.php?rest_route=%2Fwp%2Fv2%2Ftags&post=18569"}],"curies":[{"name":"wp","href":"https:\/\/api.w.org\/{rel}","templated":true}]}}