{"id":1858,"date":"2023-10-16T23:27:03","date_gmt":"2023-10-17T02:27:03","guid":{"rendered":"https:\/\/www.sportchaco.com.ar\/?p=1858"},"modified":"2023-10-16T23:27:03","modified_gmt":"2023-10-17T02:27:03","slug":"belgica-vs-suecia-suspendido-por-un-supuesto-ataque-terrorista-hay-al-menos-dos-muertos","status":"publish","type":"post","link":"https:\/\/www.sportchaco.com.ar\/?p=1858","title":{"rendered":"B\u00e9lgica vs. Suecia, suspendido por un supuesto ataque terrorista: hay al menos dos muertos"},"content":{"rendered":"<h1><\/h1>\n<p class=\"description\">Los jugadores de ambos equipos se negaron a disputar el segundo tiempo por miedo a que el asesino ingrese al estadio, por las Eliminatorias Eurocopa UEFA.<\/p>\n<div class=\"article-info\">\n<div class=\"article-info-left\">\n<div class=\"article-autor-info\">\n<div class=\"article-autor-name\"><time datetime=\"2023-10-16T18:35:50-03:00\">16\/10\/2023 06:35 pm<\/time><\/div>\n<\/div>\n<\/div>\n<\/div>\n<figure class=\"rat16x9\"><img decoding=\"async\" title=\"B\u00e9lgica vs. Suecia\" src=\"https:\/\/media.tycsports.com\/files\/2023\/10\/16\/631727\/belgica-vs-suecia_416x234.webp?v=1\" srcset=\"https:\/\/media.tycsports.com\/files\/2023\/10\/16\/631727\/belgica-vs-suecia_416x234.webp?v=1 480w ,https:\/\/media.tycsports.com\/files\/2023\/10\/16\/631727\/belgica-vs-suecia_862x485.webp?v=1 1080w \" alt=\"B\u00e9lgica vs. Suecia\" \/><\/figure>\n<div class=\"mam-async show\" data-channel=\"deportes.futbol.eliminatoriaseuro.ficha.670382\" data-size=\"big\">\n<div class=\"mam-scores futbol\">\n<div class=\"mam-team mam-local\">\n<div class=\"mam-team-name\">\n<div class=\"mam-escudo\"><img decoding=\"async\" src=\"https:\/\/statics-files.tycsports.com\/escudos\/446.png?v=1.0\" alt=\"B\u00e9lgica\" \/><\/div>\n<h4>B\u00e9lgica 1<\/h4>\n<\/div>\n<div class=\"mam-score\">\n<div class=\"mam-tie\"><\/div>\n<\/div>\n<\/div>\n<div class=\"mam-divider\">vs<\/div>\n<div class=\"mam-team mam-visitor\">\n<div class=\"mam-team-name\">\n<div class=\"mam-escudo\"><img decoding=\"async\" src=\"https:\/\/statics-files.tycsports.com\/escudos\/295.png?v=1.0\" alt=\"Suecia\" \/><\/div>\n<h4>Suecia 1<\/h4>\n<\/div>\n<div class=\"mam-score\">\n<div class=\"mam-tie\"><\/div>\n<\/div>\n<\/div>\n<\/div>\n<div class=\"mam-legend\">\n<div class=\"mam-timer\"><\/div>\n<div class=\"mam-data show\">\n<div class=\"mam-marquee\"><\/div>\n<\/div>\n<\/div>\n<\/div>\n<p class=\"capital\">Horror en Europa. El partido entre\u00a0B\u00e9lgica\u00a0y\u00a0Suecia, por las\u00a0Eliminatorias Eurocopa UEFA, fue\u00a0suspendido tras un supuesto ataque terrorista\u00a0que dej\u00f3 un saldo de dos muertos y un herido\u00a0en\u00a0Bruselas.<\/p>\n<div class=\"watchto-wrap\">\n<div class=\"watchto\"><\/div>\n<\/div>\n<p>Ya con el marcador 1-1, l<b>os jugadores de ambos equipos se negaron a disputar el segundo tiempo<\/b>\u00a0por miedo a que el asesino, vestido con una chaqueta naranja fluorescente y un casco blanco, montado en una scooter, ingrese al Estadio Rey Balduino (cont\u00f3 con 35 mil espectadores).<\/p>\n<p>El atacante, que a\u00fan no ha sido identificado ni detenido, public\u00f3 posteriormente un video a las redes sociales en las que afirma pertenecer al Estado Isl\u00e1mico y presume de haber ejecutado a \u201cinfieles\u201d, cerca de la plaza Sainctelette.<\/p>\n<p>Las\u00a0<b>v<\/b>\u00edctimas fatales son dos seguidores suecos que vest\u00edan camisetas del equipo n\u00f3rdico, adem\u00e1s de un tercero (el taxista que los iba a llevar a la cancha) que sufri\u00f3 heridas, est\u00e1 hospitalizado y se encuentra fuera de peligro.<\/p>\n<p>Seg\u00fan los medios europeos, el nivel de anti-terrorismo en\u00a0Bruselasse elev\u00f3 a cuatro, el nivel m\u00e1s alto desde los atentados. Esto solo aplica en la capital.<\/p>\n<p>&nbsp;<\/p>\n<p>&nbsp;<\/p>\n<figure class=\"w-100\"><\/figure>\n<p>&nbsp;<\/p>\n","protected":false},"excerpt":{"rendered":"<p>Los jugadores de ambos equipos se negaron a disputar el segundo tiempo por miedo a que el asesino ingrese al estadio, por las Eliminatorias Eurocopa UEFA. 16\/10\/2023 06:35 pm B\u00e9lgica 1 vs Suecia 1 Horror en Europa. El partido entre\u00a0B\u00e9lgica\u00a0y\u00a0Suecia, por las\u00a0Eliminatorias Eurocopa UEFA, fue\u00a0suspendido tras un supuesto ataque terrorista\u00a0que dej\u00f3 un saldo de dos &hellip;<\/p>\n","protected":false},"author":2,"featured_media":0,"comment_status":"open","ping_status":"open","sticky":false,"template":"","format":"standard","meta":{"footnotes":""},"categories":[6],"tags":[],"class_list":["post-1858","post","type-post","status-publish","format-standard","hentry","category-internacionales"],"_links":{"self":[{"href":"https:\/\/www.sportchaco.com.ar\/index.php?rest_route=\/wp\/v2\/posts\/1858","targetHints":{"allow":["GET"]}}],"collection":[{"href":"https:\/\/www.sportchaco.com.ar\/index.php?rest_route=\/wp\/v2\/posts"}],"about":[{"href":"https:\/\/www.sportchaco.com.ar\/index.php?rest_route=\/wp\/v2\/types\/post"}],"author":[{"embeddable":true,"href":"https:\/\/www.sportchaco.com.ar\/index.php?rest_route=\/wp\/v2\/users\/2"}],"replies":[{"embeddable":true,"href":"https:\/\/www.sportchaco.com.ar\/index.php?rest_route=%2Fwp%2Fv2%2Fcomments&post=1858"}],"version-history":[{"count":1,"href":"https:\/\/www.sportchaco.com.ar\/index.php?rest_route=\/wp\/v2\/posts\/1858\/revisions"}],"predecessor-version":[{"id":1859,"href":"https:\/\/www.sportchaco.com.ar\/index.php?rest_route=\/wp\/v2\/posts\/1858\/revisions\/1859"}],"wp:attachment":[{"href":"https:\/\/www.sportchaco.com.ar\/index.php?rest_route=%2Fwp%2Fv2%2Fmedia&parent=1858"}],"wp:term":[{"taxonomy":"category","embeddable":true,"href":"https:\/\/www.sportchaco.com.ar\/index.php?rest_route=%2Fwp%2Fv2%2Fcategories&post=1858"},{"taxonomy":"post_tag","embeddable":true,"href":"https:\/\/www.sportchaco.com.ar\/index.php?rest_route=%2Fwp%2Fv2%2Ftags&post=1858"}],"curies":[{"name":"wp","href":"https:\/\/api.w.org\/{rel}","templated":true}]}}