{"id":18586,"date":"2025-04-27T11:18:19","date_gmt":"2025-04-27T14:18:19","guid":{"rendered":"https:\/\/www.sportchaco.com.ar\/?p=18586"},"modified":"2025-04-27T11:20:09","modified_gmt":"2025-04-27T14:20:09","slug":"18586","status":"publish","type":"post","link":"https:\/\/www.sportchaco.com.ar\/?p=18586","title":{"rendered":"La primera vez de Alex M\u00e1rquez en MotoGP"},"content":{"rendered":"<header class=\"a_e _g _g-xs\">\n<div class=\"a_e_txt _df\">\n<h4 class=\"a_t\">\u00c1lex M\u00e1rquez gana por primera vez en MotoGP tras la ca\u00edda de Marc en el GP de Espa\u00f1a. El peque\u00f1o de la saga familiar de campeones se estrena en la categor\u00eda reina y le arrebata de nuevo el liderato a su hermano, que cay\u00f3 en la tercera vuelta<\/h4>\n<\/div>\n<div class=\"a_e_m\">\n<figure class=\"a_m a_m-h \"><span class=\"a_m_w _db\"><img loading=\"lazy\" decoding=\"async\" class=\"_re a_m-h\" src=\"https:\/\/imagenes.elpais.com\/resizer\/v2\/MBVIDMDXLVFIXIYCM3XCI6ZCVI.JPG?auth=ea34c89ed8894b3192ae06b3a34f70698f8aea4c5a0a86117679e859412e61d2&amp;width=414\" sizes=\"auto, (min-width:1199px)1155px,(min-width:1001px)95vw,(min-width:768px)767px,100vw\" srcset=\"https:\/\/imagenes.elpais.com\/resizer\/v2\/MBVIDMDXLVFIXIYCM3XCI6ZCVI.JPG?auth=ea34c89ed8894b3192ae06b3a34f70698f8aea4c5a0a86117679e859412e61d2&amp;width=414 414w,https:\/\/imagenes.elpais.com\/resizer\/v2\/MBVIDMDXLVFIXIYCM3XCI6ZCVI.JPG?auth=ea34c89ed8894b3192ae06b3a34f70698f8aea4c5a0a86117679e859412e61d2&amp;width=828 640w,https:\/\/imagenes.elpais.com\/resizer\/v2\/MBVIDMDXLVFIXIYCM3XCI6ZCVI.JPG?auth=ea34c89ed8894b3192ae06b3a34f70698f8aea4c5a0a86117679e859412e61d2&amp;width=980 1000w,https:\/\/imagenes.elpais.com\/resizer\/v2\/MBVIDMDXLVFIXIYCM3XCI6ZCVI.JPG?auth=ea34c89ed8894b3192ae06b3a34f70698f8aea4c5a0a86117679e859412e61d2&amp;width=1200 1200w\" alt=\"Alex M\u00e1rquez\" width=\"414\" height=\"290\" \/><\/span><figcaption class=\"a_m_p\" aria-hidden=\"true\"><em>Alex M\u00e1rquez celebra la victoria en el GP de Jerez este domingo.<span class=\"a_m_m\">Jon Nazca (REUTERS)<\/span><\/em><\/figcaption><\/figure>\n<\/div>\n<\/header>\n<div class=\"a_md _g _g-xs \">\n<figure class=\"a_md_i a_m-h c_m--nf\"><span class=\"a_m_w _db\"><img loading=\"lazy\" decoding=\"async\" class=\"_re lazyload a_m-h\" src=\"https:\/\/imagenes.elpais.com\/resizer\/v2\/https%3A%2F%2Fauthor-service-images-prod-us-east-1.publishing.aws.arc.pub%2Fprisa%2F301fa653-9d70-4070-af7e-7ba911b5fa0d.png?auth=d8ec52252d45dc2ca5f8e92b5a11f1247adc028099f8b4cc1193be164eaa7876&amp;width=100&amp;height=100&amp;smart=true\" alt=\"Guille \u00c1lvarez\" width=\"100\" height=\"100\" \/><\/span><\/figure>\n<div class=\"a_md_txt\">\n<div class=\"a_md_a\" data-dtm-region=\"articulo_firma\"><span style=\"color: #000000;\"><a class=\"a_md_a_n\" style=\"color: #000000;\" title=\"Ver todas las noticias de Guille \u00c1lvarez\" href=\"https:\/\/elpais.com\/autor\/guillermo-alvarez-sanchez\/#?rel=author_top\">Guille \u00c1lvarez<\/a><\/span><\/div>\n<div class=\"a_md_f\"><span style=\"color: #000000;\">Jerez &#8211;\u00a0<a style=\"color: #000000;\" href=\"https:\/\/elpais.com\/hemeroteca\/2025-04-27\/\" data-date=\"2025-04-27T15:20:28+02:00\">27\u00a0<abbr title=\"abril\">ABR<\/abbr>\u00a02025 &#8211;\u00a0<\/a>EL PAIS<\/span><\/div>\n<div class=\"w_rs\" data-dtm-region=\"articulo_botonera-social\">\n<div class=\"w_rs_i\"><\/div>\n<div class=\"w_rs_i\"><\/div>\n<div class=\"w_rs_i\"><\/div>\n<div class=\"w_rs_i\"><\/div>\n<div class=\"w_rs_i\"><\/div>\n<\/div>\n<\/div>\n<\/div>\n<div class=\"a_c clearfix\" data-dtm-region=\"articulo_cuerpo\">\n<p class=\"\"><strong><span style=\"color: #000000;\"><a style=\"color: #000000;\" title=\"https:\/\/elpais.com\/noticias\/alex-marquez-alenta\/\" href=\"https:\/\/elpais.com\/noticias\/alex-marquez-alenta\/\" target=\"_self\" rel=\"noopener\" data-link-track-dtm=\"\">\u00c1lex M\u00e1rquez Alent\u00e0<\/a><\/span>\u00a0(Cervera, Lleida, 29 a\u00f1os) ya es ganador en MotoGP. El peque\u00f1o de la saga familiar de campeones se estren\u00f3 por fin en una prueba larga de la categor\u00eda reina el mismo d\u00eda en que su hermano Marc no logr\u00f3 espantar de forma definitiva sus fantasmas en Jerez.<\/strong><\/p>\n<p class=\"\">El bicampe\u00f3n del mundo, coronado en Moto3 en 2014 y Moto2 en 2019, supo mantener la cabeza fr\u00eda en un GP de Espa\u00f1a plagado de topetazos y ca\u00eddas, superando en el camino hacia el caj\u00f3n m\u00e1s alto con su Ducati sat\u00e9lite del equipo Gresini a dos campeones de la talla de Fabio Quartararo y Pecco Bagnaia, especialistas precisamente en el trazado andaluz y sus acompa\u00f1antes en el podio.<\/p>\n<p class=\"\"><a title=\"https:\/\/elpais.com\/deportes\/motociclismo\/2025-03-02\/los-llantos-de-alegria-de-los-marquez-alenta-no-puedo-ni-imaginar-como-se-sienten-nuestros-padres.html\" href=\"https:\/\/elpais.com\/deportes\/motociclismo\/2025-03-02\/los-llantos-de-alegria-de-los-marquez-alenta-no-puedo-ni-imaginar-como-se-sienten-nuestros-padres.html\" target=\"_self\" rel=\"noopener\" data-link-track-dtm=\"\"><span style=\"color: #000000;\">Lloraban los padres de los monstruos de Cervera<\/span><\/a>\u00a0una vez m\u00e1s, Juli\u00e0 y Roser, en el garaje de los italianos. Ellos sab\u00edan lo importante que era esta victoria para el chaval que ha soportado toda la vida, con una entereza encomiable, el peso de ser \u201cel hermano de\u201d. El triunfo liquida las \u00faltimas dudas que pudieran quedar y son la carta de presentaci\u00f3n al t\u00edtulo del nuevo l\u00edder del Mundial con 140 puntos, uno por delante de su hermano y ocho veces campe\u00f3n del mundo. Los hermanos M\u00e1rquez Alnt\u00e0 son los primeros en imponerse en un gran premio de MotoGP, y fue en el abrazo con Marc cuando \u00c1lex se deshizo en un mar de l\u00e1grimas.<\/p>\n<div id=\"elpais_gpt-INTEXT\"><\/div>\n<figure class=\"a_m a_m-h \"><span class=\"_db a_m_w _pr lb_btn\"><img loading=\"lazy\" decoding=\"async\" class=\"_re lazyload a_m-h\" src=\"https:\/\/imagenes.elpais.com\/resizer\/v2\/6NOPAIKQD5YFQEXE6A5CYYFO6A.jpg?auth=9ecc8917490e83032072ea899b433a487d248f16b71b374154307dabbc847546&amp;width=414\" sizes=\"auto, (min-width:1199px) 1155px,(min-width:1001px) calc(100vw - 44px),(min-width:768px) 767px, 100vw\" srcset=\"https:\/\/imagenes.elpais.com\/resizer\/v2\/6NOPAIKQD5YFQEXE6A5CYYFO6A.jpg?auth=9ecc8917490e83032072ea899b433a487d248f16b71b374154307dabbc847546&amp;width=414 414w,https:\/\/imagenes.elpais.com\/resizer\/v2\/6NOPAIKQD5YFQEXE6A5CYYFO6A.jpg?auth=9ecc8917490e83032072ea899b433a487d248f16b71b374154307dabbc847546&amp;width=828 640w,https:\/\/imagenes.elpais.com\/resizer\/v2\/6NOPAIKQD5YFQEXE6A5CYYFO6A.jpg?auth=9ecc8917490e83032072ea899b433a487d248f16b71b374154307dabbc847546&amp;width=980 1000w,https:\/\/imagenes.elpais.com\/resizer\/v2\/6NOPAIKQD5YFQEXE6A5CYYFO6A.jpg?auth=9ecc8917490e83032072ea899b433a487d248f16b71b374154307dabbc847546&amp;width=1960 1960w\" alt=\"Marc M\u00e1rquez abraza a su hermano \u00c1lex M\u00e1rquez, ganador en el GP de Jerez de este domingo.\" width=\"414\" height=\"277\" \/><\/span><figcaption class=\"a_m_p\" aria-hidden=\"true\">Marc M\u00e1rquez abraza a su hermano \u00c1lex M\u00e1rquez, ganador en el GP de Jerez de este domingo.<span class=\"a_m_m\">Jose Breton (AP)<\/span><\/figcaption><\/figure>\n<p class=\"\">\u201cEs el mejor regalo de cumplea\u00f1os de mi vida. Conseguir mi primera victoria aqu\u00ed en Jerez es incre\u00edble. Cuando par\u00e9 en Nieto y Peluqui pens\u00e9 en sacar el saco y quedarme a dormir aqu\u00ed esta noche, no puedo pedirle m\u00e1s a la afici\u00f3n\u201d, constataba \u00c1lex, que en el pasado se hab\u00eda llevado dos \u2018sprint\u2019 y en total acumula 13 victorias y 47 podios mundialistas. \u201cEstoy muy feliz, porque ha costado mucho, m\u00e1s que todos los cul\u00e9s. Siento una mezcla de emoci\u00f3n y felicidad, pero hoy me lo imaginaba. Al despertar ten\u00eda la sensaci\u00f3n de que si todo iba bien \u00edbamos a luchar\u201d, a\u00f1ad\u00eda tras haber soplado velas el pasado mi\u00e9rcoles.<\/p>\n<p class=\"\"><a title=\"https:\/\/elpais.com\/deportes\/motociclismo\/2025-03-30\/marc-marquez-se-cae-vence-bagnaia-y-alex-lidera-el-mundial.html\" href=\"https:\/\/elpais.com\/deportes\/motociclismo\/2025-03-30\/marc-marquez-se-cae-vence-bagnaia-y-alex-lidera-el-mundial.html\" target=\"_self\" rel=\"noopener\" data-link-track-dtm=\"\">El rev\u00e9s de Marc M\u00e1rquez<\/a>\u00a0en la tercera vuelta, delante de la afici\u00f3n entregada en la curva siete de izquierdas, reci\u00e9n rebautizada Carmelo Ezpeleta, le impidi\u00f3 cerrar el c\u00edrculo cinco a\u00f1os despu\u00e9s del fuerte accidente que le hundi\u00f3 en el per\u00edodo m\u00e1s oscuro de su trayectoria deportiva en el mismo circuito de Jerez &#8211; \u00c1ngel Nieto. El resbal\u00f3n mand\u00f3 al traste el guion esperado para el gran premio, una oda a la emoci\u00f3n e imprevisibilidad del motociclismo en el 40 aniversario del trazado. M\u00e1s de 100.000 personas de r\u00e9cord, el d\u00eda en que se anunci\u00f3 la renovaci\u00f3n de la cita hasta 2031, vibraron con un inicio repleto de hostilidades el domingo.<\/p>\n<\/div>\n<p>&nbsp;<\/p>\n<p><iframe loading=\"lazy\" title=\"MotoGP, Alex Marquez (Ducati Gresini) vince GP Spagna (Jerez): i sorpassi su Bagnaia e Quartararo\" width=\"500\" height=\"281\" src=\"https:\/\/www.youtube.com\/embed\/NjyPn_tJnvM?feature=oembed\" frameborder=\"0\" allow=\"accelerometer; autoplay; clipboard-write; encrypted-media; gyroscope; picture-in-picture; web-share\" referrerpolicy=\"strict-origin-when-cross-origin\" allowfullscreen><\/iframe><\/p>\n<p>&nbsp;<\/p>\n<p><img loading=\"lazy\" decoding=\"async\" class=\"alignnone size-medium wp-image-18573\" src=\"https:\/\/www.sportchaco.com.ar\/wp-content\/uploads\/2025\/04\/CONECTIVIDAD-240x300.jpg\" alt=\"\" width=\"240\" height=\"300\" srcset=\"https:\/\/www.sportchaco.com.ar\/wp-content\/uploads\/2025\/04\/CONECTIVIDAD-240x300.jpg 240w, https:\/\/www.sportchaco.com.ar\/wp-content\/uploads\/2025\/04\/CONECTIVIDAD.jpg 480w\" sizes=\"auto, (max-width: 240px) 100vw, 240px\" \/> <img loading=\"lazy\" decoding=\"async\" class=\"alignnone size-medium wp-image-18572\" src=\"https:\/\/www.sportchaco.com.ar\/wp-content\/uploads\/2025\/04\/CONECTIVIDAD1-240x300.jpg\" alt=\"\" width=\"240\" height=\"300\" srcset=\"https:\/\/www.sportchaco.com.ar\/wp-content\/uploads\/2025\/04\/CONECTIVIDAD1-240x300.jpg 240w, https:\/\/www.sportchaco.com.ar\/wp-content\/uploads\/2025\/04\/CONECTIVIDAD1-819x1024.jpg 819w, https:\/\/www.sportchaco.com.ar\/wp-content\/uploads\/2025\/04\/CONECTIVIDAD1-768x960.jpg 768w, https:\/\/www.sportchaco.com.ar\/wp-content\/uploads\/2025\/04\/CONECTIVIDAD1-1229x1536.jpg 1229w, https:\/\/www.sportchaco.com.ar\/wp-content\/uploads\/2025\/04\/CONECTIVIDAD1.jpg 1440w\" sizes=\"auto, (max-width: 240px) 100vw, 240px\" \/><\/p>\n","protected":false},"excerpt":{"rendered":"<p>\u00c1lex M\u00e1rquez gana por primera vez en MotoGP tras la ca\u00edda de Marc en el GP de Espa\u00f1a. El peque\u00f1o de la saga familiar de campeones se estrena en la categor\u00eda reina y le arrebata de nuevo el liderato a su hermano, que cay\u00f3 en la tercera vuelta Alex M\u00e1rquez celebra la victoria en el &hellip;<\/p>\n","protected":false},"author":2,"featured_media":18587,"comment_status":"open","ping_status":"open","sticky":false,"template":"","format":"standard","meta":{"footnotes":""},"categories":[59],"tags":[],"class_list":["post-18586","post","type-post","status-publish","format-standard","has-post-thumbnail","hentry","category-motociclismo"],"_links":{"self":[{"href":"https:\/\/www.sportchaco.com.ar\/index.php?rest_route=\/wp\/v2\/posts\/18586","targetHints":{"allow":["GET"]}}],"collection":[{"href":"https:\/\/www.sportchaco.com.ar\/index.php?rest_route=\/wp\/v2\/posts"}],"about":[{"href":"https:\/\/www.sportchaco.com.ar\/index.php?rest_route=\/wp\/v2\/types\/post"}],"author":[{"embeddable":true,"href":"https:\/\/www.sportchaco.com.ar\/index.php?rest_route=\/wp\/v2\/users\/2"}],"replies":[{"embeddable":true,"href":"https:\/\/www.sportchaco.com.ar\/index.php?rest_route=%2Fwp%2Fv2%2Fcomments&post=18586"}],"version-history":[{"count":3,"href":"https:\/\/www.sportchaco.com.ar\/index.php?rest_route=\/wp\/v2\/posts\/18586\/revisions"}],"predecessor-version":[{"id":18590,"href":"https:\/\/www.sportchaco.com.ar\/index.php?rest_route=\/wp\/v2\/posts\/18586\/revisions\/18590"}],"wp:featuredmedia":[{"embeddable":true,"href":"https:\/\/www.sportchaco.com.ar\/index.php?rest_route=\/wp\/v2\/media\/18587"}],"wp:attachment":[{"href":"https:\/\/www.sportchaco.com.ar\/index.php?rest_route=%2Fwp%2Fv2%2Fmedia&parent=18586"}],"wp:term":[{"taxonomy":"category","embeddable":true,"href":"https:\/\/www.sportchaco.com.ar\/index.php?rest_route=%2Fwp%2Fv2%2Fcategories&post=18586"},{"taxonomy":"post_tag","embeddable":true,"href":"https:\/\/www.sportchaco.com.ar\/index.php?rest_route=%2Fwp%2Fv2%2Ftags&post=18586"}],"curies":[{"name":"wp","href":"https:\/\/api.w.org\/{rel}","templated":true}]}}