{"id":18610,"date":"2025-04-27T22:55:41","date_gmt":"2025-04-28T01:55:41","guid":{"rendered":"https:\/\/www.sportchaco.com.ar\/?p=18610"},"modified":"2025-04-27T22:55:41","modified_gmt":"2025-04-28T01:55:41","slug":"en-villa-angela-lopez-y-kloster-marcaron-el-camino","status":"publish","type":"post","link":"https:\/\/www.sportchaco.com.ar\/?p=18610","title":{"rendered":"En Villa \u00c1ngela, L\u00f3pez y Kloster marcaron el camino"},"content":{"rendered":"<p><strong>27-04-2025<\/strong><\/p>\n<p><img loading=\"lazy\" decoding=\"async\" class=\"aligncenter wp-image-18209 size-large\" src=\"https:\/\/www.sportchaco.com.ar\/wp-content\/uploads\/2025\/04\/940x90-2-1024x99.gif\" alt=\"\" width=\"1024\" height=\"99\" srcset=\"https:\/\/www.sportchaco.com.ar\/wp-content\/uploads\/2025\/04\/940x90-2-1024x99.gif 1024w, https:\/\/www.sportchaco.com.ar\/wp-content\/uploads\/2025\/04\/940x90-2-300x29.gif 300w, https:\/\/www.sportchaco.com.ar\/wp-content\/uploads\/2025\/04\/940x90-2-768x74.gif 768w, https:\/\/www.sportchaco.com.ar\/wp-content\/uploads\/2025\/04\/940x90-2-1536x148.gif 1536w\" sizes=\"auto, (max-width: 1024px) 100vw, 1024px\" \/><\/p>\n<p>Los charatenses dominaron los registros en la Clase 2, con Roly L\u00f3pez como el m\u00e1s veloz; y en la Clase 1 domin\u00f3 Rub\u00e9n \u201cKoki\u201d Kloster al cumplirse las tandas de clasificaci\u00f3n en el marco de la primera fecha del Campeonato Zonal de Automovilismo en el circuito \u201cJos\u00e9 Froil\u00e1n Gonz\u00e1lez\u201d. El TC Chaque\u00f1o reci\u00e9n buscar\u00e1 registros el domingo, cuando se complete con las series y finales en las tres categor\u00edas.<\/p>\n<p>El colorido del tradicional certamen de la Federaci\u00f3n Chaque\u00f1a de F\u00fatbol volvi\u00f3 a hacerse presente en el trazado villangelense en una doble jornada que tiene en juego el \u201cGran Premio H\u00e9roes de Malvinas\u201d. Ayer, el deterioro del circuito oblig\u00f3 a posponer la tanda de clasificaci\u00f3n de la categor\u00eda mayor para la ma\u00f1ana de hoy, provocando algunas modificaciones en la programaci\u00f3n.<\/p>\n<p>Para las 9 est\u00e1n previstos los entrenamientos de tanques llenos, luego clasificar\u00e1 el TC Chaque\u00f1o, y las series a 6 vueltas o 10 minutos empezar\u00e1n a correrse desde las 11. La actividad concluir\u00e1 con las finales, que fueron anunciadas para las 14 en Clase 1, 14,30 el TC Chaque\u00f1o, y 15,05 la Clase 2.<\/p>\n<p><strong>Clasificaci\u00f3n<br \/>\n<\/strong><strong>Clase 1:<br \/>\n<\/strong><strong>1\u00ba)<\/strong>\u00a0(136) Rub\u00e9n Kloster (El Sauzalito) 1:10.309<br \/>\n<strong>2\u00ba)<\/strong>\u00a0(69) Flavio Melgratti (Campo Largo) a 0.292<br \/>\n<strong>3\u00ba)<\/strong>\u00a0(7) Marcos Langkilde (S\u00e1enz Pe\u00f1a) a 1.106<br \/>\n<strong>4\u00ba)<\/strong>\u00a0(4) Juan P. Havr\u00e1n (Tres Isletas) a 1.798<br \/>\n<strong>5\u00ba)<\/strong>\u00a0(133) Octavio Aguado (S\u00e1enz Pe\u00f1a) a 3.171<br \/>\n<strong>6\u00ba)<\/strong>\u00a0(9) Jos\u00e9 L. S\u00e1nchez (Castelli) a 4.784<br \/>\n<strong>7\u00ba)<\/strong>\u00a0(99) Leonardo Ojeda (Villa \u00c1ngela) a 12.498<br \/>\n<strong>8\u00ba)<\/strong>\u00a0(66) Franco Raff\u00edn (S\u00e1enz Pe\u00f1a)<\/p>\n<p><strong>Clase 2:<br \/>\n<\/strong><strong>1\u00ba)<\/strong>\u00a0(61) Roly L\u00f3pez (Charata) 1:10.487<br \/>\n<strong>2\u00ba)<\/strong>\u00a0(122) Facundo Garc\u00eda (Charata) a 0.053<br \/>\n<strong>3\u00ba)<\/strong>\u00a0(37) Daniel Mendoza (Charata) a 0.057<br \/>\n<strong>4\u00ba)<\/strong>\u00a0(55) Rolando Conrradi (Charata) a 0.261<br \/>\n<strong>5\u00ba)<\/strong>\u00a0(14) Juan Marcelo Lecce (Resistencia) a 0.684<br \/>\n<strong>6\u00ba)<\/strong>\u00a0(5) Javier Nieto (Charata) a 1.290<br \/>\n<strong>7\u00ba)<\/strong>\u00a0(137) Nelson Segura (Tres Isletas) a 1.316<br \/>\n<strong>8\u00ba)<\/strong>\u00a0(6) Gustavo Verza (S\u00e1enz Pe\u00f1a) a 1.377<br \/>\n<strong>9\u00ba)<\/strong>\u00a0(7) Cristian Orsolini (Villa \u00c1ngela) a 2.434<br \/>\n<strong>10\u00ba)<\/strong>\u00a0(32) Juan C. Mehechen (Machagai) a 2.671<br \/>\n<strong>11\u00ba)<\/strong>\u00a0(69) Sebasti\u00e1n Elorrieta (Machagai) a 3.530<br \/>\n<strong>12\u00ba)<\/strong>\u00a0(83) Claudio Insaurralde (S\u00e1enz Pe\u00f1a) a 3.801<br \/>\n<strong>13\u00ba)<\/strong>\u00a0(43) Juan Monferrer (Villa \u00c1ngela) a 3.950<br \/>\n<strong>14\u00ba)<\/strong>\u00a0(80) Claudio Mu\u00f1oz (Miraflores) a 5.904<br \/>\n<strong>15\u00ba)<\/strong>\u00a0(156) Pablo Struciat (Quitilipi) a 6.880<br \/>\n<strong>16\u00ba)<\/strong>\u00a0(87) Cristian Liegana (Resistencia)<\/p>\n<p><em><strong>Fuente: Eco Deportivo<\/strong><\/em><\/p>\n<p><img loading=\"lazy\" decoding=\"async\" class=\"aligncenter wp-image-18573 size-full\" src=\"https:\/\/www.sportchaco.com.ar\/wp-content\/uploads\/2025\/04\/CONECTIVIDAD.jpg\" alt=\"\" width=\"480\" height=\"600\" srcset=\"https:\/\/www.sportchaco.com.ar\/wp-content\/uploads\/2025\/04\/CONECTIVIDAD.jpg 480w, https:\/\/www.sportchaco.com.ar\/wp-content\/uploads\/2025\/04\/CONECTIVIDAD-240x300.jpg 240w\" sizes=\"auto, (max-width: 480px) 100vw, 480px\" \/><\/p>\n<p>&nbsp;<\/p>\n","protected":false},"excerpt":{"rendered":"<p>27-04-2025 Los charatenses dominaron los registros en la Clase 2, con Roly L\u00f3pez como el m\u00e1s veloz; y en la Clase 1 domin\u00f3 Rub\u00e9n \u201cKoki\u201d Kloster al cumplirse las tandas de clasificaci\u00f3n en el marco de la primera fecha del Campeonato Zonal de Automovilismo en el circuito \u201cJos\u00e9 Froil\u00e1n Gonz\u00e1lez\u201d. El TC Chaque\u00f1o reci\u00e9n buscar\u00e1 &hellip;<\/p>\n","protected":false},"author":3,"featured_media":18611,"comment_status":"open","ping_status":"open","sticky":false,"template":"","format":"standard","meta":{"footnotes":""},"categories":[2],"tags":[],"class_list":["post-18610","post","type-post","status-publish","format-standard","has-post-thumbnail","hentry","category-automovilismo"],"_links":{"self":[{"href":"https:\/\/www.sportchaco.com.ar\/index.php?rest_route=\/wp\/v2\/posts\/18610","targetHints":{"allow":["GET"]}}],"collection":[{"href":"https:\/\/www.sportchaco.com.ar\/index.php?rest_route=\/wp\/v2\/posts"}],"about":[{"href":"https:\/\/www.sportchaco.com.ar\/index.php?rest_route=\/wp\/v2\/types\/post"}],"author":[{"embeddable":true,"href":"https:\/\/www.sportchaco.com.ar\/index.php?rest_route=\/wp\/v2\/users\/3"}],"replies":[{"embeddable":true,"href":"https:\/\/www.sportchaco.com.ar\/index.php?rest_route=%2Fwp%2Fv2%2Fcomments&post=18610"}],"version-history":[{"count":1,"href":"https:\/\/www.sportchaco.com.ar\/index.php?rest_route=\/wp\/v2\/posts\/18610\/revisions"}],"predecessor-version":[{"id":18612,"href":"https:\/\/www.sportchaco.com.ar\/index.php?rest_route=\/wp\/v2\/posts\/18610\/revisions\/18612"}],"wp:featuredmedia":[{"embeddable":true,"href":"https:\/\/www.sportchaco.com.ar\/index.php?rest_route=\/wp\/v2\/media\/18611"}],"wp:attachment":[{"href":"https:\/\/www.sportchaco.com.ar\/index.php?rest_route=%2Fwp%2Fv2%2Fmedia&parent=18610"}],"wp:term":[{"taxonomy":"category","embeddable":true,"href":"https:\/\/www.sportchaco.com.ar\/index.php?rest_route=%2Fwp%2Fv2%2Fcategories&post=18610"},{"taxonomy":"post_tag","embeddable":true,"href":"https:\/\/www.sportchaco.com.ar\/index.php?rest_route=%2Fwp%2Fv2%2Ftags&post=18610"}],"curies":[{"name":"wp","href":"https:\/\/api.w.org\/{rel}","templated":true}]}}