{"id":18629,"date":"2025-04-28T10:54:29","date_gmt":"2025-04-28T13:54:29","guid":{"rendered":"https:\/\/www.sportchaco.com.ar\/?p=18629"},"modified":"2025-04-28T19:11:15","modified_gmt":"2025-04-28T22:11:15","slug":"18629","status":"publish","type":"post","link":"https:\/\/www.sportchaco.com.ar\/?p=18629","title":{"rendered":"Kloster, L\u00f3pez y Romaniuk en el Zonal"},"content":{"rendered":"<h4>La primera fecha del Campeonato Zonal de Automovilismo tuvo a \u201cKoki\u201d Kloster como vencedor en la Clase 1, \u201cRoly\u201d L\u00f3pez en la Clase 2, y Nelson Romaniuk en el TC Chaque\u00f1o. El \u201cGran Premio H\u00e9roes de Malvinas\u201d tuvo las desclasificaciones de Flavio Melgratti (C1) y Nelson Frontalini (TC) que hab\u00edan ganado en sus categor\u00edas.<\/h4>\n<p>&nbsp;<\/p>\n<p><span data-huuid=\"967000174364499777\">En la primera fecha del zonal de automovilismo en Villa Angela, Chaco, la categor\u00eda menor fue ganada por Rub\u00e9n Kloster, seguido por Juan Pablo Havran y Franco Raffin.<\/span><\/p>\n<p><span data-huuid=\"967000174364499777\">\u00a0<\/span><span data-huuid=\"967000174364497422\">En la clase 2, Roly L\u00f3pez se llev\u00f3 el primer puesto, seguido por Facundo Garc\u00eda y Roly Conrradi.\u00a0<\/span><span data-huuid=\"967000174364499163\">En la categor\u00eda mayor, Nelson Romaniuk, seguido por Parij y Deppeler<\/span><\/p>\n<p><span data-huuid=\"967000174364499163\">\u00a0<\/span><span data-huuid=\"967000174364496808\">La competencia fue marcada por varias incidencias, especialmente en las categor\u00edas de Fiat 128 y en la categor\u00eda mayor.<span class=\"pjBG2e\" data-cid=\"82015d94-f725-46bc-b28e-573b97d15b53\"><span class=\"UV3uM\">\u00a0<\/span><\/span><\/span><\/p>\n<header class=\"entry-header clearfix\">\n<h1 class=\"entry-title\">KLOSTER, L\u00d3PEZ Y ROMANIUK, EN LO M\u00c1S ALTO DEL PODIO EN EL ZONAL<\/h1>\n<p>Fuente Eco Deportivo<\/p>\n<\/header>\n<div class=\"entry-thumbnail\"><img loading=\"lazy\" decoding=\"async\" class=\"attachment-content-single size-content-single wp-post-image\" src=\"https:\/\/www.ecodeportivo.com.ar\/img\/2025\/04\/romaniuk-parij-777x437.jpg\" sizes=\"auto, (max-width: 777px) 100vw, 777px\" srcset=\"https:\/\/www.ecodeportivo.com.ar\/img\/2025\/04\/romaniuk-parij-777x437.jpg 777w, https:\/\/www.ecodeportivo.com.ar\/img\/2025\/04\/romaniuk-parij-180x101.jpg 180w, https:\/\/www.ecodeportivo.com.ar\/img\/2025\/04\/romaniuk-parij-260x146.jpg 260w, https:\/\/www.ecodeportivo.com.ar\/img\/2025\/04\/romaniuk-parij-373x210.jpg 373w, https:\/\/www.ecodeportivo.com.ar\/img\/2025\/04\/romaniuk-parij-120x67.jpg 120w\" alt=\"\" width=\"777\" height=\"437\" \/><span class=\"wp-caption-text\">Nelson Romaniuk y Nicol\u00e1s Parij hicieron el 1-2 en el TC Chaque\u00f1o, tras ser excluido Frontalini<\/span><\/div>\n<p class=\"entry-meta\"><span class=\"entry-meta-author vcard author\">Posted By:\u00a0<a class=\"fn\" href=\"https:\/\/www.ecodeportivo.com.ar\/author\/eco-deportivo\/\">Eco Deportivo<\/a><\/span>\u00a0<span class=\"entry-meta-date updated\">28 abril, 2025<\/span><\/p>\n<div class=\"entry-content clearfix\">\n<p>La primera fecha del Campeonato Zonal de Automovilismo tuvo a \u201cKoki\u201d Kloster como vencedor en la Clase 1, \u201cRoly\u201d L\u00f3pez en la Clase 2, y Nelson Romaniuk en el TC Chaque\u00f1o. El \u201cGran Premio H\u00e9roes de Malvinas\u201d tuvo las desclasificaciones de Flavio Melgratti (C1) y Nelson Frontalini (TC) que hab\u00edan ganado en sus categor\u00edas.<\/p>\n<p>El circuito \u201cJos\u00e9 Froil\u00e1n Gonz\u00e1lez\u201d cumpli\u00f3 en la primera fecha que organiz\u00f3 el Club Atl\u00e9tico Alvear y ya se reserva para la segunda cita. Aunque el parque de m\u00e1quinas fue sustancialmente inferior al que termin\u00f3 el calendario anterior, el espect\u00e1culo no desenton\u00f3 y se aguarda un incremento considerable para la pr\u00f3xima fecha.<\/p>\n<div id=\"attachment_47730\" class=\"wp-caption alignnone\">\n<p><a href=\"https:\/\/www.ecodeportivo.com.ar\/img\/2025\/04\/kloster-C1.jpg\"><img loading=\"lazy\" decoding=\"async\" class=\"wp-image-47730 size-full\" src=\"https:\/\/www.ecodeportivo.com.ar\/img\/2025\/04\/kloster-C1.jpg\" sizes=\"auto, (max-width: 1260px) 100vw, 1260px\" srcset=\"https:\/\/www.ecodeportivo.com.ar\/img\/2025\/04\/kloster-C1.jpg 1260w, https:\/\/www.ecodeportivo.com.ar\/img\/2025\/04\/kloster-C1-300x180.jpg 300w, https:\/\/www.ecodeportivo.com.ar\/img\/2025\/04\/kloster-C1-1024x614.jpg 1024w, https:\/\/www.ecodeportivo.com.ar\/img\/2025\/04\/kloster-C1-768x461.jpg 768w\" alt=\"\" width=\"1260\" height=\"756\" aria-describedby=\"caption-attachment-47730\" \/><\/a><\/p>\n<p id=\"caption-attachment-47730\" class=\"wp-caption-text\">El Fiat campe\u00f3n de la temporada anterior volvi\u00f3 a ganar, ahora con \u201cKoki\u201d Kloster<\/p>\n<\/div>\n<p>En la Clase 1 la victoria en pista fue de Flavio Melgratti y su Gordini, pero la m\u00e1quina del piloto de Campo Largo no pas\u00f3 la t\u00e9cnica y fue excluido, quedando el triunfo en poder de \u201cKoki\u201d Kloster, quien codujo el Fiat 600 campe\u00f3n de 2024, que piloteaba Daniel Salas. El podio lo completaron Juan Pablo Havr\u00e1n y Franco Raff\u00edn.<\/p>\n<p>La Clase 2 ofreci\u00f3 otra linda prueba con corredores de fuste que no escatimaron nada y se brindaron por completo. Daniel Mendoza, que hab\u00eda tenido una buena jornada, no logr\u00f3 concluir y fue Roly L\u00f3pez el ganador, seguido por Rolando Conrradi y Facundo Garc\u00eda, pero el puesto se modific\u00f3 a partir de un recargo a quien ocupaba el segundo lugar.<\/p>\n<div id=\"attachment_47732\" class=\"wp-caption alignnone\">\n<p><a href=\"https:\/\/www.ecodeportivo.com.ar\/img\/2025\/04\/clase2-grilla-VA.jpg\"><img loading=\"lazy\" decoding=\"async\" class=\"wp-image-47732 size-full\" src=\"https:\/\/www.ecodeportivo.com.ar\/img\/2025\/04\/clase2-grilla-VA.jpg\" sizes=\"auto, (max-width: 1260px) 100vw, 1260px\" srcset=\"https:\/\/www.ecodeportivo.com.ar\/img\/2025\/04\/clase2-grilla-VA.jpg 1260w, https:\/\/www.ecodeportivo.com.ar\/img\/2025\/04\/clase2-grilla-VA-300x180.jpg 300w, https:\/\/www.ecodeportivo.com.ar\/img\/2025\/04\/clase2-grilla-VA-1024x614.jpg 1024w, https:\/\/www.ecodeportivo.com.ar\/img\/2025\/04\/clase2-grilla-VA-768x461.jpg 768w\" alt=\"\" width=\"1260\" height=\"756\" aria-describedby=\"caption-attachment-47732\" \/><\/a><\/p>\n<p id=\"caption-attachment-47732\" class=\"wp-caption-text\">La Clase 2, con algunas pol\u00e9micas, vio ganador a \u201cRoly\u201d L\u00f3pez<\/p>\n<\/div>\n<p>En el TC Chaque\u00f1o, Nelson Frontalini domin\u00f3 a voluntad pero por no ajustarse la suspensi\u00f3n al reglamento fue excluido y quien termin\u00f3 festejando fue Nelson Romaniuk, con Nicol\u00e1s Parij y Abel Deppeler completando el podio en un fin de semana para el olvido que registr\u00f3 Augusto Carinelli.<\/p>\n<p>El Campeonato Zonal de Automovilismo tiene previsto cumplir un calendario de 8 fechas, con el trazado del Club Alvear de Villa \u00c1ngela nuevamente como escenario de la segunda el 1 de junio. Tras ello, la tercera y cuarta jornada ser\u00e1 en Charata el 29 de junio y 3 de agosto.<\/p>\n<div id=\"attachment_47731\" class=\"wp-caption alignnone\">\n<p><a href=\"https:\/\/www.ecodeportivo.com.ar\/img\/2025\/04\/frontalini-publico.jpg\"><img loading=\"lazy\" decoding=\"async\" class=\"wp-image-47731 size-full\" src=\"https:\/\/www.ecodeportivo.com.ar\/img\/2025\/04\/frontalini-publico.jpg\" sizes=\"auto, (max-width: 1260px) 100vw, 1260px\" srcset=\"https:\/\/www.ecodeportivo.com.ar\/img\/2025\/04\/frontalini-publico.jpg 1260w, https:\/\/www.ecodeportivo.com.ar\/img\/2025\/04\/frontalini-publico-300x180.jpg 300w, https:\/\/www.ecodeportivo.com.ar\/img\/2025\/04\/frontalini-publico-1024x614.jpg 1024w, https:\/\/www.ecodeportivo.com.ar\/img\/2025\/04\/frontalini-publico-768x461.jpg 768w\" alt=\"\" width=\"1260\" height=\"756\" aria-describedby=\"caption-attachment-47731\" \/><\/a><\/p>\n<p id=\"caption-attachment-47731\" class=\"wp-caption-text\">Nelson Frontalini hab\u00eda sido el vencedor en el TC Chaque\u00f1o, pero la suspensi\u00f3n no se ajust\u00f3 al reglamento y fue excluido<\/p>\n<\/div>\n<p><strong>\u00a0 CLASIFICACI\u00d3N -1\u00aa fecha-<\/strong><\/p>\n<p><strong>-CLASE 1 (13 vueltas)<\/strong><\/p>\n<p><a href=\"https:\/\/www.ecodeportivo.com.ar\/img\/2025\/04\/FINAL-C1-VA1.jpg\"><img loading=\"lazy\" decoding=\"async\" class=\"alignnone size-full wp-image-47736\" src=\"https:\/\/www.ecodeportivo.com.ar\/img\/2025\/04\/FINAL-C1-VA1.jpg\" sizes=\"auto, (max-width: 1260px) 100vw, 1260px\" srcset=\"https:\/\/www.ecodeportivo.com.ar\/img\/2025\/04\/FINAL-C1-VA1.jpg 1260w, https:\/\/www.ecodeportivo.com.ar\/img\/2025\/04\/FINAL-C1-VA1-300x218.jpg 300w, https:\/\/www.ecodeportivo.com.ar\/img\/2025\/04\/FINAL-C1-VA1-1024x745.jpg 1024w, https:\/\/www.ecodeportivo.com.ar\/img\/2025\/04\/FINAL-C1-VA1-768x559.jpg 768w\" alt=\"\" width=\"1260\" height=\"917\" \/><\/a><\/p>\n<p><strong>-Serie: 1\u00ba)<\/strong>\u00a0Flavio Melgratti;\u00a0<strong>2\u00ba)<\/strong>\u00a0Rub\u00e9n \u201cKoki\u201d Kloster;\u00a0<strong>3\u00ba)<\/strong>\u00a0Marcos Langkilde<\/p>\n<p><strong>-CLASE 2 (15 vueltas)<\/strong><\/p>\n<p><a href=\"https:\/\/www.ecodeportivo.com.ar\/img\/2025\/04\/FINAL-C2-VA1.jpg\"><img loading=\"lazy\" decoding=\"async\" class=\"alignnone size-full wp-image-47735\" src=\"https:\/\/www.ecodeportivo.com.ar\/img\/2025\/04\/FINAL-C2-VA1.jpg\" sizes=\"auto, (max-width: 1260px) 100vw, 1260px\" srcset=\"https:\/\/www.ecodeportivo.com.ar\/img\/2025\/04\/FINAL-C2-VA1.jpg 1260w, https:\/\/www.ecodeportivo.com.ar\/img\/2025\/04\/FINAL-C2-VA1-300x264.jpg 300w, https:\/\/www.ecodeportivo.com.ar\/img\/2025\/04\/FINAL-C2-VA1-1024x901.jpg 1024w, https:\/\/www.ecodeportivo.com.ar\/img\/2025\/04\/FINAL-C2-VA1-768x676.jpg 768w\" alt=\"\" width=\"1260\" height=\"1109\" \/><\/a><\/p>\n<p><strong>-1\u00aa Serie: 1\u00ba)<\/strong>\u00a0Daniel Mendoza;\u00a0<strong>2\u00ba)<\/strong>\u00a0Roly L\u00f3pez;\u00a0<strong>3\u00ba)<\/strong>\u00a0Nelson Segura<\/p>\n<p><strong>-2\u00aa Serie: 1\u00ba)<\/strong>\u00a0Facundo Garc\u00eda;\u00a0<strong>2\u00ba)<\/strong>\u00a0Javier Nieto;\u00a0<strong>3\u00ba)<\/strong>\u00a0Gustavo Verza<\/p>\n<p><strong>-TC CHAQUE\u00d1O (15 vueltas)<\/strong><\/p>\n<p><a href=\"https:\/\/www.ecodeportivo.com.ar\/img\/2025\/04\/FINAL-TC-VA1.jpg\"><img loading=\"lazy\" decoding=\"async\" class=\"alignnone size-full wp-image-47734\" src=\"https:\/\/www.ecodeportivo.com.ar\/img\/2025\/04\/FINAL-TC-VA1.jpg\" sizes=\"auto, (max-width: 1260px) 100vw, 1260px\" srcset=\"https:\/\/www.ecodeportivo.com.ar\/img\/2025\/04\/FINAL-TC-VA1.jpg 1260w, https:\/\/www.ecodeportivo.com.ar\/img\/2025\/04\/FINAL-TC-VA1-300x226.jpg 300w, https:\/\/www.ecodeportivo.com.ar\/img\/2025\/04\/FINAL-TC-VA1-1024x773.jpg 1024w, https:\/\/www.ecodeportivo.com.ar\/img\/2025\/04\/FINAL-TC-VA1-768x580.jpg 768w\" alt=\"\" width=\"1260\" height=\"951\" \/><\/a><\/p>\n<p><strong>-Serie: 1\u00ba)<\/strong>\u00a0Nelson Frontalini;\u00a0<strong>2\u00ba)<\/strong>\u00a0Nicol\u00e1s Parij;\u00a0<strong>3\u00ba)<\/strong>\u00a0Augusto Carinelli<\/p>\n<\/div>\n<p style=\"text-align: center;\"><strong>Foto de L\u00f3pez y Kloster<\/strong><\/p>\n<p><img loading=\"lazy\" decoding=\"async\" class=\"alignnone size-medium wp-image-18627 aligncenter\" src=\"https:\/\/www.sportchaco.com.ar\/wp-content\/uploads\/2025\/04\/Chaco-sin-fuego-1080x1350-3-240x300.gif\" alt=\"\" width=\"240\" height=\"300\" srcset=\"https:\/\/www.sportchaco.com.ar\/wp-content\/uploads\/2025\/04\/Chaco-sin-fuego-1080x1350-3-240x300.gif 240w, https:\/\/www.sportchaco.com.ar\/wp-content\/uploads\/2025\/04\/Chaco-sin-fuego-1080x1350-3-819x1024.gif 819w, https:\/\/www.sportchaco.com.ar\/wp-content\/uploads\/2025\/04\/Chaco-sin-fuego-1080x1350-3-768x960.gif 768w, https:\/\/www.sportchaco.com.ar\/wp-content\/uploads\/2025\/04\/Chaco-sin-fuego-1080x1350-3-1229x1536.gif 1229w, https:\/\/www.sportchaco.com.ar\/wp-content\/uploads\/2025\/04\/Chaco-sin-fuego-1080x1350-3-1638x2048.gif 1638w\" sizes=\"auto, (max-width: 240px) 100vw, 240px\" \/><\/p>\n","protected":false},"excerpt":{"rendered":"<p>La primera fecha del Campeonato Zonal de Automovilismo tuvo a \u201cKoki\u201d Kloster como vencedor en la Clase 1, \u201cRoly\u201d L\u00f3pez en la Clase 2, y Nelson Romaniuk en el TC Chaque\u00f1o. El \u201cGran Premio H\u00e9roes de Malvinas\u201d tuvo las desclasificaciones de Flavio Melgratti (C1) y Nelson Frontalini (TC) que hab\u00edan ganado en sus categor\u00edas. &nbsp; &hellip;<\/p>\n","protected":false},"author":2,"featured_media":18630,"comment_status":"open","ping_status":"open","sticky":false,"template":"","format":"standard","meta":{"footnotes":""},"categories":[2],"tags":[],"class_list":["post-18629","post","type-post","status-publish","format-standard","has-post-thumbnail","hentry","category-automovilismo"],"_links":{"self":[{"href":"https:\/\/www.sportchaco.com.ar\/index.php?rest_route=\/wp\/v2\/posts\/18629","targetHints":{"allow":["GET"]}}],"collection":[{"href":"https:\/\/www.sportchaco.com.ar\/index.php?rest_route=\/wp\/v2\/posts"}],"about":[{"href":"https:\/\/www.sportchaco.com.ar\/index.php?rest_route=\/wp\/v2\/types\/post"}],"author":[{"embeddable":true,"href":"https:\/\/www.sportchaco.com.ar\/index.php?rest_route=\/wp\/v2\/users\/2"}],"replies":[{"embeddable":true,"href":"https:\/\/www.sportchaco.com.ar\/index.php?rest_route=%2Fwp%2Fv2%2Fcomments&post=18629"}],"version-history":[{"count":4,"href":"https:\/\/www.sportchaco.com.ar\/index.php?rest_route=\/wp\/v2\/posts\/18629\/revisions"}],"predecessor-version":[{"id":18662,"href":"https:\/\/www.sportchaco.com.ar\/index.php?rest_route=\/wp\/v2\/posts\/18629\/revisions\/18662"}],"wp:featuredmedia":[{"embeddable":true,"href":"https:\/\/www.sportchaco.com.ar\/index.php?rest_route=\/wp\/v2\/media\/18630"}],"wp:attachment":[{"href":"https:\/\/www.sportchaco.com.ar\/index.php?rest_route=%2Fwp%2Fv2%2Fmedia&parent=18629"}],"wp:term":[{"taxonomy":"category","embeddable":true,"href":"https:\/\/www.sportchaco.com.ar\/index.php?rest_route=%2Fwp%2Fv2%2Fcategories&post=18629"},{"taxonomy":"post_tag","embeddable":true,"href":"https:\/\/www.sportchaco.com.ar\/index.php?rest_route=%2Fwp%2Fv2%2Ftags&post=18629"}],"curies":[{"name":"wp","href":"https:\/\/api.w.org\/{rel}","templated":true}]}}