{"id":1867,"date":"2023-10-17T10:51:43","date_gmt":"2023-10-17T13:51:43","guid":{"rendered":"https:\/\/www.sportchaco.com.ar\/?p=1867"},"modified":"2023-10-17T10:51:43","modified_gmt":"2023-10-17T13:51:43","slug":"sergio-goycochea-cumple-60-anos","status":"publish","type":"post","link":"https:\/\/www.sportchaco.com.ar\/?p=1867","title":{"rendered":"Sergio Goycochea cumple 60 a\u00f1os"},"content":{"rendered":"<div class=\"nH oy8Mbf aHU hx\">\n<div role=\"list\">\n<div class=\"h7 ie\" tabindex=\"-1\" role=\"listitem\" aria-expanded=\"true\">\n<div class=\"Bk\">\n<div class=\"G3 G2\">\n<div id=\":1n\">\n<div class=\"adn ads\" data-message-id=\"#msg-f:1780009087362926512\" data-legacy-message-id=\"18b3dcd5853c07b0\">\n<div class=\"gs\">\n<div class=\"\">\n<div id=\":4v\" class=\"ii gt\">\n<div id=\":1l\" class=\"a3s aiL \">\n<div dir=\"auto\">\n<div><a href=\"https:\/\/www.lmneuquen.com\/\" target=\"_blank\" rel=\"noopener\" name=\"m_-3501849850686249332_logo\" data-saferedirecturl=\"https:\/\/www.google.com\/url?q=https:\/\/www.lmneuquen.com\/&amp;source=gmail&amp;ust=1697636708305000&amp;usg=AOvVaw31WFAxOdxh41HXUPaswTsA\"><\/a><\/div>\n<h1><\/h1>\n<p>Subcampe\u00f3n del mundo en Italia \u201990, esposo, padre, abuelo y periodista.\u00a0<span style=\"color: #000000;\"><a style=\"color: #000000;\" href=\"https:\/\/www.lmneuquen.com\/aseguran-que-el-chip-sexual-mejora-la-vida-mas-alla-la-cama-n676393\" target=\"_blank\" rel=\"noopener\" data-saferedirecturl=\"https:\/\/www.google.com\/url?q=https:\/\/www.lmneuquen.com\/aseguran-que-el-chip-sexual-mejora-la-vida-mas-alla-la-cama-n676393&amp;source=gmail&amp;ust=1697636708305000&amp;usg=AOvVaw0cCcGFzELcICMNy-yUJ_I0\">El recurso tecnol\u00f3gico<\/a>\u00a0que usa el ex arquero de la Selecci\u00f3n para tener una vida plen<\/span>a.<\/p>\n<div><\/div>\n<div><\/div>\n<div>\n<div>\n<div><img decoding=\"async\" class=\"CToWUd\" src=\"https:\/\/ci6.googleusercontent.com\/proxy\/yZkVK5n43ua6fjPGr7_AOsu364piVf6fqxBbzEGl45dtdgqziv_zKhWeB8I_yD548iGInUnHtUeaTObgZQ4FHhskq1AwF56ywOkIFdVDXXa-OxQ-gg-t42IVmw0N2awVaTILuA824V43wTFpsjOOcfr8F5aDC_gPXxPIv3gp0ytRWn-g0QeKUzkVvJGyMsr6_I4QuxM=s0-d-e1-ft#https:\/\/media.lmneuquen.com\/p\/a836e855e75c1cb6442f59aac6993deb\/adjuntos\/195\/imagenes\/007\/604\/0007604781\/sergio-goycochea-1jpg.jpg\" alt=\"Sergio Goycochea luce impecable a ,los 60 a\u00f1os. Comparti\u00f3 esta foto en las horas previas a\u00a0 su cumplea\u00f1os. Foto: Instagram @okgoyco90\" data-bit=\"iit\" \/><\/div>\n<\/div>\n<div><\/div>\n<div><\/div>\n<\/div>\n<div>\n<p>Gracias a su heroica participaci\u00f3n bajo <span style=\"color: #000000;\">los tres palos,\u00a0<a style=\"color: #000000;\" href=\"https:\/\/www.lmneuquen.com\/deportes\/goycochea-lleno-elogios-chiquito-romero-pero-abrio-el-paraguas-el-futuro-boca-cuidado-con-n1062879\" target=\"_blank\" rel=\"noopener\" data-saferedirecturl=\"https:\/\/www.google.com\/url?q=https:\/\/www.lmneuquen.com\/deportes\/goycochea-lleno-elogios-chiquito-romero-pero-abrio-el-paraguas-el-futuro-boca-cuidado-con-n1062879&amp;source=gmail&amp;ust=1697636708305000&amp;usg=AOvVaw20vy7-lhnurXWL-2XREMgr\">Sergio Goycochea<\/a>\u00a0inscribi\u00f3 su<\/span> nombre en lo m\u00e1s alto del f\u00fatbol argentino. A los 60 a\u00f1os, el ex arquero puede decir que el deporte marc\u00f3 su vida pero tiene otras aristas m\u00e1s que interesantes para contar: algunas oscuras y otras m\u00e1s triviales, como la historia alrededor del chip sexual que se coloc\u00f3.<\/p>\n<\/div>\n<div>\n<p>Sergio Javier Goycochea naci\u00f3 en Lima, un pueblo muy cerca de Z\u00e1rate, el 17 de octubre de 1963. Desde chico, por el origen de su apellido, lo apodan el Vasco. Un joven esbelto y \u00e1gil que desde muy temprana edad mostr\u00f3 su predilecci\u00f3n por el arco.<\/p>\n<\/div>\n<div dir=\"auto\">\n<div>\n<div><\/div>\n<\/div>\n<\/div>\n<div>\n<h2>Los inicios de la carrera de Sergio Goycochea<\/h2>\n<p>Goycochea comenz\u00f3 su carrera en el Club Atl\u00e9tico Defensores Unidos de Z\u00e1rate a mediados del a\u00f1o 1979. All\u00ed se mantuvo hasta 1982 cuando, con 19 a\u00f1os, su pase fue comprado por River Plate.<\/p>\n<p>Como River ten\u00eda por entonces un plantel que cosech\u00f3 t\u00edtulos internacionales muy importantes, Goyco fue durante mucho tiempo suplente de Nery Pumpido. Y esta situaci\u00f3n hizo que reconsidere su futuro. As\u00ed, en 1989 fue contratado por el club Millonarios de Bogot\u00e1. Durante su paso por el f\u00fatbol colombiano, demostr\u00f3 un gran nivel, por lo que fue llamado a la Selecci\u00f3n Argentina.<\/p>\n<h2>Goycochea, de atajar en Colombia a brillar en la Copa del Mundo<\/h2>\n<p>A ra\u00edz de la lesi\u00f3n de Nery Pumpido en el primer partido del Mundial de Italia \u201990, Sergio Goycochea se hizo cargo el arco argentino. Con dos penales atajados ante la ex Yugoslavia por los cuartos de final (Dragoljub Brnovic y Faruk Hadzibegic) y con otros dos ante Italia (Roberto Donadoni y Aldo Serena), Goyco se convirti\u00f3 en leyenda, en\u00a0<a href=\"https:\/\/www.lmneuquen.com\/el-llanto-goyco-al-recordar-diego-me-duele-el-alma-n750574\" target=\"_blank\" rel=\"noopener\" data-saferedirecturl=\"https:\/\/www.google.com\/url?q=https:\/\/www.lmneuquen.com\/el-llanto-goyco-al-recordar-diego-me-duele-el-alma-n750574&amp;source=gmail&amp;ust=1697636708305000&amp;usg=AOvVaw0muPFINc0oDeKRNFu9PD4j\">uno de los h\u00e9roes populares de su \u00e9poca, apenas debajo de Diego<\/a>.<\/p>\n<div>\n<div><img decoding=\"async\" class=\"CToWUd a6T\" tabindex=\"0\" src=\"https:\/\/ci5.googleusercontent.com\/proxy\/R8qsOoYlkB_fLhWftYiv8q8zXwMd6_gjwNBj-x6B8abl1sjMVpeCUafOvdgSK7eXp3ocgrm_2EeNswhhBMzdWqrXbQ=s0-d-e1-ft#https:\/\/i.ytimg.com\/vi\/qhpaKSU9XVQ\/hqdefault.jpg\" alt=\"Loading video\" data-bit=\"iit\" \/><\/div>\n<\/div>\n<p><span style=\"color: #000000;\">Previo a su retiro, Goycochea logr\u00f3 afianzar a\u00fan m\u00e1s su rol como \u201cguardi\u00e1n del arco\u201d tras la obtenci\u00f3n del subcampeonato mundial, su breve paso por\u00a0<a style=\"color: #000000;\" href=\"https:\/\/www.lmneuquen.com\/deportes\/a-29-anos-la-llegada-diego-maradona-deportivo-mandiyu-como-le-va-hoy-al-iconico-club-correntino-n1061352\" target=\"_blank\" rel=\"noopener\" data-saferedirecturl=\"https:\/\/www.google.com\/url?q=https:\/\/www.lmneuquen.com\/deportes\/a-29-anos-la-llegada-diego-maradona-deportivo-mandiyu-como-le-va-hoy-al-iconico-club-correntino-n1061352&amp;source=gmail&amp;ust=1697636708305000&amp;usg=AOvVaw0dyRbVk6QJHg8eGX_6jh28\">el Deportivo Mandiy\u00fa de Maradona<\/a>\u00a0y la obtenci\u00f3n por partida doble de la Copa Am\u00e9rica en las ediciones de 1991 y 1993.<\/span><\/p>\n<p>El recuerdo de todos esos \u00e9xitos deportivos puede empa\u00f1arse por uno de los momentos m\u00e1s oscuros de la vida del arqueo. Nada m\u00e1s y nada menos que una hist\u00f3rica derrota de la Selecci\u00f3n: la goleada que le propici\u00f3 Colombia por 5 a 0 en las eliminatorias del Mundial de Estados Unidos \u201994.<\/p>\n<div>\n<div><img decoding=\"async\" class=\"CToWUd\" src=\"https:\/\/ci5.googleusercontent.com\/proxy\/olB9lS5KNgAqgvoLueWk4UzhwIMgiK4Y_5TnzM-CsPQK045Ihx_7algMpZ6rKMEg3O16H7IB7E4Bthwf54Rj4k7SVOC2eN3sWW20KY4CuLZ2TKw6KGe-CHkYFi4FZaL6xwxQh3JzHwLW_wA-VJICPZJerUcuirLaVKqGwFiE4Xq7fLN3QTFrlzuoiJSh0-WqrudTpei-284qWql3QDDnGVYYTXSLE2foEmugHjrFLbnMDctes6v_-5oQHl-eSv7qLeptkPFmOhKT32eBZn_ta7oU6hkG4bJSzC-oJOn7PSudEzW_kBsm=s0-d-e1-ft#https:\/\/media.lmneuquen.com\/p\/612cd89057f4fdf73ce300b3d38af090\/adjuntos\/195\/imagenes\/007\/601\/0007601537\/770x0\/smart\/aquella-tarde-negra-el-partido-argentina-0-colombia-5-eliminatorias-que-nadie-puede-olvidar.jpg\" alt=\"Aquella tarde negra: el partido Argentina 0 Colombia 5 de eliminatorias que nadie puede olvidar.\" data-bit=\"iit\" \/><\/div>\n<div>\n<p>Aquella tarde negra: el partido Argentina 0 Colombia 5 de eliminatorias que nadie puede olvidar.<\/p>\n<\/div>\n<\/div>\n<p><span style=\"color: #000000;\">Tras la humillaci\u00f3n que sufri\u00f3 el equipo que dirig\u00eda Alfio Basile, Goycochea debi\u00f3 enfrentar todo tipo de cr\u00edticas. Quiz\u00e1 las m\u00e1s f\u00e9rrea de todas fue la que\u00a0<a style=\"color: #000000;\" href=\"https:\/\/www.lmneuquen.com\/el-terrible-0-5-colombia-y-la-otra-tragedia-que-no-fue-milagro-n730362\" target=\"_blank\" rel=\"noopener\" data-saferedirecturl=\"https:\/\/www.google.com\/url?q=https:\/\/www.lmneuquen.com\/el-terrible-0-5-colombia-y-la-otra-tragedia-que-no-fue-milagro-n730362&amp;source=gmail&amp;ust=1697636708305000&amp;usg=AOvVaw3_i2X0GVyzXosCGFTA19ON\">Jos\u00e9 Sanfilippo le propici\u00f3 cara a cara<\/a>, en el estudio de un programa de TV, en vivo y en directo. \u00abUsted se comi\u00f3 todos los amagues, pibe\u00bb, le dijo el ic\u00f3nico ex delantero de San Lorenzo.<\/span><\/p>\n<h2>Qu\u00e9 le pas\u00f3 a Sergio Goycochea despu\u00e9s de la publicidad en ropa interior<\/h2>\n<p>Tal vez inspirado por la carrera de modelo de su mujer, la modelo Ana Laura Merlo, Goyco tambi\u00e9n se anim\u00f3 a participar de algunas campa\u00f1as publicitarias. Quiz\u00e1s la m\u00e1s recordaba fue la que hizo en calzoncillos para la tradicional marca Eyelit.<\/p>\n<p>\u201cHab\u00eda que tener personalidad para hacerla. \u00bfSab\u00e9s lo que era salir en calzones en 1991? Los jugadores ni siquiera hac\u00edan publicidad de ropa deportiva. As\u00ed me com\u00ed un mont\u00f3n de cosas en las canchas. Me gritaban de todo y me tiraban corpi\u00f1os y bombachas\u201d, sostuvo el exarquero durante una entrevista realizada desde Qatar en 2022.<\/p>\n<\/div>\n<\/div>\n<div class=\"yj6qo\"><\/div>\n<div class=\"adL\"><\/div>\n<\/div>\n<\/div>\n<div class=\"hi\">Foto de Sergio Goycochea a los 60 a\u00f1os 17 10 23<\/div>\n<\/div>\n<\/div>\n<\/div>\n<\/div>\n<\/div>\n<\/div>\n<\/div>\n<\/div>\n<div><\/div>\n<\/div>\n<div class=\"nH\"><\/div>\n","protected":false},"excerpt":{"rendered":"<p>Subcampe\u00f3n del mundo en Italia \u201990, esposo, padre, abuelo y periodista.\u00a0El recurso tecnol\u00f3gico\u00a0que usa el ex arquero de la Selecci\u00f3n para tener una vida plena. Gracias a su heroica participaci\u00f3n bajo los tres palos,\u00a0Sergio Goycochea\u00a0inscribi\u00f3 su nombre en lo m\u00e1s alto del f\u00fatbol argentino. A los 60 a\u00f1os, el ex arquero puede decir que el &hellip;<\/p>\n","protected":false},"author":2,"featured_media":1868,"comment_status":"open","ping_status":"open","sticky":false,"template":"","format":"standard","meta":{"footnotes":""},"categories":[6,47],"tags":[],"class_list":["post-1867","post","type-post","status-publish","format-standard","has-post-thumbnail","hentry","category-internacionales","category-nacionales"],"_links":{"self":[{"href":"https:\/\/www.sportchaco.com.ar\/index.php?rest_route=\/wp\/v2\/posts\/1867","targetHints":{"allow":["GET"]}}],"collection":[{"href":"https:\/\/www.sportchaco.com.ar\/index.php?rest_route=\/wp\/v2\/posts"}],"about":[{"href":"https:\/\/www.sportchaco.com.ar\/index.php?rest_route=\/wp\/v2\/types\/post"}],"author":[{"embeddable":true,"href":"https:\/\/www.sportchaco.com.ar\/index.php?rest_route=\/wp\/v2\/users\/2"}],"replies":[{"embeddable":true,"href":"https:\/\/www.sportchaco.com.ar\/index.php?rest_route=%2Fwp%2Fv2%2Fcomments&post=1867"}],"version-history":[{"count":1,"href":"https:\/\/www.sportchaco.com.ar\/index.php?rest_route=\/wp\/v2\/posts\/1867\/revisions"}],"predecessor-version":[{"id":1869,"href":"https:\/\/www.sportchaco.com.ar\/index.php?rest_route=\/wp\/v2\/posts\/1867\/revisions\/1869"}],"wp:featuredmedia":[{"embeddable":true,"href":"https:\/\/www.sportchaco.com.ar\/index.php?rest_route=\/wp\/v2\/media\/1868"}],"wp:attachment":[{"href":"https:\/\/www.sportchaco.com.ar\/index.php?rest_route=%2Fwp%2Fv2%2Fmedia&parent=1867"}],"wp:term":[{"taxonomy":"category","embeddable":true,"href":"https:\/\/www.sportchaco.com.ar\/index.php?rest_route=%2Fwp%2Fv2%2Fcategories&post=1867"},{"taxonomy":"post_tag","embeddable":true,"href":"https:\/\/www.sportchaco.com.ar\/index.php?rest_route=%2Fwp%2Fv2%2Ftags&post=1867"}],"curies":[{"name":"wp","href":"https:\/\/api.w.org\/{rel}","templated":true}]}}