{"id":18670,"date":"2025-04-28T19:58:41","date_gmt":"2025-04-28T22:58:41","guid":{"rendered":"https:\/\/www.sportchaco.com.ar\/?p=18670"},"modified":"2025-04-28T19:58:41","modified_gmt":"2025-04-28T22:58:41","slug":"ruben-wolkowyski-le-puso-fin-a-su-carrera-de-basquetbolista","status":"publish","type":"post","link":"https:\/\/www.sportchaco.com.ar\/?p=18670","title":{"rendered":"Rub\u00e9n Wolkowyski le puso fin a su carrera de basquetbolista"},"content":{"rendered":"<p><strong>28-04-2025<\/strong><\/p>\n<p><img loading=\"lazy\" decoding=\"async\" class=\"aligncenter wp-image-18209 size-large\" src=\"https:\/\/www.sportchaco.com.ar\/wp-content\/uploads\/2025\/04\/940x90-2-1024x99.gif\" alt=\"\" width=\"1024\" height=\"99\" srcset=\"https:\/\/www.sportchaco.com.ar\/wp-content\/uploads\/2025\/04\/940x90-2-1024x99.gif 1024w, https:\/\/www.sportchaco.com.ar\/wp-content\/uploads\/2025\/04\/940x90-2-300x29.gif 300w, https:\/\/www.sportchaco.com.ar\/wp-content\/uploads\/2025\/04\/940x90-2-768x74.gif 768w, https:\/\/www.sportchaco.com.ar\/wp-content\/uploads\/2025\/04\/940x90-2-1536x148.gif 1536w\" sizes=\"auto, (max-width: 1024px) 100vw, 1024px\" \/><\/p>\n<p>Rub\u00e9n\u00a0Wolkowyski, uno de los grandes nombres del b\u00e1squetbol argentino,\u00a0cerr\u00f3 oficialmente su carrera\u00a0profesional\u00a0a los 51 a\u00f1os.<\/p>\n<p>Lo hizo en Espa\u00f1a, jugando junto a su hijo Tom\u00e1s\u00a0con el equipo\u00a0Salliver Fuengirola, en la cuarta categor\u00eda del b\u00e1squetbol ib\u00e9rico (Tercera FEB).<\/p>\n<p>Este \u00faltimo partido fue un emotivo adi\u00f3s a una trayectoria que incluy\u00f3 clubes y competiciones de \u00e9lite, adem\u00e1s de su inolvidable participaci\u00f3n con la\u00a0Generaci\u00f3n Dorada\u00a0que se coron\u00f3 campeona ol\u00edmpica en Atenas 2004.<\/p>\n<p>El broche final lleg\u00f3 en un enfrentamiento contra el\u00a0Ja\u00e9n Para\u00edso Interior, con el Salliver ya asegurando su permanencia en la categor\u00eda. Aunque la derrota 76-66 qued\u00f3 como una an\u00e9cdota, el momento m\u00e1s especial del partido se vivi\u00f3 a falta de 43 segundos para el final del \u00faltimo cuarto. Son\u00f3 la chicharra y Wolkowyski fue sustituido, recibiendo\u00a0una ovaci\u00f3n de sus compa\u00f1eros, rivales y el p\u00fablico\u00a0mientras compart\u00eda un emotivo abrazo con su hijo.<\/p>\n<p>En sus 24 minutos en cancha, el chaque\u00f1o aport\u00f3 6 puntos y 6 rebotes, dejando en su \u00faltima temporada promedios de 6,8 puntos y 4,4 rebotes en 18 minutos por partido. Las fotos de la despedida las comparti\u00f3 el periodista espa\u00f1ol Julio Rodr\u00edguez.<\/p>\n<p>\u201cHaber vuelto a jugar fue una experiencia incre\u00edble, sobre todo por la posibilidad de compartir cancha con mi hijo. Es impagable\u201d, expres\u00f3 recientemente el\u00a0<i>Colo<\/i>.\u00a0\u201cAdem\u00e1s, me gusta estar entrenado y en forma; mientras pueda, lo disfruto\u201d, agreg\u00f3.<\/p>\n<p>La carrera de Rub\u00e9n Wolkowyski comenz\u00f3 en 1992 en\u00a0Uni\u00f3n Progresista\u00a0(TNA) y lo llev\u00f3 a equipos hist\u00f3ricos del b\u00e1squet argentino como\u00a0Quilmes de Mar del Plata, Boca Juniors y Libertad de Sunchales. Su talento lo catapult\u00f3 al escenario internacional, llegando a Europa y, m\u00e1s tarde, protagonizando un hecho hist\u00f3rico: fue el primer chaque\u00f1o y uno de los primeros argentinos en la NBA.<\/p>\n<p class=\"paragraph\" data-mrf-recirculation=\"Links inline\">Aquella noche del 31 de octubre de 2000 qued\u00f3 grabada en la historia del deporte nacional. Junto con Juan Ignacio\u00a0<i>Pepe<\/i>\u00a0S\u00e1nchez, Wolkowyski\u00a0debut\u00f3 en la liga m\u00e1s importante del mundo. Primero sali\u00f3 a la cancha\u00a0<i>Pepe<\/i>\u00a0con Philadelphia 76ers frente a los New York Knicks en el Madison Square Garden, y, 29 minutos despu\u00e9s, el\u00a0<i>Colo<\/i>\u00a0hizo lo propio con los\u00a0Seattle SuperSonics\u00a0frente a los Vancouver Grizzlies.\u00a0\u201cHaber ido en el a\u00f1o 2000 a la NBA era impensado para cualquier jugador argentino y m\u00e1s desde Argentina. Yo no ten\u00eda ese objetivo, mi sue\u00f1o era llegar a Europa. Ver la NBA lo ve\u00eda casi imposible, era otro mundo\u201d, record\u00f3.<\/p>\n<p class=\"paragraph\" data-mrf-recirculation=\"Links inline\">El desaf\u00edo de pasar de Argentina a la NBA super\u00f3 sus expectativas:\u00a0\u201cCuando llegu\u00e9 all\u00e1 me di cuenta de que era otro mundo.\u00a0Me sorprendi\u00f3 todo lo que vi, desde la organizaci\u00f3n hasta el juego, todo era diferente. Imaginate, un chaque\u00f1o en lo m\u00e1ximo del deporte mundial\u201d, expres\u00f3.<\/p>\n<p class=\"paragraph\" data-mrf-recirculation=\"Links inline\">Wolkowyski visti\u00f3 las camisetas de\u00a0Seattle y Boston en la NBA,\u00a0mientras que en Europa pas\u00f3 por clubes de renombre como\u00a0CSKA Mosc\u00fa, Olympiacos y Tau Cer\u00e1mica.\u00a0Dentro de su largo curr\u00edculum tambi\u00e9n figura un breve retiro en 2015 jugando en Quilmes de Mar del Plata.<\/p>\n<p class=\"paragraph\" data-mrf-recirculation=\"Links inline\">Wolkowyski\u00a0fue parte de la inolvidable Generaci\u00f3n Dorada, un grupo de jugadores argentinos que marc\u00f3 un antes y un despu\u00e9s en el b\u00e1squetbol mundial. Su momento m\u00e1s glorioso fue en los\u00a0Juegos Ol\u00edmpicos de Atenas 2004, donde se consagraron\u00a0campeones\u00a0al derrotar a potencias como Estados Unidos y ganarle la final a Italia. Pese al retiro progresivo de sus integrantes, su influencia sigue siendo palpable tanto en Argentina como en el \u00e1mbito internacional.<\/p>\n<p class=\"paragraph\" data-mrf-recirculation=\"Links inline\">Actualmente,\u00a0Carlos Delfino\u00a0es el \u00fanico jugador de aquella generaci\u00f3n que\u00a0sigue en actividad. Sin embargo, su temporada en el Benedetto Cento de la Serie A2 de Italia est\u00e1 en pausa debido a una lesi\u00f3n que lo oblig\u00f3 a detener su participaci\u00f3n. \u201cEsta decisi\u00f3n fue tomada con gran conciencia, respeto y esp\u00edritu de equipo\u201d, inform\u00f3 su club en un comunicado reciente.<\/p>\n<p class=\"paragraph\" data-mrf-recirculation=\"Links inline\">El regreso de Wolkowyski al b\u00e1squet profesional tuvo un motivador especial:\u00a0cumplir el sue\u00f1o de jugar junto a su hijo Tom\u00e1s, un alero de 24 a\u00f1os y 1,99 metros. Cuando el entrenador del Salliver lo contact\u00f3 tras la lesi\u00f3n de un p\u00edvot del equipo, su familia lo anim\u00f3 a aceptar la propuesta.\u00a0\u201cFue algo natural. La idea de compartir este momento en la cancha con mi hijo fue irresistible\u201d, detall\u00f3 el gigante de 2,08 metros y 127 kilos.<\/p>\n<p class=\"paragraph\" data-mrf-recirculation=\"Links inline\">Tras una destacada carrera en las canchas, Wolkowyski ahora concentra su experiencia en la formaci\u00f3n de nuevos talentos.\u00a0Es director del \u00e1rea de deportes en un colegio en Marbella, donde trabaja junto a otro hist\u00f3rico del b\u00e1squet argentino, Claudio Farabello. \u201cYa tenemos casi todas las categor\u00edas para jugar de forma federada\u201d, cont\u00f3. As\u00ed, el \u201cColo\u201d cierra el cap\u00edtulo de su carrera como jugador, dejando un legado dif\u00edcil de igualar y una vida dedicada al b\u00e1squetbol.<\/p>\n<p data-mrf-recirculation=\"Links inline\"><em><strong>Fuente: Infobae<\/strong><\/em><\/p>\n<p><img loading=\"lazy\" decoding=\"async\" class=\"aligncenter wp-image-18572 size-large\" src=\"https:\/\/www.sportchaco.com.ar\/wp-content\/uploads\/2025\/04\/CONECTIVIDAD1-819x1024.jpg\" alt=\"\" width=\"819\" height=\"1024\" srcset=\"https:\/\/www.sportchaco.com.ar\/wp-content\/uploads\/2025\/04\/CONECTIVIDAD1-819x1024.jpg 819w, https:\/\/www.sportchaco.com.ar\/wp-content\/uploads\/2025\/04\/CONECTIVIDAD1-240x300.jpg 240w, https:\/\/www.sportchaco.com.ar\/wp-content\/uploads\/2025\/04\/CONECTIVIDAD1-768x960.jpg 768w, https:\/\/www.sportchaco.com.ar\/wp-content\/uploads\/2025\/04\/CONECTIVIDAD1-1229x1536.jpg 1229w, https:\/\/www.sportchaco.com.ar\/wp-content\/uploads\/2025\/04\/CONECTIVIDAD1.jpg 1440w\" sizes=\"auto, (max-width: 819px) 100vw, 819px\" \/><\/p>\n","protected":false},"excerpt":{"rendered":"<p>28-04-2025 Rub\u00e9n\u00a0Wolkowyski, uno de los grandes nombres del b\u00e1squetbol argentino,\u00a0cerr\u00f3 oficialmente su carrera\u00a0profesional\u00a0a los 51 a\u00f1os. Lo hizo en Espa\u00f1a, jugando junto a su hijo Tom\u00e1s\u00a0con el equipo\u00a0Salliver Fuengirola, en la cuarta categor\u00eda del b\u00e1squetbol ib\u00e9rico (Tercera FEB). Este \u00faltimo partido fue un emotivo adi\u00f3s a una trayectoria que incluy\u00f3 clubes y competiciones de \u00e9lite, &hellip;<\/p>\n","protected":false},"author":3,"featured_media":18671,"comment_status":"open","ping_status":"open","sticky":false,"template":"","format":"standard","meta":{"footnotes":""},"categories":[3],"tags":[],"class_list":["post-18670","post","type-post","status-publish","format-standard","has-post-thumbnail","hentry","category-basquetbol"],"_links":{"self":[{"href":"https:\/\/www.sportchaco.com.ar\/index.php?rest_route=\/wp\/v2\/posts\/18670","targetHints":{"allow":["GET"]}}],"collection":[{"href":"https:\/\/www.sportchaco.com.ar\/index.php?rest_route=\/wp\/v2\/posts"}],"about":[{"href":"https:\/\/www.sportchaco.com.ar\/index.php?rest_route=\/wp\/v2\/types\/post"}],"author":[{"embeddable":true,"href":"https:\/\/www.sportchaco.com.ar\/index.php?rest_route=\/wp\/v2\/users\/3"}],"replies":[{"embeddable":true,"href":"https:\/\/www.sportchaco.com.ar\/index.php?rest_route=%2Fwp%2Fv2%2Fcomments&post=18670"}],"version-history":[{"count":2,"href":"https:\/\/www.sportchaco.com.ar\/index.php?rest_route=\/wp\/v2\/posts\/18670\/revisions"}],"predecessor-version":[{"id":18682,"href":"https:\/\/www.sportchaco.com.ar\/index.php?rest_route=\/wp\/v2\/posts\/18670\/revisions\/18682"}],"wp:featuredmedia":[{"embeddable":true,"href":"https:\/\/www.sportchaco.com.ar\/index.php?rest_route=\/wp\/v2\/media\/18671"}],"wp:attachment":[{"href":"https:\/\/www.sportchaco.com.ar\/index.php?rest_route=%2Fwp%2Fv2%2Fmedia&parent=18670"}],"wp:term":[{"taxonomy":"category","embeddable":true,"href":"https:\/\/www.sportchaco.com.ar\/index.php?rest_route=%2Fwp%2Fv2%2Fcategories&post=18670"},{"taxonomy":"post_tag","embeddable":true,"href":"https:\/\/www.sportchaco.com.ar\/index.php?rest_route=%2Fwp%2Fv2%2Ftags&post=18670"}],"curies":[{"name":"wp","href":"https:\/\/api.w.org\/{rel}","templated":true}]}}