{"id":18707,"date":"2025-04-29T17:44:34","date_gmt":"2025-04-29T20:44:34","guid":{"rendered":"https:\/\/www.sportchaco.com.ar\/?p=18707"},"modified":"2025-04-29T21:24:35","modified_gmt":"2025-04-30T00:24:35","slug":"fin-de-semana-lleno-de-ascenso","status":"publish","type":"post","link":"https:\/\/www.sportchaco.com.ar\/?p=18707","title":{"rendered":"Fin de semana lleno de ascenso"},"content":{"rendered":"<p><strong>29-04-2025<\/strong><\/p>\n<p><img loading=\"lazy\" decoding=\"async\" class=\"aligncenter wp-image-17927 size-large\" src=\"https:\/\/www.sportchaco.com.ar\/wp-content\/uploads\/2025\/04\/Banners-ruta-13_720x90-1-1-1024x128.gif\" sizes=\"auto, (max-width: 1024px) 100vw, 1024px\" srcset=\"https:\/\/www.sportchaco.com.ar\/wp-content\/uploads\/2025\/04\/Banners-ruta-13_720x90-1-1-1024x128.gif 1024w, https:\/\/www.sportchaco.com.ar\/wp-content\/uploads\/2025\/04\/Banners-ruta-13_720x90-1-1-300x37.gif 300w, https:\/\/www.sportchaco.com.ar\/wp-content\/uploads\/2025\/04\/Banners-ruta-13_720x90-1-1-768x96.gif 768w\" alt=\"\" width=\"1024\" height=\"128\" \/><\/p>\n<p>Para este fin de semana se program\u00f3 la 6\u00aa fecha del campeonato de la Primera B de la Liga Chaque\u00f1a de F\u00fatbol, el cual lidera Los Liricos que estar\u00e1 jugando el d\u00eda domingo ante Bariloche FC en la cancha de Independiente Tirol.<\/p>\n<p>El viernes comenzar\u00e1 la jornada de ascenso con un partido, seis encuentros el s\u00e1bado y los restantes seis ir\u00e1n el domingo, todo en el horario unificado de las 16 horas.<\/p>\n<p><b><strong>TORNEO OFICIAL \u00abADRI\u00c1N DAR\u00cdO PARRA\u00bb<\/strong><br \/>\nTODA LA 7\u00aa FECHA<br \/>\n<\/b><b><\/b><strong>Viernes 02-05<\/strong><br \/>\nA las 16, Dep. G\u00fciraldes &#8211; Canallas del Sur, en Regional<\/p>\n<p><strong>S\u00e1bado 03-05<\/strong><br \/>\nA las 16, DEF \u2013 Dep. Sameep, en Regional<br \/>\nA las 16, Uni\u00f3n del Sur \u2013 Chaco Hebr\u00f3n<br \/>\nA las 16, Centauro FC \u2013 Banfield, en Central Norte<br \/>\nA las 16, V\u00e9lez \u2013 Camioneros<\/p>\n<p><strong>Domingo 04-05<\/strong><br \/>\nA las 16, C. E. de Comercio \u2013 San Fernando<br \/>\nA las 16, FC Barber\u00e1n \u2013 Dep. Zona Sur, en Estudiantes<br \/>\nA las 16, Dep. Esperanza \u2013 Dep. Barber\u00e1n, en V\u00e9lez SL<br \/>\nA las 16, Los L\u00edricos &#8211; Bariloche FC, en Indep. Tirol<br \/>\nA las 16, Parque Patricios \u2013 UPCP, en Villa Alvear<br \/>\nA las 16, Dogos \u2013 Confraternidad, en Bancarios<\/p>\n<p><strong>Libre:<\/strong> Municipales<\/p>\n<p><b>POSICIONES<\/b><br \/>\nLos L\u00edricos 16<br \/>\nParque Patricios 13<br \/>\nSan Fernando 13<br \/>\nCanallas del Sur 13<br \/>\nMunicipales 13<br \/>\nC. E. de Comercio 12<br \/>\nDep. Esperanza 12<br \/>\nUPCP 11<br \/>\nConfraternidad 10<br \/>\nDep. G\u00fciraldes 10<br \/>\nBanfield 10<br \/>\nCamioneros 8<br \/>\nUni\u00f3n del Sur 7<br \/>\nDep. Barber\u00e1n 6<br \/>\nV\u00e9lez 5<br \/>\nChaco Hebr\u00f3n 4<br \/>\nFC Barber\u00e1n 4<br \/>\nDogos 4<br \/>\nDep. Sameep 3<br \/>\nBariloche FC 3<br \/>\nCentauro FC 2<br \/>\nDEF 2<br \/>\nDep. Zona Sur 1<\/p>\n<p><em><strong>Foto: Deportivo G\u00fciraldes<\/strong><\/em><\/p>\n<p>&nbsp;<\/p>\n<p><img loading=\"lazy\" decoding=\"async\" class=\"aligncenter wp-image-17935 size-large\" src=\"https:\/\/www.sportchaco.com.ar\/wp-content\/uploads\/2025\/04\/Red-de-empleos-1080x1350-2-819x1024.gif\" sizes=\"auto, (max-width: 819px) 100vw, 819px\" srcset=\"https:\/\/www.sportchaco.com.ar\/wp-content\/uploads\/2025\/04\/Red-de-empleos-1080x1350-2-819x1024.gif 819w, https:\/\/www.sportchaco.com.ar\/wp-content\/uploads\/2025\/04\/Red-de-empleos-1080x1350-2-240x300.gif 240w, https:\/\/www.sportchaco.com.ar\/wp-content\/uploads\/2025\/04\/Red-de-empleos-1080x1350-2-768x960.gif 768w, https:\/\/www.sportchaco.com.ar\/wp-content\/uploads\/2025\/04\/Red-de-empleos-1080x1350-2-1229x1536.gif 1229w, https:\/\/www.sportchaco.com.ar\/wp-content\/uploads\/2025\/04\/Red-de-empleos-1080x1350-2-1638x2048.gif 1638w\" alt=\"\" width=\"819\" height=\"1024\" \/><\/p>\n","protected":false},"excerpt":{"rendered":"<p>29-04-2025 Para este fin de semana se program\u00f3 la 6\u00aa fecha del campeonato de la Primera B de la Liga Chaque\u00f1a de F\u00fatbol, el cual lidera Los Liricos que estar\u00e1 jugando el d\u00eda domingo ante Bariloche FC en la cancha de Independiente Tirol. El viernes comenzar\u00e1 la jornada de ascenso con un partido, seis encuentros &hellip;<\/p>\n","protected":false},"author":3,"featured_media":18708,"comment_status":"open","ping_status":"open","sticky":false,"template":"","format":"standard","meta":{"footnotes":""},"categories":[5],"tags":[],"class_list":["post-18707","post","type-post","status-publish","format-standard","has-post-thumbnail","hentry","category-futbol"],"_links":{"self":[{"href":"https:\/\/www.sportchaco.com.ar\/index.php?rest_route=\/wp\/v2\/posts\/18707","targetHints":{"allow":["GET"]}}],"collection":[{"href":"https:\/\/www.sportchaco.com.ar\/index.php?rest_route=\/wp\/v2\/posts"}],"about":[{"href":"https:\/\/www.sportchaco.com.ar\/index.php?rest_route=\/wp\/v2\/types\/post"}],"author":[{"embeddable":true,"href":"https:\/\/www.sportchaco.com.ar\/index.php?rest_route=\/wp\/v2\/users\/3"}],"replies":[{"embeddable":true,"href":"https:\/\/www.sportchaco.com.ar\/index.php?rest_route=%2Fwp%2Fv2%2Fcomments&post=18707"}],"version-history":[{"count":3,"href":"https:\/\/www.sportchaco.com.ar\/index.php?rest_route=\/wp\/v2\/posts\/18707\/revisions"}],"predecessor-version":[{"id":18720,"href":"https:\/\/www.sportchaco.com.ar\/index.php?rest_route=\/wp\/v2\/posts\/18707\/revisions\/18720"}],"wp:featuredmedia":[{"embeddable":true,"href":"https:\/\/www.sportchaco.com.ar\/index.php?rest_route=\/wp\/v2\/media\/18708"}],"wp:attachment":[{"href":"https:\/\/www.sportchaco.com.ar\/index.php?rest_route=%2Fwp%2Fv2%2Fmedia&parent=18707"}],"wp:term":[{"taxonomy":"category","embeddable":true,"href":"https:\/\/www.sportchaco.com.ar\/index.php?rest_route=%2Fwp%2Fv2%2Fcategories&post=18707"},{"taxonomy":"post_tag","embeddable":true,"href":"https:\/\/www.sportchaco.com.ar\/index.php?rest_route=%2Fwp%2Fv2%2Ftags&post=18707"}],"curies":[{"name":"wp","href":"https:\/\/api.w.org\/{rel}","templated":true}]}}