{"id":18795,"date":"2025-05-02T16:26:07","date_gmt":"2025-05-02T19:26:07","guid":{"rendered":"https:\/\/www.sportchaco.com.ar\/?p=18795"},"modified":"2025-05-02T16:26:07","modified_gmt":"2025-05-02T19:26:07","slug":"verza-incursiono-en-motos-y-cuatriciclo-con-saldo-positivo","status":"publish","type":"post","link":"https:\/\/www.sportchaco.com.ar\/?p=18795","title":{"rendered":"Verza incursion\u00f3 en motos y cuatriciclo con saldo positivo"},"content":{"rendered":"<p><strong>02-05-2025<\/strong><\/p>\n<p><img loading=\"lazy\" decoding=\"async\" class=\"aligncenter wp-image-18571 size-full\" src=\"https:\/\/www.sportchaco.com.ar\/wp-content\/uploads\/2025\/04\/Chaco-si-n-fuego-2-940x90-3-1.gif\" alt=\"\" width=\"1959\" height=\"189\" \/><\/p>\n<p>El piloto oriundo de S\u00e1enz Pe\u00f1a acrecienta su preparaci\u00f3n pensando en un futuro regreso al Rally Dakar, donde el \u201cYaguaret\u00e9\u201d fue parte durante varias temporadas como piloto y mec\u00e1nico, conduciendo un cuatriciclo Yamaha Raptor 700 que le ha dado grandes satisfacciones.<\/p>\n<p>La cuesti\u00f3n presupuestaria es clave para poder reactivar ese proyecto, y por esto tambi\u00e9n cobra relevancia la adaptaci\u00f3n que pueda tener a la motocicleta para intentar el regreso. Es que los cuatriciclos fueron desafectados de la prueba internacional y debe recurrir a otro veh\u00edculo, siendo la moto la opci\u00f3n m\u00e1s econ\u00f3mica, pr\u00e1ctica y real.<\/p>\n<p>Mientras tanto, el Verza Rally-Raid viene teniendo presencia en dos campeonatos de manera simult\u00e1nea, con buenos resultados y con grandes expectativas en una temporada que reci\u00e9n est\u00e1 dando sus primeros pasos y que lo tiene al saenzpe\u00f1ense como uno de los protagonistas.<\/p>\n<p><a href=\"https:\/\/www.ecodeportivo.com.ar\/img\/2025\/05\/verza25-moto.jpg\"><img loading=\"lazy\" decoding=\"async\" class=\"alignnone size-full wp-image-47828\" src=\"https:\/\/www.ecodeportivo.com.ar\/img\/2025\/05\/verza25-moto.jpg\" sizes=\"auto, (max-width: 1260px) 100vw, 1260px\" srcset=\"https:\/\/www.ecodeportivo.com.ar\/img\/2025\/05\/verza25-moto.jpg 1260w, https:\/\/www.ecodeportivo.com.ar\/img\/2025\/05\/verza25-moto-300x180.jpg 300w, https:\/\/www.ecodeportivo.com.ar\/img\/2025\/05\/verza25-moto-1024x614.jpg 1024w, https:\/\/www.ecodeportivo.com.ar\/img\/2025\/05\/verza25-moto-768x461.jpg 768w\" alt=\"\" width=\"1260\" height=\"756\" \/><\/a><\/p>\n<p>En tal sentido vale mencionar el tercer puesto en categor\u00eda \u201cmotos\u201d que obtuvo en el Campeonato Latinoamericano FIM; y la misma posici\u00f3n en el Campeonato Argentino de \u201ccuatriciclos\u201d, en ambos casos compitiendo con pilotos de jerarqu\u00eda internacional.<\/p>\n<p>\u201cEstamos enfocados en volver al Dakar y este es el camino\u201d, asegur\u00f3 Carlos Verza al valorar lo que se viene realizando y apuntando a cerrar el a\u00f1o en el podio de ambas competencias. A la par agradeci\u00f3 a los sponsors que lo vienen acompa\u00f1ando de manera incondicional y que conf\u00edan en su potencial.<\/p>\n<p><em><strong>Fuente: Eco Deportivo<\/strong><\/em><\/p>\n<p><img loading=\"lazy\" decoding=\"async\" class=\"aligncenter wp-image-18692 size-large\" src=\"https:\/\/www.sportchaco.com.ar\/wp-content\/uploads\/2025\/04\/Chaco-sin-fuego-1080x1350-3-1-819x1024.gif\" alt=\"\" width=\"819\" height=\"1024\" srcset=\"https:\/\/www.sportchaco.com.ar\/wp-content\/uploads\/2025\/04\/Chaco-sin-fuego-1080x1350-3-1-819x1024.gif 819w, https:\/\/www.sportchaco.com.ar\/wp-content\/uploads\/2025\/04\/Chaco-sin-fuego-1080x1350-3-1-240x300.gif 240w, https:\/\/www.sportchaco.com.ar\/wp-content\/uploads\/2025\/04\/Chaco-sin-fuego-1080x1350-3-1-768x960.gif 768w, https:\/\/www.sportchaco.com.ar\/wp-content\/uploads\/2025\/04\/Chaco-sin-fuego-1080x1350-3-1-1229x1536.gif 1229w, https:\/\/www.sportchaco.com.ar\/wp-content\/uploads\/2025\/04\/Chaco-sin-fuego-1080x1350-3-1-1638x2048.gif 1638w\" sizes=\"auto, (max-width: 819px) 100vw, 819px\" \/><\/p>\n","protected":false},"excerpt":{"rendered":"<p>02-05-2025 El piloto oriundo de S\u00e1enz Pe\u00f1a acrecienta su preparaci\u00f3n pensando en un futuro regreso al Rally Dakar, donde el \u201cYaguaret\u00e9\u201d fue parte durante varias temporadas como piloto y mec\u00e1nico, conduciendo un cuatriciclo Yamaha Raptor 700 que le ha dado grandes satisfacciones. La cuesti\u00f3n presupuestaria es clave para poder reactivar ese proyecto, y por esto &hellip;<\/p>\n","protected":false},"author":3,"featured_media":18796,"comment_status":"open","ping_status":"open","sticky":false,"template":"","format":"standard","meta":{"footnotes":""},"categories":[8],"tags":[],"class_list":["post-18795","post","type-post","status-publish","format-standard","has-post-thumbnail","hentry","category-sport-nea"],"_links":{"self":[{"href":"https:\/\/www.sportchaco.com.ar\/index.php?rest_route=\/wp\/v2\/posts\/18795","targetHints":{"allow":["GET"]}}],"collection":[{"href":"https:\/\/www.sportchaco.com.ar\/index.php?rest_route=\/wp\/v2\/posts"}],"about":[{"href":"https:\/\/www.sportchaco.com.ar\/index.php?rest_route=\/wp\/v2\/types\/post"}],"author":[{"embeddable":true,"href":"https:\/\/www.sportchaco.com.ar\/index.php?rest_route=\/wp\/v2\/users\/3"}],"replies":[{"embeddable":true,"href":"https:\/\/www.sportchaco.com.ar\/index.php?rest_route=%2Fwp%2Fv2%2Fcomments&post=18795"}],"version-history":[{"count":1,"href":"https:\/\/www.sportchaco.com.ar\/index.php?rest_route=\/wp\/v2\/posts\/18795\/revisions"}],"predecessor-version":[{"id":18797,"href":"https:\/\/www.sportchaco.com.ar\/index.php?rest_route=\/wp\/v2\/posts\/18795\/revisions\/18797"}],"wp:featuredmedia":[{"embeddable":true,"href":"https:\/\/www.sportchaco.com.ar\/index.php?rest_route=\/wp\/v2\/media\/18796"}],"wp:attachment":[{"href":"https:\/\/www.sportchaco.com.ar\/index.php?rest_route=%2Fwp%2Fv2%2Fmedia&parent=18795"}],"wp:term":[{"taxonomy":"category","embeddable":true,"href":"https:\/\/www.sportchaco.com.ar\/index.php?rest_route=%2Fwp%2Fv2%2Fcategories&post=18795"},{"taxonomy":"post_tag","embeddable":true,"href":"https:\/\/www.sportchaco.com.ar\/index.php?rest_route=%2Fwp%2Fv2%2Ftags&post=18795"}],"curies":[{"name":"wp","href":"https:\/\/api.w.org\/{rel}","templated":true}]}}