{"id":18892,"date":"2025-05-04T23:36:16","date_gmt":"2025-05-05T02:36:16","guid":{"rendered":"https:\/\/www.sportchaco.com.ar\/?p=18892"},"modified":"2025-05-05T12:22:55","modified_gmt":"2025-05-05T15:22:55","slug":"efemerides-del-5-de-mayo","status":"publish","type":"post","link":"https:\/\/www.sportchaco.com.ar\/?p=18892","title":{"rendered":"Efem\u00e9rides del 5 de mayo"},"content":{"rendered":"<div class=\"container fullwidth-entry-title-wrapper\">\n<div class=\"container-wrapper fullwidth-entry-title\">\n<header class=\"entry-header-outer\">\n<div class=\"entry-header\">\n<div class=\"single-post-meta post-meta clearfix\">\n<div class=\"tie-alignright\"><\/div>\n<\/div>\n<\/div>\n<\/header>\n<\/div>\n<\/div>\n<div id=\"content\" class=\"site-content container\">\n<div id=\"main-content-row\" class=\"tie-row main-content-row\">\n<div class=\"main-content tie-col-md-8 tie-col-xs-12\" role=\"main\">\n<article id=\"the-post\" class=\"container-wrapper post-content tie-standard\">\n<div class=\"featured-area\">\n<div class=\"featured-area-inner\"><\/div>\n<\/div>\n<div class=\"entry-content entry clearfix\">\n<h4><strong>Esta es la Efem\u00e9rides del Deporte en el Chaco de un 5 de mayo del periodista Luis Dar\u00edo Molodezky.<\/strong><\/h4>\n<p>&nbsp;<\/p>\n<p><img loading=\"lazy\" decoding=\"async\" class=\"alignnone size-full wp-image-18779 aligncenter\" src=\"https:\/\/www.sportchaco.com.ar\/wp-content\/uploads\/2025\/05\/Luis-2025-marzo-3-300x229-1.jpg\" alt=\"\" width=\"300\" height=\"229\" \/><\/p>\n<p>&nbsp;<\/p>\n<p><strong>1958 \/\u00a0<\/strong>Nace en S\u00e1enz Pe\u00f1a \u00c1ngel \u201cCacho\u201d Caro. Tras debutar como profesional un 19 de enero de 1979, estuvo en los ring 11 a\u00f1os, con un r\u00e9cord de 52 peleas, 33 ganadas (15KO), 15 perdidas y 4 empates. Lo dirigieron Julio Mendolar, Santos Zacar\u00edas y L\u00e1tigo Coggi. Pel\u00f3 por el t\u00edtulo argentino ante Dar\u00edo Matteoni en 1986 en Baradero, perdiendo por puntos.<\/p>\n<p><strong>1964\u00a0<\/strong>\/ Naci\u00f3 en Capital Federal Carlos Gabriel Salazar. Radicado desde ni\u00f1o en S\u00e1enz Pe\u00f1a, aprendi\u00f3 el boxeo de su padre. Fue campe\u00f3n S\u00faper Mosca FIB (1995-96)-Mosca OMB (1996-98). R\u00e9cord: 47-8-3 (18 KO).<\/p>\n<p><strong>1981\u00a0<\/strong>\/ Falleci\u00f3 Ram\u00f3n de las Mercedes Tissera, pol\u00edtico, historiador, periodista, hombre de la cultura, que sin haber nacido en el Chaco, hizo grandes cosas por esta provincia desde su puesto de trabajo. Este hombre p\u00fablico honr\u00f3 una banca de la Legislatura en respuesta a su vocaci\u00f3n pol\u00edtica. Dej\u00f3 tambi\u00e9n un legado a los estudiosos e historiadores con su inconclusa obra sobre la Historia General del Chaco y muchas otras obras diseminadas en publicaciones y bibliotecas. Desde su puesto de secretariode Redacci\u00f3n o editorialista de NORTE sent\u00f3 c\u00e1tedra en el modo de ejercer periodismo. Adem\u00e1s su modo apasionado de vivir cada instancia de la vida, desde la familia, el trabajo, sus amistades, su vocaci\u00f3n de servicio, fueron un ejemplo que trascendi\u00f3 las fronteras del tiempo, que a tantos a\u00f1os de su partida definitiva, siguen convocando a los chaque\u00f1os a compartir sus convicciones.<\/p>\n<p><strong>2000\u00a0<\/strong>\/ Fallece en la ciudad de Resistencia a los 65 a\u00f1os, Osvaldo Anderlik, apodado el\u00a0<em>Arquero Volador,\u00a0<\/em>que luci\u00f3 su bagaje de condiciones en Aprendices Chaque\u00f1os, Atl\u00e9tico Sportivo y otros equipos de la ciudad termal. Nacido un 27 de abril de 1935, y no lleg\u00f3 al f\u00fatbol profesional s\u00f3lo porque en su juventud sus padres no le permitieron emigrar. De veterano estuvo vinculado a distintos clubes e instituciones barriales y en los \u00faltimos tiempos a Veteranos de Ratt\u00edn.<\/p>\n<p><strong>2006\u00a0<\/strong>\/ Asociaci\u00f3n Espa\u00f1ola de Charata se consagraba campe\u00f3n de la Zona Norte de la Liga \u201cB\u201d y obten\u00eda el pasaje al Torneo Nacional de Ascenso. En un partido disputado en su estadio \u201cJorge Coco Arrudi\u201d, se impuso por 98-77 a Ciclista Ol\u00edmpico de La Banda, Santiago del Estero, en el quinto juego de la serie final.<\/p>\n<p><strong>2007\u00a0<\/strong>\/ Social de Las Bre\u00f1as present\u00f3 su piso de parqu\u00e9 flotante en la cancha de b\u00e1squetbol del micro estadio \u00c1ngel P\u00e9rtile, durante el partido que le gan\u00f3 a Regatas Resistencia 68 a 59. Se trata de una donaci\u00f3n de de la Asociaci\u00f3n Club Social Jorge Omar Araujo. La obra se realiz\u00f3 con madera de guatamb\u00fa misionero.<\/p>\n<p><strong>2017 \/<\/strong>\u00a0Fallece V\u00edctor Garc\u00eda del Val a los 83 a\u00f1os. Form\u00f3 parte de una legi\u00f3n de trabajadores de prensa que forjaron el periodismo chaque\u00f1o. \u00a0Se destac\u00f3 como fot\u00f3grafo, poeta, ajedrecista, linotipista, dibujante, esgrimista, pintor, entre varios otros oficios y pasiones. Ejerc\u00eda la direcci\u00f3n de El Territorio al momento de su cierre definitivo el 9 de julio de 1989. Sus trabajos fueron publicados en distintos medios de Resistencia y la regi\u00f3n.\u00a0 Hab\u00eda nacido en Concordia, Entre R\u00edos, en 1934.<\/p>\n<p><img loading=\"lazy\" decoding=\"async\" class=\"attachment-jannah-image-post size-jannah-image-post wp-post-image\" src=\"https:\/\/www.sportchaco.com.ar\/wp-content\/uploads\/2024\/05\/Victor-Garcia-del-Val.jpg\" sizes=\"auto, (max-width: 467px) 100vw, 467px\" srcset=\"https:\/\/www.sportchaco.com.ar\/wp-content\/uploads\/2024\/05\/Victor-Garcia-del-Val.jpg 467w, https:\/\/www.sportchaco.com.ar\/wp-content\/uploads\/2024\/05\/Victor-Garcia-del-Val-300x179.jpg 300w\" alt=\"\" width=\"467\" height=\"278\" data-main-img=\"1\" \/><\/p>\n<p>2<strong>023 \/<\/strong>\u00a0Fallece e Pedro \u00abCucuro\u00bb Rodr\u00edguez, a los 73 a\u00f1os, hombre ampliamente vinculado a los medios de comunicaci\u00f3n, ya que fue durante m\u00e1s de 35 a\u00f1os corresponsal de Diario Norte, pas\u00f3 por la radio y su \u00faltimo emprendimiento fue la TV. Su vida laboral la desarroll\u00f3 en el Banco Naci\u00f3n y tambi\u00e9n fue productor agropecuario. Fue jugador de b\u00e1squetbol destac\u00e1ndose bajo las tablas.<\/p>\n<p><strong>Foto de V\u00edctor Garc\u00eda del Val<\/strong><\/p>\n<\/div>\n<p style=\"text-align: center;\"><img loading=\"lazy\" decoding=\"async\" class=\"alignnone size-medium wp-image-18573\" src=\"https:\/\/www.sportchaco.com.ar\/wp-content\/uploads\/2025\/04\/CONECTIVIDAD-240x300.jpg\" alt=\"\" width=\"240\" height=\"300\" srcset=\"https:\/\/www.sportchaco.com.ar\/wp-content\/uploads\/2025\/04\/CONECTIVIDAD-240x300.jpg 240w, https:\/\/www.sportchaco.com.ar\/wp-content\/uploads\/2025\/04\/CONECTIVIDAD.jpg 480w\" sizes=\"auto, (max-width: 240px) 100vw, 240px\" \/> <img loading=\"lazy\" decoding=\"async\" class=\"alignnone size-medium wp-image-18572\" src=\"https:\/\/www.sportchaco.com.ar\/wp-content\/uploads\/2025\/04\/CONECTIVIDAD1-240x300.jpg\" alt=\"\" width=\"240\" height=\"300\" srcset=\"https:\/\/www.sportchaco.com.ar\/wp-content\/uploads\/2025\/04\/CONECTIVIDAD1-240x300.jpg 240w, https:\/\/www.sportchaco.com.ar\/wp-content\/uploads\/2025\/04\/CONECTIVIDAD1-819x1024.jpg 819w, https:\/\/www.sportchaco.com.ar\/wp-content\/uploads\/2025\/04\/CONECTIVIDAD1-768x960.jpg 768w, https:\/\/www.sportchaco.com.ar\/wp-content\/uploads\/2025\/04\/CONECTIVIDAD1-1229x1536.jpg 1229w, https:\/\/www.sportchaco.com.ar\/wp-content\/uploads\/2025\/04\/CONECTIVIDAD1.jpg 1440w\" sizes=\"auto, (max-width: 240px) 100vw, 240px\" \/><\/p>\n<\/article>\n<\/div>\n<\/div>\n<\/div>\n","protected":false},"excerpt":{"rendered":"<p>Esta es la Efem\u00e9rides del Deporte en el Chaco de un 5 de mayo del periodista Luis Dar\u00edo Molodezky. &nbsp; &nbsp; 1958 \/\u00a0Nace en S\u00e1enz Pe\u00f1a \u00c1ngel \u201cCacho\u201d Caro. Tras debutar como profesional un 19 de enero de 1979, estuvo en los ring 11 a\u00f1os, con un r\u00e9cord de 52 peleas, 33 ganadas (15KO), 15 &hellip;<\/p>\n","protected":false},"author":2,"featured_media":18895,"comment_status":"open","ping_status":"open","sticky":false,"template":"","format":"standard","meta":{"footnotes":""},"categories":[45,35],"tags":[],"class_list":["post-18892","post","type-post","status-publish","format-standard","has-post-thumbnail","hentry","category-efemerides-dia-por-dia","category-mayo"],"_links":{"self":[{"href":"https:\/\/www.sportchaco.com.ar\/index.php?rest_route=\/wp\/v2\/posts\/18892","targetHints":{"allow":["GET"]}}],"collection":[{"href":"https:\/\/www.sportchaco.com.ar\/index.php?rest_route=\/wp\/v2\/posts"}],"about":[{"href":"https:\/\/www.sportchaco.com.ar\/index.php?rest_route=\/wp\/v2\/types\/post"}],"author":[{"embeddable":true,"href":"https:\/\/www.sportchaco.com.ar\/index.php?rest_route=\/wp\/v2\/users\/2"}],"replies":[{"embeddable":true,"href":"https:\/\/www.sportchaco.com.ar\/index.php?rest_route=%2Fwp%2Fv2%2Fcomments&post=18892"}],"version-history":[{"count":4,"href":"https:\/\/www.sportchaco.com.ar\/index.php?rest_route=\/wp\/v2\/posts\/18892\/revisions"}],"predecessor-version":[{"id":18910,"href":"https:\/\/www.sportchaco.com.ar\/index.php?rest_route=\/wp\/v2\/posts\/18892\/revisions\/18910"}],"wp:featuredmedia":[{"embeddable":true,"href":"https:\/\/www.sportchaco.com.ar\/index.php?rest_route=\/wp\/v2\/media\/18895"}],"wp:attachment":[{"href":"https:\/\/www.sportchaco.com.ar\/index.php?rest_route=%2Fwp%2Fv2%2Fmedia&parent=18892"}],"wp:term":[{"taxonomy":"category","embeddable":true,"href":"https:\/\/www.sportchaco.com.ar\/index.php?rest_route=%2Fwp%2Fv2%2Fcategories&post=18892"},{"taxonomy":"post_tag","embeddable":true,"href":"https:\/\/www.sportchaco.com.ar\/index.php?rest_route=%2Fwp%2Fv2%2Ftags&post=18892"}],"curies":[{"name":"wp","href":"https:\/\/api.w.org\/{rel}","templated":true}]}}