{"id":18951,"date":"2025-05-06T10:46:11","date_gmt":"2025-05-06T13:46:11","guid":{"rendered":"https:\/\/www.sportchaco.com.ar\/?p=18951"},"modified":"2025-05-06T10:46:11","modified_gmt":"2025-05-06T13:46:11","slug":"murio-luis-galvan-campeon-del-mundo-en-1978","status":"publish","type":"post","link":"https:\/\/www.sportchaco.com.ar\/?p=18951","title":{"rendered":"Muri\u00f3 Luis Galv\u00e1n, campe\u00f3n del mundo en 1978"},"content":{"rendered":"<div class=\"section-2-col article-header\">\n<div class=\"col 2-col\">\n<h4 class=\"h4 ff-16px-w700\"><\/h4>\n<h4>Muri\u00f3 Luis Galv\u00e1n, un catedr\u00e1tico de la defensa. El santiague\u00f1o tuvo una final de ensue\u00f1o ante Holanda y qued\u00f3 en la historia grande de la Selecci\u00f3n. Un repaso por su carrera, ligad\u00edsima a Talleres de C\u00f3rdoba, y su estilo excepcional de juego.<\/h4>\n<div class=\"author\">\n<div class=\"author-inner\">\n<div class=\"author-thumbnail\"><\/div>\n<div class=\"author-name ff-14px-w800\"><span class=\"ff-w400\">Por<\/span> Daniel Gui\u00f1az\u00fa &#8211; P\u00e1gina 12<\/div>\n<\/div>\n<\/div>\n<\/div>\n<\/div>\n<div class=\"section-2-col article-main-image\">\n<div class=\"col 1-col hide-on-mobile\">\n<div class=\"article-info \">\n<div class=\"sidebar-separator\">\n<div class=\"date modification-date ff-14px\"><\/div>\n<\/div>\n<\/div>\n<\/div>\n<div class=\"col 2-col\">\n<div class=\"article-main-media-image__container\">\n<div class=\"image-wrapper\">\n<figure><picture><source style=\"box-sizing: inherit;\" srcset=\"https:\/\/images.pagina12.com.ar\/styles\/focal_3_2_700x467\/public\/2025-05\/934482-29b-redes-20sociales.jpg?h=bae7209c&amp;itok=lMMF9jk-\" media=\"(width &gt; 768px)\" \/><source srcset=\"https:\/\/images.pagina12.com.ar\/styles\/focal_3_2_470x313\/public\/2025-05\/934482-29b-redes-20sociales.jpg?h=bae7209c&amp;itok=gDniPHgt\" media=\"(width &lt;= 768px)\" \/><img decoding=\"async\" class=\" image\" src=\"https:\/\/images.pagina12.com.ar\/styles\/focal_3_2_470x313\/public\/2025-05\/934482-29b-redes-20sociales.jpg?h=bae7209c&amp;itok=gDniPHgt\" alt=\"Luis Galv\u00e1n arranc\u00f3 de suplente para Menotti y termin\u00f3 siendo el dos titular del equipo campe\u00f3n.\" \/><\/picture><figcaption>Luis Galv\u00e1n arranc\u00f3 de suplente para Menotti y termin\u00f3 siendo el dos titular del equipo campe\u00f3n.. Imagen: Redes sociales<\/figcaption><\/figure>\n<\/div>\n<\/div>\n<\/div>\n<\/div>\n<div class=\"section-2-col article-main-content\">\n<div class=\"col 1-col cxense-articles\"><\/div>\n<div class=\"col 2-col\">\n<div class=\"article-main-content article-text  \">\n<p>Sin ser especialmente alto (med\u00eda un metro sesenta y ocho) ni especialmente fuerte y veloz,\u00a0Luis Adolfo Galv\u00e1n dio c\u00e1tedra en la final Argentina-Holanda del Mundial &#8217;78 de c\u00f3mo deb\u00eda jugar un primer marcador central. A partir de sus notables recursos t\u00e9cnicos y de su sentido exacto del tiempo y la distancia, gan\u00f3 los mano a mano y los anticipos. Gan\u00f3 tambi\u00e9n cuando fue a los costados y, complementando la potencia f\u00edsica desbordante de\u00a0Daniel Passarella, erigi\u00f3 una actuaci\u00f3n memorable.\u00a0Una clase magistral de c\u00f3mo estar en una final del mundo.\u00a0La revista\u00a0<i>El Gr\u00e1fico<\/i>\u00a0lo calific\u00f3 con diez puntos. En el mismo nivel que\u00a0Mario Kempes\u00a0y sus dos goles y\u00a0Ubaldo Matildo Fillol\u00a0y sus atajadas.\u00a0La FIFA le concedi\u00f3 esa misma noche el Premio Fair Play como el jugador mas limpio y caballeresco de esa Copa del Mundo.<\/p>\n<p>Aquejado por una infecci\u00f3n renal, el notable zaguero santiague\u00f1o, nacid<b>o en la localidad de Fern\u00e1ndez el 24 <\/b>de febrero de 1948, falleci\u00f3 este lunes en C\u00f3rdoba a los 77 a\u00f1os. Y es el cuarto jugador del plantel campe\u00f3n del mundo en 1978 que ha partido luego de Rub\u00e9n Galv\u00e1n,\u00a0Leopoldo Luque y Ren\u00e9 Houseman, y de su t\u00e9cnico C\u00e9sar Luis Menotti. Tiempista\u00a0excepcional,\u00a0desde\u00a0Talleres de C\u00f3rdoba, donde compuso una defensa notable junto con Pablo Comelles, H\u00e9ctor Artico y Victorio Oca\u00f1o, Luis Galv\u00e1n extendi\u00f3 su jerarqu\u00eda a todo el f\u00fatbol argentino. Hasta que\u00a0en 1978, Menotti repar\u00f3 en \u00e9l y lo convoc\u00f3 a jugar el Mundial para la Selecci\u00f3n.<\/p>\n<div id=\"talkFireEvent\"><\/div>\n<div class=\"slot-available\"><\/div>\n<p>Galv\u00e1n no estuvo en los primeros tramos de ese ciclo hist\u00f3rico.\u00a0El n\u00famero dos inicial entre 1975 y 1977 fue Jorge Olgu\u00edn.\u00a0Pero cuando el t\u00e9cnico decidi\u00f3 convertirlo en lateral derecho y la posici\u00f3n de primer marcador central qued\u00f3 vacante,\u00a0el santiague\u00f1o se impuso por su propio peso.\u00a0Era titular indiscutido en aquel fabuloso Talleres de mediados de la d\u00e9cada del &#8217;70.\u00a0Y estaba acostumbrado a defender grandes espacios lejos de las \u00e1reas. Despu\u00e9s de la final del Nacional de 1977 perdida ante Independiente, Menotti lo cit\u00f3 a la concentraci\u00f3n en la Villa Marista de Mar del Plata.\u00a0Y a la hora de armar el equipo, le otorg\u00f3 la titularidad. Junto con\u00a0Jos\u00e9 Daniel Valencia\u00a0y\u00a0Miguel Angel Oviedo\u00a0fue uno de los tres jugadores de Talleres que integr\u00f3 el primer plantel campe\u00f3n del mundo del f\u00fatbol argentino.<\/p>\n<p>Tan ligada estuvo la vida de Luis Galv\u00e1n al club cordob\u00e9s que,\u00a0<b>con 502 partidos en dos ciclos (1970\/82 y 1988), es el\u00a0futbolista\u00a0que m\u00e1s veces ha jugado all\u00ed.<\/b>\u00a0Tambi\u00e9n milit\u00f3 en\u00a0<b>Loma Negra\u00a0<\/b>(14 partidos en 1983),<b>\u00a0Belgrano\u00a0<\/b>(10 presencias en 1984) y\u00a0<b>Central Norte de Salta<\/b>\u00a0(10 encuentros en 1985).\u00a0<b>Su campa\u00f1a en la Selecci\u00f3n abarc\u00f3 tambi\u00e9n el Mundial de 1982 en Espa\u00f1a y totaliz\u00f3 34 encuentros.<\/b><\/p>\n<div class=\"slot-available\"><\/div>\n<p>Tras su retiro en 1988 fue convocado por los diarios y la televisi\u00f3n cordobesa para comentar las Copas del Mundo desde su mirada prestigiosa pero a la vez, simple y serena. Nunca presumi\u00f3 de su gloria, jam\u00e1s se la crey\u00f3. Cada tanto se daba una vuelta por el predio Amadeo Nuccetelli de Talleres para transmitirle su experiencia a los m\u00e1s chicos.\u00a0<b>Les contaba c\u00f3mo era sacarse un diez en una final del mundo sin hacer abuso de su f\u00edsico ni poner cara de malo,<\/b>\u00a0tan solo cortando, quitando, intuyendo, jugando. Con el manual completo de los n\u00fameros dos en la cabeza y en las piernas.<\/p>\n<\/div>\n<p><img loading=\"lazy\" decoding=\"async\" class=\"alignnone size-medium wp-image-18953 aligncenter\" src=\"https:\/\/www.sportchaco.com.ar\/wp-content\/uploads\/2025\/05\/Banners-creditos-otorgados-al-campo_1080x1350-240x300.gif\" alt=\"\" width=\"240\" height=\"300\" srcset=\"https:\/\/www.sportchaco.com.ar\/wp-content\/uploads\/2025\/05\/Banners-creditos-otorgados-al-campo_1080x1350-240x300.gif 240w, https:\/\/www.sportchaco.com.ar\/wp-content\/uploads\/2025\/05\/Banners-creditos-otorgados-al-campo_1080x1350-819x1024.gif 819w, https:\/\/www.sportchaco.com.ar\/wp-content\/uploads\/2025\/05\/Banners-creditos-otorgados-al-campo_1080x1350-768x960.gif 768w, https:\/\/www.sportchaco.com.ar\/wp-content\/uploads\/2025\/05\/Banners-creditos-otorgados-al-campo_1080x1350-1229x1536.gif 1229w, https:\/\/www.sportchaco.com.ar\/wp-content\/uploads\/2025\/05\/Banners-creditos-otorgados-al-campo_1080x1350-1639x2048.gif 1639w\" sizes=\"auto, (max-width: 240px) 100vw, 240px\" \/><\/p>\n<\/div>\n<\/div>\n","protected":false},"excerpt":{"rendered":"<p>Muri\u00f3 Luis Galv\u00e1n, un catedr\u00e1tico de la defensa. El santiague\u00f1o tuvo una final de ensue\u00f1o ante Holanda y qued\u00f3 en la historia grande de la Selecci\u00f3n. Un repaso por su carrera, ligad\u00edsima a Talleres de C\u00f3rdoba, y su estilo excepcional de juego. Por Daniel Gui\u00f1az\u00fa &#8211; P\u00e1gina 12 Luis Galv\u00e1n arranc\u00f3 de suplente para Menotti &hellip;<\/p>\n","protected":false},"author":2,"featured_media":18952,"comment_status":"open","ping_status":"open","sticky":false,"template":"","format":"standard","meta":{"footnotes":""},"categories":[5],"tags":[],"class_list":["post-18951","post","type-post","status-publish","format-standard","has-post-thumbnail","hentry","category-futbol"],"_links":{"self":[{"href":"https:\/\/www.sportchaco.com.ar\/index.php?rest_route=\/wp\/v2\/posts\/18951","targetHints":{"allow":["GET"]}}],"collection":[{"href":"https:\/\/www.sportchaco.com.ar\/index.php?rest_route=\/wp\/v2\/posts"}],"about":[{"href":"https:\/\/www.sportchaco.com.ar\/index.php?rest_route=\/wp\/v2\/types\/post"}],"author":[{"embeddable":true,"href":"https:\/\/www.sportchaco.com.ar\/index.php?rest_route=\/wp\/v2\/users\/2"}],"replies":[{"embeddable":true,"href":"https:\/\/www.sportchaco.com.ar\/index.php?rest_route=%2Fwp%2Fv2%2Fcomments&post=18951"}],"version-history":[{"count":1,"href":"https:\/\/www.sportchaco.com.ar\/index.php?rest_route=\/wp\/v2\/posts\/18951\/revisions"}],"predecessor-version":[{"id":18954,"href":"https:\/\/www.sportchaco.com.ar\/index.php?rest_route=\/wp\/v2\/posts\/18951\/revisions\/18954"}],"wp:featuredmedia":[{"embeddable":true,"href":"https:\/\/www.sportchaco.com.ar\/index.php?rest_route=\/wp\/v2\/media\/18952"}],"wp:attachment":[{"href":"https:\/\/www.sportchaco.com.ar\/index.php?rest_route=%2Fwp%2Fv2%2Fmedia&parent=18951"}],"wp:term":[{"taxonomy":"category","embeddable":true,"href":"https:\/\/www.sportchaco.com.ar\/index.php?rest_route=%2Fwp%2Fv2%2Fcategories&post=18951"},{"taxonomy":"post_tag","embeddable":true,"href":"https:\/\/www.sportchaco.com.ar\/index.php?rest_route=%2Fwp%2Fv2%2Ftags&post=18951"}],"curies":[{"name":"wp","href":"https:\/\/api.w.org\/{rel}","templated":true}]}}