{"id":18955,"date":"2025-05-06T10:58:38","date_gmt":"2025-05-06T13:58:38","guid":{"rendered":"https:\/\/www.sportchaco.com.ar\/?p=18955"},"modified":"2025-05-06T10:58:38","modified_gmt":"2025-05-06T13:58:38","slug":"greg-popovich-el-hombre-que-dio-todo-por-el-basquetbol","status":"publish","type":"post","link":"https:\/\/www.sportchaco.com.ar\/?p=18955","title":{"rendered":"Greg Popovich, el hombre que dio todo por el b\u00e1squetbol"},"content":{"rendered":"<p>&nbsp;<\/p>\n<p>&nbsp;<\/p>\n<p><strong>06-05-2025<\/strong><\/p>\n<p>&nbsp;<\/p>\n<p>FOTO PORTADA:Con Manu Gin\u00f3bili y Tim Duncan como guardaespaldas, la leyenda de los Spurs dio su primera conferencia de prensa desde sus problemas de salud y se mostr\u00f3 tal cual es. Gregg Popovich, aut\u00e9ntico: \u201cAhora soy el jefe\u201d<\/p>\n<p>&nbsp;<\/p>\n<div class=\"item is-12 lbp_item\">\n<h4 class=\"titulo\">06-05-2025<\/h4>\n<h4 class=\"titulo\">El divertido anuncio que protagoniz\u00f3 Gregg Popovich junto a Manu Gin\u00f3bili: \u00abJefe\u00bb. La\u00a0leyenda\u00a0de los Spurs, quien renunci\u00f3 oficialmente a su cargo el pasado viernes, fue part\u00edcipe de un momento junto al argentino que despert\u00f3 risas y aplausos durante la presentaci\u00f3n de Mitch Johnson.<\/h4>\n<\/div>\n<div class=\"item\">\n<div class=\"cont_autor \">\n<div class=\"fecha\"><\/div>\n<div class=\"grid\"><\/div>\n<\/div>\n<div class=\"nota_contenido \">\n<div class=\"media nota-media \"><img decoding=\"async\" class=\"i-amphtml-fill-content i-amphtml-replaced-content\" title=\"Gregg Popovich\" src=\"https:\/\/cdn.eldestapeweb.com\/eldestape\/052025\/1746481488937\/gregg-popovich-jpg..webp?cw=800&amp;ch=450&amp;extw=jpg\" alt=\"Gregg Popovich\" data-amp-auto-lightbox-disable=\"\" \/><span class=\"epigrafe_mustang\"><label class=\"descripcion\">El divertido anuncio que protagoniz\u00f3 Gregg Popovich junto a Manu Gin\u00f3bili: \u00abJefe\u00bb.<\/label><\/span><\/div>\n<div class=\"cuerpo lbp-cuerpo\" data-mrf-recirculation=\"Nota: contenido\">\n<div class=\"banner container_publi AMP_P3 \" data-tipo=\"tipo_desktop\" data-no-desktop=\"false\" data-no-mobile=\"false\" data-tipo-spot=\"multi\"><\/div>\n<p>El pasado viernes 2 de mayo, la\u00a0<strong><a class=\"link\" href=\"https:\/\/www.eldestapeweb.com\/deportes\/nba\/revolucion-en-el-basquet-el-acuerdo-entre-nba-y-fiba-que-cambiaria-el-deporte-202532722263\" target=\"_blank\" rel=\"noopener\">NBA<\/a>\u00a0<\/strong>fue testigo del fin de una de las eras m\u00e1s exitosas de su historia:\u00a0<a class=\"link\" href=\"https:\/\/www.eldestapeweb.com\/deportes\/baloncesto\/popovich-deja-de-ser-entrenador-de-los-spurs-sera-presidente-de-operaciones-baloncesto-del-equipo-202552141620\" target=\"_blank\" rel=\"noopener\"><strong>Gregg Popovich<\/strong><\/a>\u00a0anunci\u00f3 que\u00a0<strong>no continuar\u00eda siendo el entrenador de\u00a0<\/strong><a class=\"link\" href=\"https:\/\/www.eldestapeweb.com\/deportes\/nba\/la-estatura-de-victor-wembanyama-cuanto-mide-el-jugador-de-la-nba-2025429165949\" target=\"_blank\" rel=\"noopener\"><strong>San Antonio Spurs<\/strong><\/a>\u00a0despu\u00e9s de estar 29 temporadas al frente del equipo. Este lunes, la franquicia texana anunci\u00f3 que\u00a0<strong>Mitch Johnson<\/strong>, el t\u00e9cnico asistente que ocupaba\u00a0el lugar de &#8216;Pop&#8217; desde noviembre de 2024 (luego del derrame cerebral que sufri\u00f3), ser\u00eda su sucesor en el cargo. Adem\u00e1s, el veterano\u00a0<em>coach<\/em>\u00a0protagoniz\u00f3 un divertido momento en la conferencia de prensa junto al argentino<strong>\u00a0Manu Gin\u00f3bili<\/strong>\u00a0y\u00a0<strong>Tim Duncan<\/strong>, dos jugadores que lo acompa\u00f1aron en su exitosa trayectoria y que fueron part\u00edcipes en los t\u00edtulos que obtuvo.<\/p>\n<p><strong>\u00abNo soy m\u00e1s entrenador. Soy &#8216;El Jefe'\u00bb, declar\u00f3 Popovich en la conferencia de prensa<\/strong>, una frase que caus\u00f3 la risa y los aplausos de los periodistas presentes. A\u00fan recuper\u00e1ndose del ACV que tuvo a finales del a\u00f1o pasado, el exentrenador, ganador de cinco t\u00edtulos de la liga de b\u00e1squet m\u00e1s competitiva del mundo y medalla de oro con la Selecci\u00f3n de Estados Unidos en los\u00a0<strong>Juegos Ol\u00edmpicos de Tokio 2020<\/strong>, fue fiel a su habitual estilo c\u00f3mico y descontracturado al mostrar la frase grabada en su remera junto con la inscripci\u00f3n \u00abSe\u00f1or Popovich\u00bb en la espalda y su nuevo rol: presidente de operaciones de b\u00e1squetbol.<\/p>\n<div class=\"banner container_publi \" data-tipo=\"tipo_desktop\" data-pos=\"AMP_P1_cuerpo\" data-no-desktop=\"false\" data-no-mobile=\"false\" data-tipo-spot=\"multi\"><\/div>\n<p><iframe class=\"i-amphtml-fill-content\" title=\"YouTube video\" src=\"https:\/\/www.youtube.com\/embed\/_0ycUjD7V4Y?enablejsapi=1&amp;amp=1&amp;playsinline=1\" frameborder=\"0\" allowfullscreen=\"allowfullscreen\" data-mce-fragment=\"1\"><\/iframe><\/p>\n<h2 class=\"h2\">La decisi\u00f3n de Popovich que sacudi\u00f3 a la NBA: el retiro del entrenador m\u00e1s exitoso en la historia de la liga<\/h2>\n<p><em>Popovich, de 76 a\u00f1os, es el entrenador con m\u00e1s victorias en la historia de la NBA<\/em>. Sufri\u00f3 un derrame cerebral leve en noviembre y no regres\u00f3 a su puesto durante el resto de la temporada. \u00abAunque mi amor y mi pasi\u00f3n por el baloncesto permanecen, he decidido que es hora de retirarme como entrenador principal\u00bb, expres\u00f3 en un comunicado difundido por las cuentas oficiales del equipo en redes sociales.<\/p>\n<p>&nbsp;<\/p>\n<div class=\"fixed-container\"><img decoding=\"async\" class=\"i-amphtml-fill-content i-amphtml-replaced-content\" src=\"https:\/\/cdn.eldestapeweb.com\/eldestape\/052025\/1746481487662\/popovich-campeon-jpg..webp?cw=980&amp;ch=551&amp;extw=jpg\" alt=\"Tim Duncan, Tony Parker, Gregg Popovich, y Manu Gin\u00f3bili\" data-amp-auto-lightbox-disable=\"\" \/><\/p>\n<div class=\"img-epigrafe\">Junto a Tim Duncan, Tony Parker y el argentino Manu Gin\u00f3bili: el tr\u00edo de los Spurs marc\u00f3, junto con el entrenador, la etapa m\u00e1s exitosa de la franquicia.<\/div>\n<\/div>\n<p>&nbsp;<\/p>\n<p>\u00ab<strong>Estoy eternamente agradecido a los maravillosos jugadores, entrenadores, personal y aficionados que me permitieron servirles como entrenador jefe de los Spurs<\/strong>\u00a0y estoy emocionado por la oportunidad de seguir apoyando a la organizaci\u00f3n, la comunidad y la ciudad que son tan significativas para m\u00ed\u00bb, agreg\u00f3.<\/p>\n<p>Antes de la presentaci\u00f3n de Johnson como nuevo entrenador principal del cuadro texano,\u00a0<strong>Popovich expres\u00f3 su absoluta confianza en su sucesor,<\/strong>\u00a0a la vez que revel\u00f3 que el plan desde hace tiempo era que lo reemplace. \u00abMe has ense\u00f1ado tantas cosas, has predicado con el ejemplo de tantas maneras: los jugadores siempre son lo primero, atenci\u00f3n al detalle, competitividad fren\u00e9tica, juega con m\u00e1s intensidad e inteligencia durante m\u00e1s de los 48 minutos que tu oponente&#8230;\u00a0Lo mejor que me has ense\u00f1ado, y me has demostrado m\u00e1s de lo que has hablado, es que entiendes el momento y lo importante que es cada instante. Y ning\u00fan momento es igual a otro. Y la disciplina que necesitas para estar centrado, presente y entregarte a cada instante es algo que nunca olvidar\u00e9. En este momento, solo quiero darte las gracias\u00bb, expres\u00f3 el nuevo\u00a0<em>coach<\/em>.<\/p>\n<p class=\"subtitulo\"><img loading=\"lazy\" decoding=\"async\" class=\"alignnone size-medium wp-image-18953\" src=\"https:\/\/www.sportchaco.com.ar\/wp-content\/uploads\/2025\/05\/Banners-creditos-otorgados-al-campo_1080x1350-240x300.gif\" alt=\"\" width=\"240\" height=\"300\" srcset=\"https:\/\/www.sportchaco.com.ar\/wp-content\/uploads\/2025\/05\/Banners-creditos-otorgados-al-campo_1080x1350-240x300.gif 240w, https:\/\/www.sportchaco.com.ar\/wp-content\/uploads\/2025\/05\/Banners-creditos-otorgados-al-campo_1080x1350-819x1024.gif 819w, https:\/\/www.sportchaco.com.ar\/wp-content\/uploads\/2025\/05\/Banners-creditos-otorgados-al-campo_1080x1350-768x960.gif 768w, https:\/\/www.sportchaco.com.ar\/wp-content\/uploads\/2025\/05\/Banners-creditos-otorgados-al-campo_1080x1350-1229x1536.gif 1229w, https:\/\/www.sportchaco.com.ar\/wp-content\/uploads\/2025\/05\/Banners-creditos-otorgados-al-campo_1080x1350-1639x2048.gif 1639w\" sizes=\"auto, (max-width: 240px) 100vw, 240px\" \/><img loading=\"lazy\" decoding=\"async\" class=\"alignnone size-medium wp-image-18957\" src=\"https:\/\/www.sportchaco.com.ar\/wp-content\/uploads\/2025\/05\/1080x1350-3-240x300.gif\" alt=\"\" width=\"240\" height=\"300\" srcset=\"https:\/\/www.sportchaco.com.ar\/wp-content\/uploads\/2025\/05\/1080x1350-3-240x300.gif 240w, https:\/\/www.sportchaco.com.ar\/wp-content\/uploads\/2025\/05\/1080x1350-3-819x1024.gif 819w, https:\/\/www.sportchaco.com.ar\/wp-content\/uploads\/2025\/05\/1080x1350-3-768x960.gif 768w, https:\/\/www.sportchaco.com.ar\/wp-content\/uploads\/2025\/05\/1080x1350-3-1229x1536.gif 1229w, https:\/\/www.sportchaco.com.ar\/wp-content\/uploads\/2025\/05\/1080x1350-3-1638x2048.gif 1638w\" sizes=\"auto, (max-width: 240px) 100vw, 240px\" \/><\/p>\n<\/div>\n<\/div>\n<\/div>\n","protected":false},"excerpt":{"rendered":"<p>&nbsp; &nbsp; 06-05-2025 &nbsp; FOTO PORTADA:Con Manu Gin\u00f3bili y Tim Duncan como guardaespaldas, la leyenda de los Spurs dio su primera conferencia de prensa desde sus problemas de salud y se mostr\u00f3 tal cual es. Gregg Popovich, aut\u00e9ntico: \u201cAhora soy el jefe\u201d &nbsp; 06-05-2025 El divertido anuncio que protagoniz\u00f3 Gregg Popovich junto a Manu Gin\u00f3bili: &hellip;<\/p>\n","protected":false},"author":2,"featured_media":18956,"comment_status":"open","ping_status":"open","sticky":false,"template":"","format":"standard","meta":{"footnotes":""},"categories":[3],"tags":[],"class_list":["post-18955","post","type-post","status-publish","format-standard","has-post-thumbnail","hentry","category-basquetbol"],"_links":{"self":[{"href":"https:\/\/www.sportchaco.com.ar\/index.php?rest_route=\/wp\/v2\/posts\/18955","targetHints":{"allow":["GET"]}}],"collection":[{"href":"https:\/\/www.sportchaco.com.ar\/index.php?rest_route=\/wp\/v2\/posts"}],"about":[{"href":"https:\/\/www.sportchaco.com.ar\/index.php?rest_route=\/wp\/v2\/types\/post"}],"author":[{"embeddable":true,"href":"https:\/\/www.sportchaco.com.ar\/index.php?rest_route=\/wp\/v2\/users\/2"}],"replies":[{"embeddable":true,"href":"https:\/\/www.sportchaco.com.ar\/index.php?rest_route=%2Fwp%2Fv2%2Fcomments&post=18955"}],"version-history":[{"count":1,"href":"https:\/\/www.sportchaco.com.ar\/index.php?rest_route=\/wp\/v2\/posts\/18955\/revisions"}],"predecessor-version":[{"id":18958,"href":"https:\/\/www.sportchaco.com.ar\/index.php?rest_route=\/wp\/v2\/posts\/18955\/revisions\/18958"}],"wp:featuredmedia":[{"embeddable":true,"href":"https:\/\/www.sportchaco.com.ar\/index.php?rest_route=\/wp\/v2\/media\/18956"}],"wp:attachment":[{"href":"https:\/\/www.sportchaco.com.ar\/index.php?rest_route=%2Fwp%2Fv2%2Fmedia&parent=18955"}],"wp:term":[{"taxonomy":"category","embeddable":true,"href":"https:\/\/www.sportchaco.com.ar\/index.php?rest_route=%2Fwp%2Fv2%2Fcategories&post=18955"},{"taxonomy":"post_tag","embeddable":true,"href":"https:\/\/www.sportchaco.com.ar\/index.php?rest_route=%2Fwp%2Fv2%2Ftags&post=18955"}],"curies":[{"name":"wp","href":"https:\/\/api.w.org\/{rel}","templated":true}]}}