{"id":18977,"date":"2025-05-07T08:50:04","date_gmt":"2025-05-07T11:50:04","guid":{"rendered":"https:\/\/www.sportchaco.com.ar\/?p=18977"},"modified":"2025-05-07T08:50:04","modified_gmt":"2025-05-07T11:50:04","slug":"la-lluvia-obligo-a-la-reprogramacion-de-la-fecha","status":"publish","type":"post","link":"https:\/\/www.sportchaco.com.ar\/?p=18977","title":{"rendered":"La lluvia oblig\u00f3 a la reprogramaci\u00f3n de la fecha"},"content":{"rendered":"<p><strong>07-05-2025<\/strong><\/p>\n<p><img loading=\"lazy\" decoding=\"async\" class=\"alignnone wp-image-17704 size-full\" src=\"https:\/\/www.sportchaco.com.ar\/wp-content\/uploads\/2025\/04\/Banners-creditos-otorgados-al-campo_940x90.gif\" alt=\"\" width=\"1958\" height=\"187\" \/><\/p>\n<p>La 8\u00aa fecha del torneo Apertura de Primera Divisi\u00f3n de la Liga Chaque\u00f1a de F\u00fatbol sufri\u00f3 modificaciones de cara al inicio de la misma que estaba pactado para este mi\u00e9rcoles.<\/p>\n<p>Las lluvias de los \u00faltimos d\u00edas obligaron a reprogramar los partidos para el d\u00eda viernes y martes de la semana que viene. Cabe recordar que el s\u00e1bado y domingo no iba a haber encuentros por las elecciones.<\/p>\n<p><strong>TORNEO APERTURA \u00abAM\u00c9RICO MAZZAFERRO\u00bb<\/strong><br \/>\n<b>TODA LA 8\u00aa FECHA<\/b><br \/>\n<b>Viernes 09-05<\/b><br \/>\nA las 16, El Nacional &#8211; Rcia. Central, en Bancarios<br \/>\nA las 16, Dep. Luj\u00e1n &#8211; Defensores<br \/>\nA las 16, Regional &#8211; For Ever<br \/>\nA las 16, Central Norte &#8211; Villa Alvear<br \/>\nA las 16:30, Fontana &#8211; Policiales<br \/>\nA las 16:30, Don Orione &#8211; CUNE<br \/>\nA las 17, Estudiantes &#8211; Municipal (MB)<br \/>\nA las 17, Juventud &#8211; Central Ben\u00edtez<br \/>\nA las 17, Sarmiento &#8211; Indep. Tirol<\/p>\n<p><b>Martes 13-05<\/b><br \/>\nA las 16, Tiro FC &#8211; Bancarios, en Rcia. Central<br \/>\nA las 17, Dep. Itat\u00ed &#8211; San Mart\u00edn, en San Fernando<\/p>\n<p><b>POSICIONES<\/b><br \/>\nDep. Luj\u00e1n 16<br \/>\nCentral Norte 16<br \/>\nRcia. Central 15<br \/>\nEstudiantes 14<br \/>\nSarmiento 14<br \/>\nRegional 13<br \/>\nFontana 12<br \/>\nDefensores 11<br \/>\nPoliciales 11<br \/>\nDon Orione 11<br \/>\nDep. Itat\u00ed 10<br \/>\nFor Ever 10<br \/>\nJuventud 8<br \/>\nEl Nacional 8<br \/>\nSan Mart\u00edn (MB) 8<br \/>\nBancarios 6<br \/>\nCUNE 5<br \/>\nIndep. Tirol 5<br \/>\nMunicipal (MB) 4<br \/>\nTiro FC 4<br \/>\nCentral Ben\u00edtez 3<br \/>\nVilla Alvear 1<\/p>\n<p><img loading=\"lazy\" decoding=\"async\" class=\"alignnone wp-image-18953 size-full\" src=\"https:\/\/www.sportchaco.com.ar\/wp-content\/uploads\/2025\/05\/Banners-creditos-otorgados-al-campo_1080x1350-scaled.gif\" alt=\"\" width=\"2048\" height=\"2560\" \/><\/p>\n","protected":false},"excerpt":{"rendered":"<p>07-05-2025 La 8\u00aa fecha del torneo Apertura de Primera Divisi\u00f3n de la Liga Chaque\u00f1a de F\u00fatbol sufri\u00f3 modificaciones de cara al inicio de la misma que estaba pactado para este mi\u00e9rcoles. Las lluvias de los \u00faltimos d\u00edas obligaron a reprogramar los partidos para el d\u00eda viernes y martes de la semana que viene. Cabe recordar &hellip;<\/p>\n","protected":false},"author":3,"featured_media":2321,"comment_status":"open","ping_status":"open","sticky":false,"template":"","format":"standard","meta":{"footnotes":""},"categories":[5],"tags":[],"class_list":["post-18977","post","type-post","status-publish","format-standard","has-post-thumbnail","hentry","category-futbol"],"_links":{"self":[{"href":"https:\/\/www.sportchaco.com.ar\/index.php?rest_route=\/wp\/v2\/posts\/18977","targetHints":{"allow":["GET"]}}],"collection":[{"href":"https:\/\/www.sportchaco.com.ar\/index.php?rest_route=\/wp\/v2\/posts"}],"about":[{"href":"https:\/\/www.sportchaco.com.ar\/index.php?rest_route=\/wp\/v2\/types\/post"}],"author":[{"embeddable":true,"href":"https:\/\/www.sportchaco.com.ar\/index.php?rest_route=\/wp\/v2\/users\/3"}],"replies":[{"embeddable":true,"href":"https:\/\/www.sportchaco.com.ar\/index.php?rest_route=%2Fwp%2Fv2%2Fcomments&post=18977"}],"version-history":[{"count":1,"href":"https:\/\/www.sportchaco.com.ar\/index.php?rest_route=\/wp\/v2\/posts\/18977\/revisions"}],"predecessor-version":[{"id":18978,"href":"https:\/\/www.sportchaco.com.ar\/index.php?rest_route=\/wp\/v2\/posts\/18977\/revisions\/18978"}],"wp:featuredmedia":[{"embeddable":true,"href":"https:\/\/www.sportchaco.com.ar\/index.php?rest_route=\/wp\/v2\/media\/2321"}],"wp:attachment":[{"href":"https:\/\/www.sportchaco.com.ar\/index.php?rest_route=%2Fwp%2Fv2%2Fmedia&parent=18977"}],"wp:term":[{"taxonomy":"category","embeddable":true,"href":"https:\/\/www.sportchaco.com.ar\/index.php?rest_route=%2Fwp%2Fv2%2Fcategories&post=18977"},{"taxonomy":"post_tag","embeddable":true,"href":"https:\/\/www.sportchaco.com.ar\/index.php?rest_route=%2Fwp%2Fv2%2Ftags&post=18977"}],"curies":[{"name":"wp","href":"https:\/\/api.w.org\/{rel}","templated":true}]}}