{"id":18987,"date":"2025-05-07T10:46:18","date_gmt":"2025-05-07T13:46:18","guid":{"rendered":"https:\/\/www.sportchaco.com.ar\/?p=18987"},"modified":"2025-05-07T12:22:11","modified_gmt":"2025-05-07T15:22:11","slug":"gran-victoria-de-cultural-en-suplementario","status":"publish","type":"post","link":"https:\/\/www.sportchaco.com.ar\/?p=18987","title":{"rendered":"Gran victoria de Cultural en suplementario"},"content":{"rendered":"<div id=\"right-content\" class=\"relative\">\n<div id=\"content-area\" class=\"left relative\">\n<div id=\"tps_slideContainer_27216\" class=\"theiaPostSlider_slides\">\n<div>\n<p><strong>07-05-2025<\/strong><\/p>\n<p><img loading=\"lazy\" decoding=\"async\" class=\"alignnone wp-image-18962 size-full\" src=\"https:\/\/www.sportchaco.com.ar\/wp-content\/uploads\/2025\/05\/940x90-1-scaled.gif\" alt=\"\" width=\"2560\" height=\"246\" \/><\/p>\n<p>El inicio del partido tuvo a dos equipos que fueron a buscar el triunfo en el primer parcial el conjunto charatense fue m\u00e1s efectivo con un buen per\u00edmetro en las manos de Gonzalo Gerez el goleador del juego con 30 puntos. Destacar tambi\u00e9n a Cristian Aguilar y de Nicol\u00e1s Alisio. En Cultural en ese primer tramo destacar la tarea de Lautaro Moreau y de Lautaro Arold. Parcial de 19 a 27 a favor de H\u00e9rcules.<\/p>\n<p>El segundo cuarto tambi\u00e9n lo encontr\u00f3 a los charatenses arriba en el marcador, fue parejo el desarrollo del encuentro pero sigui\u00f3 prevaleciendo en el marcador m\u00e1s all\u00e1 que Cultural recort\u00f3 una diferencia de 12 puntos abajo y lleg\u00f3 a ponerse 35 a 30. El resultado final del primer tiempo fue Cultural 32 H\u00e9rcules 41.<a href=\"https:\/\/baskettotal.com.ar\/wp-content\/uploads\/2025\/05\/1000351570.jpg\"><img loading=\"lazy\" decoding=\"async\" class=\"lazy lazy-loaded aligncenter wp-image-27217\" src=\"https:\/\/baskettotal.com.ar\/wp-content\/uploads\/2025\/05\/1000351570-1024x768.jpg\" sizes=\"auto, (max-width: 1024px) 100vw, 1024px\" srcset=\"https:\/\/baskettotal.com.ar\/wp-content\/uploads\/2025\/05\/1000351570-1024x768.jpg 1024w, https:\/\/baskettotal.com.ar\/wp-content\/uploads\/2025\/05\/1000351570-300x225.jpg 300w, https:\/\/baskettotal.com.ar\/wp-content\/uploads\/2025\/05\/1000351570-768x576.jpg 768w, https:\/\/baskettotal.com.ar\/wp-content\/uploads\/2025\/05\/1000351570.jpg 1040w\" alt=\"\" width=\"1024\" height=\"768\" data-lazy-type=\"image\" data-lazy-src=\"https:\/\/baskettotal.com.ar\/wp-content\/uploads\/2025\/05\/1000351570-1024x768.jpg\" data-lazy-srcset=\"https:\/\/baskettotal.com.ar\/wp-content\/uploads\/2025\/05\/1000351570-1024x768.jpg 1024w, https:\/\/baskettotal.com.ar\/wp-content\/uploads\/2025\/05\/1000351570-300x225.jpg 300w, https:\/\/baskettotal.com.ar\/wp-content\/uploads\/2025\/05\/1000351570-768x576.jpg 768w, https:\/\/baskettotal.com.ar\/wp-content\/uploads\/2025\/05\/1000351570.jpg 1040w\" data-lazy-sizes=\"(max-width: 1024px) 100vw, 1024px\" \/><\/a><\/p>\n<p>El inicio de la etapa complementaria Cultural fue m\u00e1s efectivo la muy buena tarea de \u00c1lvaro Ghidini desde el per\u00edmetro m\u00e1s los aportes de Lautaro Moreau y de Lautaro Ayala lo pusieron a cultural arriba 44 a 43 producto de un triple de L. Ayala y de ah\u00ed en m\u00e1s el partido fue extremadamente parejo que el cuarto final los charatenses estuvieron arriba gran parte del mismo, pero no fueron eficaces desde la l\u00ednea de simple en el cierre del juego en el que terminaron Igualados en 67.<\/p>\n<p>En el tiempo suplementario Cultural mostr\u00f3 mucho car\u00e1cter, una gran entrega, un equipo con un par de bajas sustanciales que en este tipo de partidos m\u00e1s en tiempos suplementario se torna muy complicado pero el conjunto de Fabio Vi\u00f1etta logr\u00f3 un triunfo muy pero muy importante quedan dos finales todav\u00eda. Los goleadores del Rojo A. Ghidini 23 puntos y L. Moreau 22. Y el robo final de L. Ayala para consolidar el triunfo. Resultado final Cultural 77 H\u00e9rcules 74.<\/p>\n<p>El pr\u00f3ximo viernes va a estar viajando a Goya para enfrentar a AMAD y el pr\u00f3ximo 13 estar\u00e1 cerrando la fase regular aqu\u00ed en Santa Sylvina enfrentando a San Lorenzo de Monte Caseros.<\/p>\n<figure class=\"wp-block-image size-large\"><a href=\"https:\/\/baskettotal.com.ar\/wp-content\/uploads\/2025\/05\/1000351569.jpg\"><img loading=\"lazy\" decoding=\"async\" class=\"lazy lazy-loaded aligncenter wp-image-27218\" src=\"https:\/\/baskettotal.com.ar\/wp-content\/uploads\/2025\/05\/1000351569-1024x768.jpg\" sizes=\"auto, (max-width: 1024px) 100vw, 1024px\" srcset=\"https:\/\/baskettotal.com.ar\/wp-content\/uploads\/2025\/05\/1000351569-1024x768.jpg 1024w, https:\/\/baskettotal.com.ar\/wp-content\/uploads\/2025\/05\/1000351569-300x225.jpg 300w, https:\/\/baskettotal.com.ar\/wp-content\/uploads\/2025\/05\/1000351569-768x576.jpg 768w, https:\/\/baskettotal.com.ar\/wp-content\/uploads\/2025\/05\/1000351569.jpg 1040w\" alt=\"\" width=\"1024\" height=\"768\" data-lazy-type=\"image\" data-lazy-src=\"https:\/\/baskettotal.com.ar\/wp-content\/uploads\/2025\/05\/1000351569-1024x768.jpg\" data-lazy-srcset=\"https:\/\/baskettotal.com.ar\/wp-content\/uploads\/2025\/05\/1000351569-1024x768.jpg 1024w, https:\/\/baskettotal.com.ar\/wp-content\/uploads\/2025\/05\/1000351569-300x225.jpg 300w, https:\/\/baskettotal.com.ar\/wp-content\/uploads\/2025\/05\/1000351569-768x576.jpg 768w, https:\/\/baskettotal.com.ar\/wp-content\/uploads\/2025\/05\/1000351569.jpg 1040w\" data-lazy-sizes=\"(max-width: 1024px) 100vw, 1024px\" \/><\/a><\/figure>\n<p><strong>AGRADECIMIENTO<\/strong><br \/>\nPara esta temporada, Cultural de Santa Sylvina logr\u00f3 conformar un equipo que sin dudas queda a la vista de todos el potencial con el que cuenta y es uno de los principales animadores de la temporada 2025 de la Liga Federal, fruto del gran esfuerzo y compromiso de la comisi\u00f3n directiva, empresas colaboradoras, el Gobierno provincial a trav\u00e9s de sus distintos entes y la Municipalidad de Santa Sylvina conducida por su intendente Susana Maggio; entre todos aportaron un granito de arena para que la instituci\u00f3n sylvinense est\u00e9 presente en el certamen m\u00e1s Federal de todos.<\/p>\n<\/div>\n<p style=\"text-align: center;\">\u00a0<img loading=\"lazy\" decoding=\"async\" class=\"aligncenter wp-image-18776 size-full\" src=\"https:\/\/www.sportchaco.com.ar\/wp-content\/uploads\/2025\/05\/BANNER-WEB-IMPULSAR_1080x1350.gif\" alt=\"\" width=\"1080\" height=\"1350\" \/><\/p>\n<\/div>\n<\/div>\n<\/div>\n","protected":false},"excerpt":{"rendered":"<p>07-05-2025 El inicio del partido tuvo a dos equipos que fueron a buscar el triunfo en el primer parcial el conjunto charatense fue m\u00e1s efectivo con un buen per\u00edmetro en las manos de Gonzalo Gerez el goleador del juego con 30 puntos. Destacar tambi\u00e9n a Cristian Aguilar y de Nicol\u00e1s Alisio. En Cultural en ese &hellip;<\/p>\n","protected":false},"author":2,"featured_media":18988,"comment_status":"open","ping_status":"open","sticky":false,"template":"","format":"standard","meta":{"footnotes":""},"categories":[3],"tags":[],"class_list":["post-18987","post","type-post","status-publish","format-standard","has-post-thumbnail","hentry","category-basquetbol"],"_links":{"self":[{"href":"https:\/\/www.sportchaco.com.ar\/index.php?rest_route=\/wp\/v2\/posts\/18987","targetHints":{"allow":["GET"]}}],"collection":[{"href":"https:\/\/www.sportchaco.com.ar\/index.php?rest_route=\/wp\/v2\/posts"}],"about":[{"href":"https:\/\/www.sportchaco.com.ar\/index.php?rest_route=\/wp\/v2\/types\/post"}],"author":[{"embeddable":true,"href":"https:\/\/www.sportchaco.com.ar\/index.php?rest_route=\/wp\/v2\/users\/2"}],"replies":[{"embeddable":true,"href":"https:\/\/www.sportchaco.com.ar\/index.php?rest_route=%2Fwp%2Fv2%2Fcomments&post=18987"}],"version-history":[{"count":3,"href":"https:\/\/www.sportchaco.com.ar\/index.php?rest_route=\/wp\/v2\/posts\/18987\/revisions"}],"predecessor-version":[{"id":18992,"href":"https:\/\/www.sportchaco.com.ar\/index.php?rest_route=\/wp\/v2\/posts\/18987\/revisions\/18992"}],"wp:featuredmedia":[{"embeddable":true,"href":"https:\/\/www.sportchaco.com.ar\/index.php?rest_route=\/wp\/v2\/media\/18988"}],"wp:attachment":[{"href":"https:\/\/www.sportchaco.com.ar\/index.php?rest_route=%2Fwp%2Fv2%2Fmedia&parent=18987"}],"wp:term":[{"taxonomy":"category","embeddable":true,"href":"https:\/\/www.sportchaco.com.ar\/index.php?rest_route=%2Fwp%2Fv2%2Fcategories&post=18987"},{"taxonomy":"post_tag","embeddable":true,"href":"https:\/\/www.sportchaco.com.ar\/index.php?rest_route=%2Fwp%2Fv2%2Ftags&post=18987"}],"curies":[{"name":"wp","href":"https:\/\/api.w.org\/{rel}","templated":true}]}}