{"id":18993,"date":"2025-05-08T00:01:48","date_gmt":"2025-05-08T03:01:48","guid":{"rendered":"https:\/\/www.sportchaco.com.ar\/?p=18993"},"modified":"2025-05-08T00:01:44","modified_gmt":"2025-05-08T03:01:44","slug":"efemerides-del-8-de-mayo-2","status":"publish","type":"post","link":"https:\/\/www.sportchaco.com.ar\/?p=18993","title":{"rendered":"Efem\u00e9rides del 8 de mayo"},"content":{"rendered":"<div class=\"container fullwidth-entry-title-wrapper\">\n<div class=\"container-wrapper fullwidth-entry-title\">\n<header class=\"entry-header-outer\">\n<div class=\"entry-header\">\n<h1 class=\"post-title entry-title\">08<\/h1>\n<\/div>\n<\/header>\n<\/div>\n<\/div>\n<div id=\"content\" class=\"site-content container\">\n<div id=\"main-content-row\" class=\"tie-row main-content-row\">\n<div class=\"main-content tie-col-md-8 tie-col-xs-12\" role=\"main\">\n<article id=\"the-post\" class=\"container-wrapper post-content tie-standard\">\n<div class=\"featured-area\">\n<div class=\"featured-area-inner\"><\/div>\n<\/div>\n<div class=\"entry-content entry clearfix\">\n<h4><strong>Esta es la Efem\u00e9rides del Deporte en el Chaco de un 8 de mayo del periodista Luis Dar\u00edo Molodezky.<\/strong><\/h4>\n<p>&nbsp;<\/p>\n<p><img loading=\"lazy\" decoding=\"async\" class=\"alignnone size-full wp-image-18779 aligncenter\" src=\"https:\/\/www.sportchaco.com.ar\/wp-content\/uploads\/2025\/05\/Luis-2025-marzo-3-300x229-1.jpg\" alt=\"\" width=\"300\" height=\"229\" \/><\/p>\n<p><strong>1912\u00a0<\/strong>\/ V\u00edctor Valussi naci\u00f3 en Resistencia. Se inici\u00f3 en el f\u00fatbol grande en Chacarita, pero descoll\u00f3 en Boca Juniors, donde fue titular inamovible en la zaga, consagr\u00e1ndose campe\u00f3n en 1935,1940, 1944 y 1945. Falleci\u00f3 el 1 de abril de 1995.<\/p>\n<p><strong>1912\u00a0<\/strong>\/ Se funda en la ciudad el Club Social de Resistencia, que se inici\u00f3 con la propia sociedad chaque\u00f1a. Fue creado para brindar el \u00e1mbito ideal para la cultura, el ocio y la diversi\u00f3n; por sus elegantes salones han desfilado las figuras m\u00e1s destacadas y se han celebrado los eventos m\u00e1s prestigiosos del Chaco del siglo pasado. Es as\u00ed como el esp\u00edritu de cordialidad que flota en el ambiente, ha sido el motor y s\u00edmbolo de nuestra sociedad.<\/p>\n<p><strong>1973\u00a0<\/strong>\/ En el sal\u00f3n de actos del desaparecido Diario El Territorio, se llev\u00f3 a cabo la Asamblea Ordinaria donde qued\u00f3 conformada la primera comisi\u00f3n del C\u00edrculo de Periodistas Deportivos, que estuvo integrada por Edison Omar Rodr\u00edguez como presidente, vicepresidente Jos\u00e9 Antonio Garc\u00eda, secretario Eduardo Rub\u00e9n Ferreyra, secretario de actas Osvaldo Sotelo, tesorero Alejandro Leonel Cardozo, vocales Ram\u00f3n Gonz\u00e1lez, Andy Ricardo Villa, Julio Argentino Silgueiro y Ricardo C\u00e1rdenas.<\/p>\n<p><strong>1979\u00a0<\/strong>\/ El tribunal de la CABB ante la apelaci\u00f3n del entrenador Oscar\u00a0<em>Caeco\u00a0<\/em>Valussi, y tras cumplir con los informes correspondientes, resolvi\u00f3 reducir la pena de por vida por la de 6 meses, sanci\u00f3n que hace suya la Federaci\u00f3n Chaque\u00f1a de B\u00e1squetbol. La pena hab\u00eda sido impuesta el 16 de enero del mismo a\u00f1o.<\/p>\n<\/div>\n<p><strong>Foto portada: Frente del Club Social a principios del siglo pasado.<\/strong><\/p>\n<div class=\"entry-content entry clearfix\">\n<p><img loading=\"lazy\" decoding=\"async\" class=\"alignnone size-medium wp-image-18776\" src=\"https:\/\/www.sportchaco.com.ar\/wp-content\/uploads\/2025\/05\/BANNER-WEB-IMPULSAR_1080x1350-240x300.gif\" alt=\"\" width=\"240\" height=\"300\" srcset=\"https:\/\/www.sportchaco.com.ar\/wp-content\/uploads\/2025\/05\/BANNER-WEB-IMPULSAR_1080x1350-240x300.gif 240w, https:\/\/www.sportchaco.com.ar\/wp-content\/uploads\/2025\/05\/BANNER-WEB-IMPULSAR_1080x1350-819x1024.gif 819w, https:\/\/www.sportchaco.com.ar\/wp-content\/uploads\/2025\/05\/BANNER-WEB-IMPULSAR_1080x1350-768x960.gif 768w\" sizes=\"auto, (max-width: 240px) 100vw, 240px\" \/> <img loading=\"lazy\" decoding=\"async\" class=\"alignnone size-medium wp-image-18953\" src=\"https:\/\/www.sportchaco.com.ar\/wp-content\/uploads\/2025\/05\/Banners-creditos-otorgados-al-campo_1080x1350-240x300.gif\" alt=\"\" width=\"240\" height=\"300\" srcset=\"https:\/\/www.sportchaco.com.ar\/wp-content\/uploads\/2025\/05\/Banners-creditos-otorgados-al-campo_1080x1350-240x300.gif 240w, https:\/\/www.sportchaco.com.ar\/wp-content\/uploads\/2025\/05\/Banners-creditos-otorgados-al-campo_1080x1350-819x1024.gif 819w, https:\/\/www.sportchaco.com.ar\/wp-content\/uploads\/2025\/05\/Banners-creditos-otorgados-al-campo_1080x1350-768x960.gif 768w, https:\/\/www.sportchaco.com.ar\/wp-content\/uploads\/2025\/05\/Banners-creditos-otorgados-al-campo_1080x1350-1229x1536.gif 1229w, https:\/\/www.sportchaco.com.ar\/wp-content\/uploads\/2025\/05\/Banners-creditos-otorgados-al-campo_1080x1350-1639x2048.gif 1639w\" sizes=\"auto, (max-width: 240px) 100vw, 240px\" \/><\/p>\n<p>&nbsp;<\/p>\n<\/div>\n<\/article>\n<\/div>\n<\/div>\n<\/div>\n","protected":false},"excerpt":{"rendered":"<p>08 Esta es la Efem\u00e9rides del Deporte en el Chaco de un 8 de mayo del periodista Luis Dar\u00edo Molodezky. &nbsp; 1912\u00a0\/ V\u00edctor Valussi naci\u00f3 en Resistencia. Se inici\u00f3 en el f\u00fatbol grande en Chacarita, pero descoll\u00f3 en Boca Juniors, donde fue titular inamovible en la zaga, consagr\u00e1ndose campe\u00f3n en 1935,1940, 1944 y 1945. Falleci\u00f3 &hellip;<\/p>\n","protected":false},"author":2,"featured_media":18994,"comment_status":"open","ping_status":"open","sticky":false,"template":"","format":"standard","meta":{"footnotes":""},"categories":[45,35],"tags":[],"class_list":["post-18993","post","type-post","status-publish","format-standard","has-post-thumbnail","hentry","category-efemerides-dia-por-dia","category-mayo"],"_links":{"self":[{"href":"https:\/\/www.sportchaco.com.ar\/index.php?rest_route=\/wp\/v2\/posts\/18993","targetHints":{"allow":["GET"]}}],"collection":[{"href":"https:\/\/www.sportchaco.com.ar\/index.php?rest_route=\/wp\/v2\/posts"}],"about":[{"href":"https:\/\/www.sportchaco.com.ar\/index.php?rest_route=\/wp\/v2\/types\/post"}],"author":[{"embeddable":true,"href":"https:\/\/www.sportchaco.com.ar\/index.php?rest_route=\/wp\/v2\/users\/2"}],"replies":[{"embeddable":true,"href":"https:\/\/www.sportchaco.com.ar\/index.php?rest_route=%2Fwp%2Fv2%2Fcomments&post=18993"}],"version-history":[{"count":3,"href":"https:\/\/www.sportchaco.com.ar\/index.php?rest_route=\/wp\/v2\/posts\/18993\/revisions"}],"predecessor-version":[{"id":19026,"href":"https:\/\/www.sportchaco.com.ar\/index.php?rest_route=\/wp\/v2\/posts\/18993\/revisions\/19026"}],"wp:featuredmedia":[{"embeddable":true,"href":"https:\/\/www.sportchaco.com.ar\/index.php?rest_route=\/wp\/v2\/media\/18994"}],"wp:attachment":[{"href":"https:\/\/www.sportchaco.com.ar\/index.php?rest_route=%2Fwp%2Fv2%2Fmedia&parent=18993"}],"wp:term":[{"taxonomy":"category","embeddable":true,"href":"https:\/\/www.sportchaco.com.ar\/index.php?rest_route=%2Fwp%2Fv2%2Fcategories&post=18993"},{"taxonomy":"post_tag","embeddable":true,"href":"https:\/\/www.sportchaco.com.ar\/index.php?rest_route=%2Fwp%2Fv2%2Ftags&post=18993"}],"curies":[{"name":"wp","href":"https:\/\/api.w.org\/{rel}","templated":true}]}}