{"id":19,"date":"2023-09-25T14:39:14","date_gmt":"2023-09-25T14:39:14","guid":{"rendered":"https:\/\/nuevo.sportchaco.com.ar\/?p=19"},"modified":"2023-09-25T14:39:14","modified_gmt":"2023-09-25T14:39:14","slug":"buen-punto-de-partida-para-alejandro-frangioli","status":"publish","type":"post","link":"https:\/\/www.sportchaco.com.ar\/?p=19","title":{"rendered":"Buen punto de partida para Alejandro Frangioli"},"content":{"rendered":"<p>La fecha en la cual Alejandro Frangioli regres\u00f3 a la Clase Super del Turismo Internacional finalmente se hizo realidad, mostrando al piloto chaque\u00f1o con un buen andar sobre un auto que a\u00fan tiene puntos a mejorar pero que fue en crecimiento constante y le permiti\u00f3 a Alejandro concluir ambas carreras.<br \/>\nTras largar en el fondo de la grilla, la remontada sobre el trazado largo sin chicana se hizo evidente, ganando posiciones desde el comienzo y llegando a la quinta posici\u00f3n. Por su parte, en la segunda final el tercer lugar de partida generaba ilusi\u00f3n en el propio Frangioli, reconociendo que el hecho de transitar la variante con chicana pod\u00eda generar complicaciones a la hora de utilizar los frenos, logrando sortear eso en el comienzo siendo escolta pero sin mantener dicho rendimiento, perdiendo lugares de modo posterior hasta culminar en octava posici\u00f3n.<br \/>\n\u00bb Me toca largar \u00faltimo e hicimos una buena carrera remontando bastante y quedando conformes pese a saber que el problema de frenos se iba acentuando. La segunda final fue m\u00e1s complicada, super\u00f3 a Dieguez y comienzo a perder posiciones por la falla en los frenos, pese a ello nos vamos contentos por el rendimiento del auto y con la certeza de tener una serie de cuestiones a mejorar en el chasis y en la potencia\u00bb Destac\u00f3 Alejandro Frangioli.<\/p>\n<p>PRENSA ALEJANDRO FRANGIOLI: MATIAS VALENCIA &#8211; 155-103-5022<\/p>\n","protected":false},"excerpt":{"rendered":"<p>La fecha en la cual Alejandro Frangioli regres\u00f3 a la Clase Super del Turismo Internacional finalmente se hizo realidad, mostrando al piloto chaque\u00f1o con un buen andar sobre un auto que a\u00fan tiene puntos a mejorar pero que fue en crecimiento constante y le permiti\u00f3 a Alejandro concluir ambas carreras. Tras largar en el fondo &hellip;<\/p>\n","protected":false},"author":1,"featured_media":20,"comment_status":"open","ping_status":"open","sticky":false,"template":"","format":"standard","meta":{"footnotes":""},"categories":[2],"tags":[],"class_list":["post-19","post","type-post","status-publish","format-standard","has-post-thumbnail","hentry","category-automovilismo"],"_links":{"self":[{"href":"https:\/\/www.sportchaco.com.ar\/index.php?rest_route=\/wp\/v2\/posts\/19","targetHints":{"allow":["GET"]}}],"collection":[{"href":"https:\/\/www.sportchaco.com.ar\/index.php?rest_route=\/wp\/v2\/posts"}],"about":[{"href":"https:\/\/www.sportchaco.com.ar\/index.php?rest_route=\/wp\/v2\/types\/post"}],"author":[{"embeddable":true,"href":"https:\/\/www.sportchaco.com.ar\/index.php?rest_route=\/wp\/v2\/users\/1"}],"replies":[{"embeddable":true,"href":"https:\/\/www.sportchaco.com.ar\/index.php?rest_route=%2Fwp%2Fv2%2Fcomments&post=19"}],"version-history":[{"count":1,"href":"https:\/\/www.sportchaco.com.ar\/index.php?rest_route=\/wp\/v2\/posts\/19\/revisions"}],"predecessor-version":[{"id":21,"href":"https:\/\/www.sportchaco.com.ar\/index.php?rest_route=\/wp\/v2\/posts\/19\/revisions\/21"}],"wp:featuredmedia":[{"embeddable":true,"href":"https:\/\/www.sportchaco.com.ar\/index.php?rest_route=\/wp\/v2\/media\/20"}],"wp:attachment":[{"href":"https:\/\/www.sportchaco.com.ar\/index.php?rest_route=%2Fwp%2Fv2%2Fmedia&parent=19"}],"wp:term":[{"taxonomy":"category","embeddable":true,"href":"https:\/\/www.sportchaco.com.ar\/index.php?rest_route=%2Fwp%2Fv2%2Fcategories&post=19"},{"taxonomy":"post_tag","embeddable":true,"href":"https:\/\/www.sportchaco.com.ar\/index.php?rest_route=%2Fwp%2Fv2%2Ftags&post=19"}],"curies":[{"name":"wp","href":"https:\/\/api.w.org\/{rel}","templated":true}]}}