{"id":19002,"date":"2025-05-08T00:07:40","date_gmt":"2025-05-08T03:07:40","guid":{"rendered":"https:\/\/www.sportchaco.com.ar\/?p=19002"},"modified":"2025-05-08T00:09:22","modified_gmt":"2025-05-08T03:09:22","slug":"a-52-anos-de-la-fundacion-del-circulo-de-periodistas-deportivos","status":"publish","type":"post","link":"https:\/\/www.sportchaco.com.ar\/?p=19002","title":{"rendered":"A 52 a\u00f1os de la fundaci\u00f3n del C\u00edrculo de Periodistas Deportivos"},"content":{"rendered":"<p><strong>08-05-2025<\/strong><\/p>\n<p><img loading=\"lazy\" decoding=\"async\" class=\"aligncenter wp-image-17986 size-full\" src=\"https:\/\/www.sportchaco.com.ar\/wp-content\/uploads\/2025\/04\/BANNER-WEB-IMPULSAR_320x50.gif\" alt=\"\" width=\"1333\" height=\"208\" \/><\/p>\n<p>Un d\u00eda como hoy de 1973 nac\u00eda el C\u00edrculo de Periodistas Deportivos del Chaco por iniciativa de profesionales de la \u00e9poca que se propusieron jerarquizar la profesi\u00f3n a trav\u00e9s del perfeccionamiento.<\/p>\n<p>El hecho se produjo en el sal\u00f3n de actos del desaparecido diario El Territorio, donde tras una reuni\u00f3n, se conform\u00f3 la primera comisi\u00f3n directiva presidida por Edison Omar Rodr\u00edguez y al que lo acompa\u00f1aron respetables nombres como los de Jos\u00e9 Antonio Garc\u00eda, Eduardo Rub\u00e9n Ferreyra, Osvaldo Sotelo, Alejandro Cardozo, Ram\u00f3n Gonz\u00e1lez, Andy Ricardo Villa, Julio Argentino Silgueiro y Ricardo C\u00e1rdenas.<\/p>\n<p>La entidad registra tres fundaciones hasta que comenz\u00f3 a funcionar regularmente en 1982.<\/p>\n<p>En el a\u00f1o 1978 lleg\u00f3 la segunda etapa donde Emilio Miguel Lagranja fue el titular, acompa\u00f1ado con algunos de la primera etapa pero donde ya se sum\u00f3 la nueva generaci\u00f3n de periodistas deportivos como Luis Dar\u00edo Molodezky, Jorge Altamirano, Jorge Diel, Ricardo Na\u00f3n, Mart\u00edn Vera, Miguel Omar Retamoso, Juan Carlos Gonz\u00e1lez y otros m\u00e1s.<\/p>\n<p><img loading=\"lazy\" decoding=\"async\" class=\"aligncenter wp-image-19014 size-full\" src=\"https:\/\/www.sportchaco.com.ar\/wp-content\/uploads\/2025\/05\/Circulo-CD-2009.jpg\" alt=\"\" width=\"1600\" height=\"1200\" srcset=\"https:\/\/www.sportchaco.com.ar\/wp-content\/uploads\/2025\/05\/Circulo-CD-2009.jpg 1600w, https:\/\/www.sportchaco.com.ar\/wp-content\/uploads\/2025\/05\/Circulo-CD-2009-300x225.jpg 300w, https:\/\/www.sportchaco.com.ar\/wp-content\/uploads\/2025\/05\/Circulo-CD-2009-1024x768.jpg 1024w, https:\/\/www.sportchaco.com.ar\/wp-content\/uploads\/2025\/05\/Circulo-CD-2009-768x576.jpg 768w, https:\/\/www.sportchaco.com.ar\/wp-content\/uploads\/2025\/05\/Circulo-CD-2009-1536x1152.jpg 1536w\" sizes=\"auto, (max-width: 1600px) 100vw, 1600px\" \/><em>Reuni\u00f3n en el 2002<\/em><\/p>\n<p>La tercera etapa, ya con el impulso definitivo y con una mancomuni\u00f3n de esfuerzos de todos los que hacemos periodismo deportivo, a los que con el correr de los a\u00f1os se fueron agregando otros como los hermanos Carlos y Jorge Bernasconi, Juan Ortega, Pocholo Mancuello, Hugo G\u00f3mez, Carlos An\u00edbal Allou, Jos\u00e9 Mar\u00eda Ram\u00edrez, Ra\u00fal Bonnet, Willy Rodr\u00edguez, etc. para hacer del C\u00edrculo una entidad respetada en el \u00e1mbito del Chaco, porque se fueron sumando destacados colegas de distintos puntos de la provincia.<\/p>\n<p>Esta fundaci\u00f3n definitiva, estuvo encabezado por Luis Dar\u00edo Molodezky, quien integr\u00f3 la comisi\u00f3n directiva desde todos los puestos hasta la presidencia.<\/p>\n<p><img loading=\"lazy\" decoding=\"async\" class=\"aligncenter wp-image-19013 size-full\" src=\"https:\/\/www.sportchaco.com.ar\/wp-content\/uploads\/2025\/05\/CPDCH-Nov-82.jpg\" alt=\"\" width=\"1178\" height=\"803\" srcset=\"https:\/\/www.sportchaco.com.ar\/wp-content\/uploads\/2025\/05\/CPDCH-Nov-82.jpg 1178w, https:\/\/www.sportchaco.com.ar\/wp-content\/uploads\/2025\/05\/CPDCH-Nov-82-300x204.jpg 300w, https:\/\/www.sportchaco.com.ar\/wp-content\/uploads\/2025\/05\/CPDCH-Nov-82-1024x698.jpg 1024w, https:\/\/www.sportchaco.com.ar\/wp-content\/uploads\/2025\/05\/CPDCH-Nov-82-768x524.jpg 768w, https:\/\/www.sportchaco.com.ar\/wp-content\/uploads\/2025\/05\/CPDCH-Nov-82-220x150.jpg 220w\" sizes=\"auto, (max-width: 1178px) 100vw, 1178px\" \/><em>Noviembre de 1982, festejos en el club Villa San Mart\u00edn<\/em><\/p>\n<p><strong>La actual comisi\u00f3n<\/strong><br \/>\nLa conducci\u00f3n, que tiene mandato hasta 2028, es la siguiente: <em>presidente:<\/em> Edison Omar Rodr\u00edguez (hijo); <em>vicepresidente:<\/em> Mariano Candia; <em>secretario:<\/em> Juan Jos\u00e9 Jos\u00e9 Godoy; <em>secretario de actas:<\/em> Patricia Baudin; <em>tesorero:<\/em> Carlos Bernasconi; <em>protesorero:<\/em> Sergio Odr\u00eda; <em>vocales titulares:<\/em> Ra\u00fal Palomino, Marcos Acosta y Mat\u00edas Silva; <em>vocales suplentes:<\/em> Marcelo M\u00e1ntaras, Miguel Encina y Agust\u00edn Avalos; <em>revisores de cuentas:<\/em> Juan Carlos Gonz\u00e1lez, Juan Ortega y Ra\u00fal Bonnet; <em>tribunal de honor:<\/em> Luis Dar\u00edo Molodezky, Miguel Omar Retamoso y Rodolfo Mancuello.<\/p>\n<p><img loading=\"lazy\" decoding=\"async\" class=\"aligncenter wp-image-18776 size-full\" src=\"https:\/\/www.sportchaco.com.ar\/wp-content\/uploads\/2025\/05\/BANNER-WEB-IMPULSAR_1080x1350.gif\" alt=\"\" width=\"1080\" height=\"1350\" \/><\/p>\n","protected":false},"excerpt":{"rendered":"<p>08-05-2025 Un d\u00eda como hoy de 1973 nac\u00eda el C\u00edrculo de Periodistas Deportivos del Chaco por iniciativa de profesionales de la \u00e9poca que se propusieron jerarquizar la profesi\u00f3n a trav\u00e9s del perfeccionamiento. El hecho se produjo en el sal\u00f3n de actos del desaparecido diario El Territorio, donde tras una reuni\u00f3n, se conform\u00f3 la primera comisi\u00f3n &hellip;<\/p>\n","protected":false},"author":3,"featured_media":19003,"comment_status":"open","ping_status":"open","sticky":false,"template":"","format":"standard","meta":{"footnotes":""},"categories":[44],"tags":[],"class_list":["post-19002","post","type-post","status-publish","format-standard","has-post-thumbnail","hentry","category-varios"],"_links":{"self":[{"href":"https:\/\/www.sportchaco.com.ar\/index.php?rest_route=\/wp\/v2\/posts\/19002","targetHints":{"allow":["GET"]}}],"collection":[{"href":"https:\/\/www.sportchaco.com.ar\/index.php?rest_route=\/wp\/v2\/posts"}],"about":[{"href":"https:\/\/www.sportchaco.com.ar\/index.php?rest_route=\/wp\/v2\/types\/post"}],"author":[{"embeddable":true,"href":"https:\/\/www.sportchaco.com.ar\/index.php?rest_route=\/wp\/v2\/users\/3"}],"replies":[{"embeddable":true,"href":"https:\/\/www.sportchaco.com.ar\/index.php?rest_route=%2Fwp%2Fv2%2Fcomments&post=19002"}],"version-history":[{"count":6,"href":"https:\/\/www.sportchaco.com.ar\/index.php?rest_route=\/wp\/v2\/posts\/19002\/revisions"}],"predecessor-version":[{"id":19031,"href":"https:\/\/www.sportchaco.com.ar\/index.php?rest_route=\/wp\/v2\/posts\/19002\/revisions\/19031"}],"wp:featuredmedia":[{"embeddable":true,"href":"https:\/\/www.sportchaco.com.ar\/index.php?rest_route=\/wp\/v2\/media\/19003"}],"wp:attachment":[{"href":"https:\/\/www.sportchaco.com.ar\/index.php?rest_route=%2Fwp%2Fv2%2Fmedia&parent=19002"}],"wp:term":[{"taxonomy":"category","embeddable":true,"href":"https:\/\/www.sportchaco.com.ar\/index.php?rest_route=%2Fwp%2Fv2%2Fcategories&post=19002"},{"taxonomy":"post_tag","embeddable":true,"href":"https:\/\/www.sportchaco.com.ar\/index.php?rest_route=%2Fwp%2Fv2%2Ftags&post=19002"}],"curies":[{"name":"wp","href":"https:\/\/api.w.org\/{rel}","templated":true}]}}