{"id":1901,"date":"2023-10-17T22:47:03","date_gmt":"2023-10-18T01:47:03","guid":{"rendered":"https:\/\/www.sportchaco.com.ar\/?p=1901"},"modified":"2023-10-18T00:46:19","modified_gmt":"2023-10-18T03:46:19","slug":"el-basquetbol-de-sarmiento-no-viajo-para-iniciar-la-liga-argentina","status":"publish","type":"post","link":"https:\/\/www.sportchaco.com.ar\/?p=1901","title":{"rendered":"El b\u00e1squetbol de Sarmiento no viaj\u00f3 para iniciar la Liga Argentina"},"content":{"rendered":"<p><strong>En una muestra m\u00e1s de la profunda cr\u00edsis que atraviesa el Club Sarmiento, la dirigencia se neg\u00f3 a firmar los contratos de los jugadores, comunic\u00e1ndole que no se participar\u00e1 de la Liga Argentina.<\/strong><\/p>\n<p>El plantel y cuerpo t\u00e9cnico iba a viajar esta noche hacia Santiago del Estero para enfrentar ma\u00f1ana en su primera presentaci\u00f3n a Independiente.<\/p>\n<p>El presidente Javier Besga que en todo momento sostuvo la negativa a participar por cuestiones econ\u00f3micas, se neg\u00f3 ayer a firmar los contratos que deb\u00eda ser elevados a la ADC, por lo que se consum\u00f3 su anuncio.<\/p>\n<p>La historia arranc\u00f3 en septiembre, cuando las versiones indicaban que el decano no seguir\u00eda en la competencia, pero luego pag\u00f3 todas las deudas como anuncio la entidad nacional.<\/p>\n<p>Javier Besga hab\u00eda dicho que no se jugaba, pero un n\u00facleo de la dirigencia dijo que s\u00ed. Dimes y diretes, se anunci\u00f3 que si seguir\u00edan en competencia.<\/p>\n<p>Lo cierto es que hace horas se consum\u00f3 la negativa a participar. El presidente Capitanich, en uso de licencia, fue convocado por algunos integrantes de la CD con pedido de destituci\u00f3n de Besga. Hay que recordar que Capitanich renunci\u00f3 luego de perder las elecciones provinciales, aunque oficialmente no se anunci\u00f3 que fuese aceptada.<\/p>\n<p>Incluso se hablaba anoche de una posible demanda del aurirrojo contra la AdC por no haber dado curso a la baja solicitada oportunamente por cuestiones econ\u00f3micas,<\/p>\n<p>Lo cierto es que, con esta situaci\u00f3n, la crisis en Sarmiento se ve agravada, ya que el f\u00fatbol profesional termin\u00f3 el a\u00f1o en un rotundo fracaso,<\/p>\n<p>&nbsp;<\/p>\n<p><strong>Foto de Javier Besga, vicepresidente a cargo de Sarmiento<\/strong><\/p>\n<p>&nbsp;<\/p>\n","protected":false},"excerpt":{"rendered":"<p>En una muestra m\u00e1s de la profunda cr\u00edsis que atraviesa el Club Sarmiento, la dirigencia se neg\u00f3 a firmar los contratos de los jugadores, comunic\u00e1ndole que no se participar\u00e1 de la Liga Argentina. El plantel y cuerpo t\u00e9cnico iba a viajar esta noche hacia Santiago del Estero para enfrentar ma\u00f1ana en su primera presentaci\u00f3n a &hellip;<\/p>\n","protected":false},"author":2,"featured_media":1902,"comment_status":"open","ping_status":"open","sticky":false,"template":"","format":"standard","meta":{"footnotes":""},"categories":[3,8],"tags":[],"class_list":["post-1901","post","type-post","status-publish","format-standard","has-post-thumbnail","hentry","category-basquetbol","category-sport-nea"],"_links":{"self":[{"href":"https:\/\/www.sportchaco.com.ar\/index.php?rest_route=\/wp\/v2\/posts\/1901","targetHints":{"allow":["GET"]}}],"collection":[{"href":"https:\/\/www.sportchaco.com.ar\/index.php?rest_route=\/wp\/v2\/posts"}],"about":[{"href":"https:\/\/www.sportchaco.com.ar\/index.php?rest_route=\/wp\/v2\/types\/post"}],"author":[{"embeddable":true,"href":"https:\/\/www.sportchaco.com.ar\/index.php?rest_route=\/wp\/v2\/users\/2"}],"replies":[{"embeddable":true,"href":"https:\/\/www.sportchaco.com.ar\/index.php?rest_route=%2Fwp%2Fv2%2Fcomments&post=1901"}],"version-history":[{"count":2,"href":"https:\/\/www.sportchaco.com.ar\/index.php?rest_route=\/wp\/v2\/posts\/1901\/revisions"}],"predecessor-version":[{"id":1914,"href":"https:\/\/www.sportchaco.com.ar\/index.php?rest_route=\/wp\/v2\/posts\/1901\/revisions\/1914"}],"wp:featuredmedia":[{"embeddable":true,"href":"https:\/\/www.sportchaco.com.ar\/index.php?rest_route=\/wp\/v2\/media\/1902"}],"wp:attachment":[{"href":"https:\/\/www.sportchaco.com.ar\/index.php?rest_route=%2Fwp%2Fv2%2Fmedia&parent=1901"}],"wp:term":[{"taxonomy":"category","embeddable":true,"href":"https:\/\/www.sportchaco.com.ar\/index.php?rest_route=%2Fwp%2Fv2%2Fcategories&post=1901"},{"taxonomy":"post_tag","embeddable":true,"href":"https:\/\/www.sportchaco.com.ar\/index.php?rest_route=%2Fwp%2Fv2%2Ftags&post=1901"}],"curies":[{"name":"wp","href":"https:\/\/api.w.org\/{rel}","templated":true}]}}