{"id":19037,"date":"2025-05-08T23:00:40","date_gmt":"2025-05-09T02:00:40","guid":{"rendered":"https:\/\/www.sportchaco.com.ar\/?p=19037"},"modified":"2025-05-08T23:03:40","modified_gmt":"2025-05-09T02:03:40","slug":"19037","status":"publish","type":"post","link":"https:\/\/www.sportchaco.com.ar\/?p=19037","title":{"rendered":"Efem\u00e9rides del 9 de mayo"},"content":{"rendered":"<div class=\"container fullwidth-entry-title-wrapper\">\n<div class=\"container-wrapper fullwidth-entry-title\">\n<header class=\"entry-header-outer\">\n<div class=\"entry-header\">\n<h1 class=\"post-title entry-title\"><\/h1>\n<\/div>\n<\/header>\n<\/div>\n<\/div>\n<div id=\"content\" class=\"site-content container\">\n<div id=\"main-content-row\" class=\"tie-row main-content-row\">\n<div class=\"main-content tie-col-md-8 tie-col-xs-12\" role=\"main\">\n<article id=\"the-post\" class=\"container-wrapper post-content tie-standard\">\n<div class=\"featured-area\">\n<div class=\"featured-area-inner\"><\/div>\n<\/div>\n<div class=\"entry-content entry clearfix\">\n<p><strong>Esta es la Efem\u00e9rides del Deporte en el Chaco de un 9 de mayo del periodista Luis Dar\u00edo Molodezky.<\/strong><\/p>\n<p>&nbsp;<\/p>\n<p><img loading=\"lazy\" decoding=\"async\" class=\"alignnone size-full wp-image-18779 aligncenter\" src=\"https:\/\/www.sportchaco.com.ar\/wp-content\/uploads\/2025\/05\/Luis-2025-marzo-3-300x229-1.jpg\" alt=\"\" width=\"300\" height=\"229\" \/><\/p>\n<p><strong>1922\u00a0<\/strong>\/ Naci\u00f3 en Puerto Tirol Dante Dell\u00b4Orto. Se inici\u00f3 en la actividad deportiva jugando para For Ever, bajo la presidencia de Alfredo Lotero, en la ex-Plaza Espa\u00f1a. Despu\u00e9s pas\u00f3 por Regional, Central Norte (junto a Julio El\u00edas Musimessi y Manuel Quiroga), Estudiantes en la \u00e9poca de oro, \u00cdtalo Argentino y Fontana cuando ten\u00eda 35 a\u00f1os. Practic\u00f3 entre otras disciplinas el ciclismo junto a Leo Parzianello en las famosas Vuelta de Margarita Bel\u00e9n; pesca y caza, tiro y colaborador permanente de todas las actividades que tengan que ver con el deporte. Declarado hincha de Chaco For Ever y San Lorenzo de Almagro. Falleci\u00f3 a los 85 a\u00f1os el 19 de octubre de 2007.<strong> Foto<\/strong><\/p>\n<p><strong><img loading=\"lazy\" decoding=\"async\" class=\"alignnone size-medium wp-image-19038\" src=\"https:\/\/www.sportchaco.com.ar\/wp-content\/uploads\/2025\/05\/Dante-delortto-1-300x189.jpg\" alt=\"\" width=\"300\" height=\"189\" srcset=\"https:\/\/www.sportchaco.com.ar\/wp-content\/uploads\/2025\/05\/Dante-delortto-1-300x189.jpg 300w, https:\/\/www.sportchaco.com.ar\/wp-content\/uploads\/2025\/05\/Dante-delortto-1.jpg 600w\" sizes=\"auto, (max-width: 300px) 100vw, 300px\" \/><\/strong><\/p>\n<p><strong>1975\u00a0<\/strong>\/ Se presenta en el Villa San Mart\u00edn Oscar\u00a0<em>Ringo\u00a0<\/em>Bonavena, para realizar una exhibici\u00f3n. Primero lo hizo con el marplatense Marcos Tosto y luego ante el chaque\u00f1o pesado Ra\u00fal Aguirre. Ringo, con un carisma especial, se fue ovacionado.<\/p>\n<p><strong>1979\u00a0<\/strong>\/ En la Municipalidad de Villa \u00c1ngela se firm\u00f3 el contrato de compra por parte del Club Caza y Pesca de 12 hect\u00e1reas sobre la ruta 95, adquirido anteriormente por el municipio. El comisionado municipal Antonio Anderlique firm\u00f3 junto al presidente de la instituci\u00f3n Juan Koliniuk, y estar\u00e1 destinado a un parque recreativo y a la instalaci\u00f3n de una pedana para tiro al platillo.<\/p>\n<p><strong>1982 \/<\/strong>\u00a0Se realiza un gran festival deportivo en el Aut\u00f3dromo Yaco Guarnieri para recaudar fondos para el Fondo Patri\u00f3tico por la guerra de Malvinas a trav\u00e9s de CARIM.\u00a0 En ciclismo gan\u00f3 Eduardo Dell \u2019Orto, motociclismo Franco Giuliano y Alberto Shejtman. En marat\u00f3n Justo Zacarias, veteranos Romualdo Parra, menores Rub\u00e9n Romero y damas M\u00f3nica Sanjurjo. En automovilismo H\u00e9ctor Fern\u00e1ndez en la F\u00f3rmula Chaque\u00f1a, en la Clase B Osito Pierrot.<\/p>\n<p><strong>\u00a02021 \/<\/strong>\u00a0A los 48 a\u00f1os fallece el periodista de automovilismo Fabi\u00e1n Flores, en el marco de la pandemia de COVID-19. Llev\u00f3 adelante el programa \u201cEn Carrera\u201d que fuera creado por su padre Alfredo y por Luis Dar\u00edo Molodezky en la vieja Radio Chaco. Con la llegada de la tecnolog\u00eda tuvo una exitosa p\u00e1gina web con el mismo nombre.<\/p>\n<p><strong>Foto portada de Fabi\u00e1n Flores<\/strong><\/p>\n<\/div>\n<p><img loading=\"lazy\" decoding=\"async\" class=\"alignnone size-medium wp-image-19021\" src=\"https:\/\/www.sportchaco.com.ar\/wp-content\/uploads\/2025\/05\/120x200-1-180x300.gif\" alt=\"\" width=\"180\" height=\"300\" \/> <img loading=\"lazy\" decoding=\"async\" class=\"alignnone size-medium wp-image-18953\" src=\"https:\/\/www.sportchaco.com.ar\/wp-content\/uploads\/2025\/05\/Banners-creditos-otorgados-al-campo_1080x1350-240x300.gif\" alt=\"\" width=\"240\" height=\"300\" srcset=\"https:\/\/www.sportchaco.com.ar\/wp-content\/uploads\/2025\/05\/Banners-creditos-otorgados-al-campo_1080x1350-240x300.gif 240w, https:\/\/www.sportchaco.com.ar\/wp-content\/uploads\/2025\/05\/Banners-creditos-otorgados-al-campo_1080x1350-819x1024.gif 819w, https:\/\/www.sportchaco.com.ar\/wp-content\/uploads\/2025\/05\/Banners-creditos-otorgados-al-campo_1080x1350-768x960.gif 768w, https:\/\/www.sportchaco.com.ar\/wp-content\/uploads\/2025\/05\/Banners-creditos-otorgados-al-campo_1080x1350-1229x1536.gif 1229w, https:\/\/www.sportchaco.com.ar\/wp-content\/uploads\/2025\/05\/Banners-creditos-otorgados-al-campo_1080x1350-1639x2048.gif 1639w\" sizes=\"auto, (max-width: 240px) 100vw, 240px\" \/><\/p>\n<\/article>\n<\/div>\n<\/div>\n<\/div>\n","protected":false},"excerpt":{"rendered":"<p>Esta es la Efem\u00e9rides del Deporte en el Chaco de un 9 de mayo del periodista Luis Dar\u00edo Molodezky. &nbsp; 1922\u00a0\/ Naci\u00f3 en Puerto Tirol Dante Dell\u00b4Orto. Se inici\u00f3 en la actividad deportiva jugando para For Ever, bajo la presidencia de Alfredo Lotero, en la ex-Plaza Espa\u00f1a. Despu\u00e9s pas\u00f3 por Regional, Central Norte (junto a &hellip;<\/p>\n","protected":false},"author":2,"featured_media":19039,"comment_status":"open","ping_status":"open","sticky":false,"template":"","format":"standard","meta":{"footnotes":""},"categories":[45,35],"tags":[],"class_list":["post-19037","post","type-post","status-publish","format-standard","has-post-thumbnail","hentry","category-efemerides-dia-por-dia","category-mayo"],"_links":{"self":[{"href":"https:\/\/www.sportchaco.com.ar\/index.php?rest_route=\/wp\/v2\/posts\/19037","targetHints":{"allow":["GET"]}}],"collection":[{"href":"https:\/\/www.sportchaco.com.ar\/index.php?rest_route=\/wp\/v2\/posts"}],"about":[{"href":"https:\/\/www.sportchaco.com.ar\/index.php?rest_route=\/wp\/v2\/types\/post"}],"author":[{"embeddable":true,"href":"https:\/\/www.sportchaco.com.ar\/index.php?rest_route=\/wp\/v2\/users\/2"}],"replies":[{"embeddable":true,"href":"https:\/\/www.sportchaco.com.ar\/index.php?rest_route=%2Fwp%2Fv2%2Fcomments&post=19037"}],"version-history":[{"count":3,"href":"https:\/\/www.sportchaco.com.ar\/index.php?rest_route=\/wp\/v2\/posts\/19037\/revisions"}],"predecessor-version":[{"id":19042,"href":"https:\/\/www.sportchaco.com.ar\/index.php?rest_route=\/wp\/v2\/posts\/19037\/revisions\/19042"}],"wp:featuredmedia":[{"embeddable":true,"href":"https:\/\/www.sportchaco.com.ar\/index.php?rest_route=\/wp\/v2\/media\/19039"}],"wp:attachment":[{"href":"https:\/\/www.sportchaco.com.ar\/index.php?rest_route=%2Fwp%2Fv2%2Fmedia&parent=19037"}],"wp:term":[{"taxonomy":"category","embeddable":true,"href":"https:\/\/www.sportchaco.com.ar\/index.php?rest_route=%2Fwp%2Fv2%2Fcategories&post=19037"},{"taxonomy":"post_tag","embeddable":true,"href":"https:\/\/www.sportchaco.com.ar\/index.php?rest_route=%2Fwp%2Fv2%2Ftags&post=19037"}],"curies":[{"name":"wp","href":"https:\/\/api.w.org\/{rel}","templated":true}]}}