{"id":19045,"date":"2025-05-08T18:23:30","date_gmt":"2025-05-08T21:23:30","guid":{"rendered":"https:\/\/www.sportchaco.com.ar\/?p=19045"},"modified":"2025-05-08T18:23:30","modified_gmt":"2025-05-08T21:23:30","slug":"en-ocho-fechas-ya-dos-equipos-cambiaron-de-dt","status":"publish","type":"post","link":"https:\/\/www.sportchaco.com.ar\/?p=19045","title":{"rendered":"En ocho fechas, ya dos equipos cambiaron de DT"},"content":{"rendered":"<p><strong>08-05-2025<\/strong><\/p>\n<p><img loading=\"lazy\" decoding=\"async\" class=\"aligncenter wp-image-9468 size-full\" src=\"https:\/\/www.sportchaco.com.ar\/wp-content\/uploads\/2024\/05\/Nachec-728x90-2.gif\" alt=\"\" width=\"728\" height=\"90\" \/><\/p>\n<p>Cumplida la s\u00e9ptima fecha del Torneo Apertura de la Primera \u201cA\u201d de la Liga Chaque\u00f1a de F\u00fatbol, y a punto de iniciarse la octava jornada, ya dos entrenadores a abandonaron sus cargos a falta de resultados.<\/p>\n<p>La floja campa\u00f1a de Villa Alvear con seis derrotas en cadena, hizo que Mario Valenzuela presentar\u00e1 la renuncia al cargo. Asumi\u00f3 en su lugar Omar S\u00e1nchez, que se ven\u00eda desempe\u00f1ando en la tercera y ya sac\u00f3 el primer punto el fin de semana al igualar 1 a 1 ante Tiro FC como local.<\/p>\n<p>El otro DT que se alej\u00f3 fue Santiago Godoy al frente de Central Ben\u00edtez, tras caer por 2 a 1 ante Don Orione. Ya fue reemplazado por Alejandro Barbona, que debutar\u00e1 este viernes ante Juventud en Tirol. Barbona viene de una breve incursi\u00f3n como ayudante de campo de Daniel Cravero en Cipolletti de R\u00edo Negro. El a\u00f1o pasado le dio el primer t\u00edtulo liguista de su historia a Defensores de Vilelas.<\/p>\n<p><em><strong>Fuente: Entretiempo<\/strong><\/em><\/p>\n<p><strong>TODOS LOS ENTRENADORES<\/strong><br \/>\n<strong>Bancarios:<\/strong> Fabi\u00e1n Villareal<br \/>\n<strong>Central Ben\u00edtez:<\/strong> Alejandro Barbona<br \/>\n<strong>Central Norte:<\/strong> Sebasti\u00e1n Guti\u00e9rrez<br \/>\n<strong>CUNE:<\/strong> Gerardo Tayara<br \/>\n<strong>Defensores:<\/strong> Joaqu\u00edn Esp\u00edndola<br \/>\n<strong>Deportivo Itat\u00ed:<\/strong> V\u00edctor Ram\u00edrez<br \/>\n<strong>Deportivo Luj\u00e1n:<\/strong> Sergio Adorno<br \/>\n<strong>Don Orione:<\/strong> David Alfredo Moreno<br \/>\n<strong>El Nacional:<\/strong> Rolando Ricardone<br \/>\n<strong>Estudiantes:<\/strong> Claudio \u00abcachilo\u00bb Santa Cruz<br \/>\n<strong>Fontana:<\/strong> Enzo Alsina<br \/>\n<strong>For Ever:<\/strong> Mart\u00edn Cabral<br \/>\n<strong>Indep. Tirol:<\/strong> An\u00edbal Fernando Vallejos<br \/>\n<strong>Municipal MB:<\/strong> Jos\u00e9 Flekenstein<br \/>\n<strong>Juventud:<\/strong> Sergio Flores<br \/>\n<strong>Policiales:<\/strong> Pablo Quiroga<br \/>\n<strong>Regional:<\/strong> Dante Romero<br \/>\n<strong>Resistencia Central:<\/strong> Jos\u00e9 Manuel Fern\u00e1ndez<br \/>\n<strong>San Mart\u00edn MB:<\/strong> Facundo Escobar<br \/>\n<strong>Sarmiento:<\/strong> Dami\u00e1n Cabral<br \/>\n<strong>Tiro FC:<\/strong> Rodolfo \u00abpelu\u00bb Ben\u00edtez<br \/>\n<strong>Villa Alvear:<\/strong> Omar S\u00e1nchez<\/p>\n<p><em><strong>Foto: F\u00fatbol Criollo<\/strong><\/em><\/p>\n<p><img loading=\"lazy\" decoding=\"async\" class=\"aligncenter wp-image-8565 size-full\" src=\"https:\/\/www.sportchaco.com.ar\/wp-content\/uploads\/2024\/04\/Nachec1-300x600-3.gif\" alt=\"\" width=\"300\" height=\"600\" \/><\/p>\n","protected":false},"excerpt":{"rendered":"<p>08-05-2025 Cumplida la s\u00e9ptima fecha del Torneo Apertura de la Primera \u201cA\u201d de la Liga Chaque\u00f1a de F\u00fatbol, y a punto de iniciarse la octava jornada, ya dos entrenadores a abandonaron sus cargos a falta de resultados. La floja campa\u00f1a de Villa Alvear con seis derrotas en cadena, hizo que Mario Valenzuela presentar\u00e1 la renuncia &hellip;<\/p>\n","protected":false},"author":3,"featured_media":19046,"comment_status":"open","ping_status":"open","sticky":false,"template":"","format":"standard","meta":{"footnotes":""},"categories":[5],"tags":[],"class_list":["post-19045","post","type-post","status-publish","format-standard","has-post-thumbnail","hentry","category-futbol"],"_links":{"self":[{"href":"https:\/\/www.sportchaco.com.ar\/index.php?rest_route=\/wp\/v2\/posts\/19045","targetHints":{"allow":["GET"]}}],"collection":[{"href":"https:\/\/www.sportchaco.com.ar\/index.php?rest_route=\/wp\/v2\/posts"}],"about":[{"href":"https:\/\/www.sportchaco.com.ar\/index.php?rest_route=\/wp\/v2\/types\/post"}],"author":[{"embeddable":true,"href":"https:\/\/www.sportchaco.com.ar\/index.php?rest_route=\/wp\/v2\/users\/3"}],"replies":[{"embeddable":true,"href":"https:\/\/www.sportchaco.com.ar\/index.php?rest_route=%2Fwp%2Fv2%2Fcomments&post=19045"}],"version-history":[{"count":1,"href":"https:\/\/www.sportchaco.com.ar\/index.php?rest_route=\/wp\/v2\/posts\/19045\/revisions"}],"predecessor-version":[{"id":19047,"href":"https:\/\/www.sportchaco.com.ar\/index.php?rest_route=\/wp\/v2\/posts\/19045\/revisions\/19047"}],"wp:featuredmedia":[{"embeddable":true,"href":"https:\/\/www.sportchaco.com.ar\/index.php?rest_route=\/wp\/v2\/media\/19046"}],"wp:attachment":[{"href":"https:\/\/www.sportchaco.com.ar\/index.php?rest_route=%2Fwp%2Fv2%2Fmedia&parent=19045"}],"wp:term":[{"taxonomy":"category","embeddable":true,"href":"https:\/\/www.sportchaco.com.ar\/index.php?rest_route=%2Fwp%2Fv2%2Fcategories&post=19045"},{"taxonomy":"post_tag","embeddable":true,"href":"https:\/\/www.sportchaco.com.ar\/index.php?rest_route=%2Fwp%2Fv2%2Ftags&post=19045"}],"curies":[{"name":"wp","href":"https:\/\/api.w.org\/{rel}","templated":true}]}}