{"id":19096,"date":"2025-05-10T12:51:16","date_gmt":"2025-05-10T15:51:16","guid":{"rendered":"https:\/\/www.sportchaco.com.ar\/?p=19096"},"modified":"2025-06-13T19:55:40","modified_gmt":"2025-06-13T22:55:40","slug":"la-fecha-8-de-la-liga-lunes-martes-y-miercoles","status":"publish","type":"post","link":"https:\/\/www.sportchaco.com.ar\/?p=19096","title":{"rendered":"La fecha 8 de la Liga, lunes, martes y mi\u00e9rcoles"},"content":{"rendered":"<h2 class=\"volanta\">10-05-2025<\/h2>\n<h4><\/h4>\n<h4 class=\"bajada\">Los dirigentes de la Liga Chaque\u00f1a armaron el nuevo diagrama de la 8\u00aa fecha tras las suspensiones. El lunes jugar\u00e1n Estudiantes- Municipal. El martes habr\u00e1 siete encuentros y el mi\u00e9rcoles tres. Fuente Entretiempo<\/h4>\n<p class=\"epigrafe \"><i class=\"fas fa-camera\" aria-hidden=\"true\"><\/i>\u00a0La lluvia no dio lugar al f\u00fatbol y la semana entrante tendr\u00e1 toda la octava fecha.<\/p>\n<p>Los dirigentes de la Liga Chaque\u00f1a de F\u00fatbol decidieron suspender todos los partidos que deb\u00edan jugarse este viernes y que iban a marcar el inicio de la 8\u00aa fecha del torneo Apertura de Primera \u201cA\u201d debido a las lluvias y el mal estado de los campos de juego.<\/p>\n<p>Teniendo en cuenta que el fin de semana no se pueden llevar a cabo partidos -por pedido de la polic\u00eda debido al operativo por las elecciones legislativas del domingo- la 8\u00aa jornada reci\u00e9n comenzar\u00e1 a jugarse el lunes.<\/p>\n<p>El siguiente es el nuevo programa de partidos:<\/p>\n<p><b>TODA LA 8\u00aa FECHA<\/b><br \/>\n<b>Lunes 12-05<\/b><br \/>\nA las 17, Estudiantes- Municipal (MB).<\/p>\n<p><b>Martes 13-05<\/b><br \/>\nA las 16, Tiro FC- Bancarios, en Rcia. Central (sin p\u00fablico visitante)<br \/>\nA las 16, Regional- For Ever<br \/>\nA las 16, El Nacional- Rcia. Central, en Bancarios<br \/>\nA las 16, Dep. Luj\u00e1n- Def. de Vilelas (sin p\u00fablico visitante)<\/p>\n<p>A las 16.30, Don Orione- CUNE<\/p>\n<p>A las 17, Juventud- Central Ben\u00edtez<br \/>\nA las 17, Sarmiento- Indep. Tirol.<\/p>\n<p><b>Mi\u00e9rcoles 14-05<\/b><br \/>\nA las 16, Central Norte- Villa Alvear<br \/>\nA las 16.30, Fontana- Policiales<br \/>\nA las 17, Dep. Itat\u00ed- San Mart\u00edn, en San Fernando (sin p\u00fablico visitante).<\/p>\n<p><b>POSICIONES<\/b><br \/>\nDep. Luj\u00e1n 16<br \/>\nCentral Norte 16<br \/>\nRcia. Central 15<br \/>\nEstudiantes 14<br \/>\nSarmiento 14<br \/>\nRegional 13<br \/>\nFontana 12<br \/>\nDefensores 11<br \/>\nPoliciales 11<br \/>\nDon Orione 11<br \/>\nDep. Itat\u00ed 10<br \/>\nFor Ever 10<br \/>\nJuventud 8<br \/>\nEl Nacional 8<br \/>\nSan Mart\u00edn (MB) 8<br \/>\nBancarios 6<br \/>\nCUNE 5<br \/>\nIndep. Tirol 5<br \/>\nMunicipal (MB) 4<br \/>\nTiro FC 4<br \/>\nCentral Ben\u00edtez 3<br \/>\nVilla Alvear 1<\/p>\n<p><strong>Foto portada: Alejandro Barbona debutar\u00e1 como DT de Central Ben\u00edtez. Foto: F\u00fatbol Criollo.<\/strong><\/p>\n<p><em><strong>Foto: Gentileza Jorge Zacar\u00edas<\/strong><\/em><\/p>\n<p>&nbsp;<\/p>\n<p><img loading=\"lazy\" decoding=\"async\" class=\"alignnone wp-image-19471\" src=\"https:\/\/www.sportchaco.com.ar\/wp-content\/uploads\/2025\/05\/Banners-ruta-13_200x200-1-300x300.gif\" sizes=\"auto, (max-width: 224px) 100vw, 224px\" srcset=\"https:\/\/www.sportchaco.com.ar\/wp-content\/uploads\/2025\/05\/Banners-ruta-13_200x200-1-300x300.gif 300w, https:\/\/www.sportchaco.com.ar\/wp-content\/uploads\/2025\/05\/Banners-ruta-13_200x200-1-150x150.gif 150w\" alt=\"\" width=\"224\" height=\"224\" \/>\u00a0 \u00a0\u00a0<img loading=\"lazy\" decoding=\"async\" class=\"alignnone size-medium wp-image-19475\" src=\"https:\/\/www.sportchaco.com.ar\/wp-content\/uploads\/2025\/05\/Banners-creditos-otorgados-al-campo_300x600-150x300.gif\" sizes=\"auto, (max-width: 150px) 100vw, 150px\" srcset=\"https:\/\/www.sportchaco.com.ar\/wp-content\/uploads\/2025\/05\/Banners-creditos-otorgados-al-campo_300x600-150x300.gif 150w, https:\/\/www.sportchaco.com.ar\/wp-content\/uploads\/2025\/05\/Banners-creditos-otorgados-al-campo_300x600-512x1024.gif 512w\" alt=\"\" width=\"150\" height=\"300\" \/>\u00a0 \u00a0 <img loading=\"lazy\" decoding=\"async\" class=\"alignnone wp-image-18692\" src=\"https:\/\/www.sportchaco.com.ar\/wp-content\/uploads\/2025\/04\/Chaco-sin-fuego-1080x1350-3-1-240x300.gif\" sizes=\"auto, (max-width: 205px) 100vw, 205px\" srcset=\"https:\/\/www.sportchaco.com.ar\/wp-content\/uploads\/2025\/04\/Chaco-sin-fuego-1080x1350-3-1-240x300.gif 240w, https:\/\/www.sportchaco.com.ar\/wp-content\/uploads\/2025\/04\/Chaco-sin-fuego-1080x1350-3-1-819x1024.gif 819w, https:\/\/www.sportchaco.com.ar\/wp-content\/uploads\/2025\/04\/Chaco-sin-fuego-1080x1350-3-1-768x960.gif 768w, https:\/\/www.sportchaco.com.ar\/wp-content\/uploads\/2025\/04\/Chaco-sin-fuego-1080x1350-3-1-1229x1536.gif 1229w, https:\/\/www.sportchaco.com.ar\/wp-content\/uploads\/2025\/04\/Chaco-sin-fuego-1080x1350-3-1-1638x2048.gif 1638w\" alt=\"\" width=\"205\" height=\"256\" \/><\/p>\n<p style=\"text-align: center;\"><img loading=\"lazy\" decoding=\"async\" class=\"size-medium wp-image-19091 alignleft\" src=\"https:\/\/www.sportchaco.com.ar\/wp-content\/uploads\/2025\/05\/jETSMART-1080x1350-3-1-240x300.gif\" alt=\"\" width=\"240\" height=\"300\" srcset=\"https:\/\/www.sportchaco.com.ar\/wp-content\/uploads\/2025\/05\/jETSMART-1080x1350-3-1-240x300.gif 240w, https:\/\/www.sportchaco.com.ar\/wp-content\/uploads\/2025\/05\/jETSMART-1080x1350-3-1-819x1024.gif 819w, https:\/\/www.sportchaco.com.ar\/wp-content\/uploads\/2025\/05\/jETSMART-1080x1350-3-1-768x960.gif 768w, https:\/\/www.sportchaco.com.ar\/wp-content\/uploads\/2025\/05\/jETSMART-1080x1350-3-1-1229x1536.gif 1229w, https:\/\/www.sportchaco.com.ar\/wp-content\/uploads\/2025\/05\/jETSMART-1080x1350-3-1-1638x2048.gif 1638w\" sizes=\"auto, (max-width: 240px) 100vw, 240px\" \/><\/p>\n","protected":false},"excerpt":{"rendered":"<p>10-05-2025 Los dirigentes de la Liga Chaque\u00f1a armaron el nuevo diagrama de la 8\u00aa fecha tras las suspensiones. El lunes jugar\u00e1n Estudiantes- Municipal. El martes habr\u00e1 siete encuentros y el mi\u00e9rcoles tres. Fuente Entretiempo \u00a0La lluvia no dio lugar al f\u00fatbol y la semana entrante tendr\u00e1 toda la octava fecha. Los dirigentes de la Liga &hellip;<\/p>\n","protected":false},"author":2,"featured_media":19097,"comment_status":"open","ping_status":"open","sticky":false,"template":"","format":"standard","meta":{"footnotes":""},"categories":[5],"tags":[],"class_list":["post-19096","post","type-post","status-publish","format-standard","has-post-thumbnail","hentry","category-futbol"],"_links":{"self":[{"href":"https:\/\/www.sportchaco.com.ar\/index.php?rest_route=\/wp\/v2\/posts\/19096","targetHints":{"allow":["GET"]}}],"collection":[{"href":"https:\/\/www.sportchaco.com.ar\/index.php?rest_route=\/wp\/v2\/posts"}],"about":[{"href":"https:\/\/www.sportchaco.com.ar\/index.php?rest_route=\/wp\/v2\/types\/post"}],"author":[{"embeddable":true,"href":"https:\/\/www.sportchaco.com.ar\/index.php?rest_route=\/wp\/v2\/users\/2"}],"replies":[{"embeddable":true,"href":"https:\/\/www.sportchaco.com.ar\/index.php?rest_route=%2Fwp%2Fv2%2Fcomments&post=19096"}],"version-history":[{"count":3,"href":"https:\/\/www.sportchaco.com.ar\/index.php?rest_route=\/wp\/v2\/posts\/19096\/revisions"}],"predecessor-version":[{"id":20645,"href":"https:\/\/www.sportchaco.com.ar\/index.php?rest_route=\/wp\/v2\/posts\/19096\/revisions\/20645"}],"wp:featuredmedia":[{"embeddable":true,"href":"https:\/\/www.sportchaco.com.ar\/index.php?rest_route=\/wp\/v2\/media\/19097"}],"wp:attachment":[{"href":"https:\/\/www.sportchaco.com.ar\/index.php?rest_route=%2Fwp%2Fv2%2Fmedia&parent=19096"}],"wp:term":[{"taxonomy":"category","embeddable":true,"href":"https:\/\/www.sportchaco.com.ar\/index.php?rest_route=%2Fwp%2Fv2%2Fcategories&post=19096"},{"taxonomy":"post_tag","embeddable":true,"href":"https:\/\/www.sportchaco.com.ar\/index.php?rest_route=%2Fwp%2Fv2%2Ftags&post=19096"}],"curies":[{"name":"wp","href":"https:\/\/api.w.org\/{rel}","templated":true}]}}