{"id":19099,"date":"2025-05-10T22:06:56","date_gmt":"2025-05-11T01:06:56","guid":{"rendered":"https:\/\/www.sportchaco.com.ar\/?p=19099"},"modified":"2025-05-11T00:50:42","modified_gmt":"2025-05-11T03:50:42","slug":"efemerides-del-11-de-mayo-2","status":"publish","type":"post","link":"https:\/\/www.sportchaco.com.ar\/?p=19099","title":{"rendered":"Efem\u00e9rides del 11 de mayo"},"content":{"rendered":"<div class=\"container fullwidth-entry-title-wrapper\">\n<div class=\"container-wrapper fullwidth-entry-title\">\n<header class=\"entry-header-outer\">\n<div class=\"entry-header\">\n<h1 class=\"post-title entry-title\"><\/h1>\n<\/div>\n<\/header>\n<\/div>\n<\/div>\n<div id=\"content\" class=\"site-content container\">\n<div id=\"main-content-row\" class=\"tie-row main-content-row\">\n<div class=\"main-content tie-col-md-8 tie-col-xs-12\" role=\"main\">\n<article id=\"the-post\" class=\"container-wrapper post-content tie-standard\">\n<div class=\"featured-area\">\n<div class=\"featured-area-inner\"><\/div>\n<\/div>\n<div class=\"entry-content entry clearfix\">\n<p><strong>Esta es la Efem\u00e9rides del Deporte en el Chaco de un 11 de mayo del periodista Luis Dar\u00edo Molodezky.<\/strong><\/p>\n<p>&nbsp;<\/p>\n<p><img loading=\"lazy\" decoding=\"async\" class=\"alignnone size-full wp-image-19067 aligncenter\" src=\"https:\/\/www.sportchaco.com.ar\/wp-content\/uploads\/2025\/05\/Luis-2025-marzo-3-300x229-2.jpg\" alt=\"\" width=\"300\" height=\"229\" \/><\/p>\n<p>&nbsp;<\/p>\n<p><strong>1979\u00a0<\/strong>\/ Primera convocatoria al Seleccionado Juvenil de B\u00e1squetbol de Gabriel Milovich, jugador saenzpe\u00f1ense de 2 metros, con miras al Mundial de Brasil.<\/p>\n<p><strong>1980\u00a0<\/strong>\/ Se funda el Aero Club de Santa Sylvina. La comisi\u00f3n la integran como presidente Daniel De Arriba, vice David Castellano, secretario H\u00e9ctor Ossigus. Pro Rub\u00e9n Cruz. Tesorero Jorge Carlos Echiarre, pro Juan Onsiak.<\/p>\n<p><strong>1980\u00a0<\/strong>\/ Colegio Nacional gan\u00f3 el Intercolegial de B\u00e1squetbol al derrotar en la final a Escuela de Comercio 71 a 67. El plantel campe\u00f3n Sergio Goya, Julio Brisihelli, Jorge L\u00f3pez, Luis Craiyasich, Marcelo Andreatta, Walter Dosso, Luis Copello, Gustavo Villafa\u00f1e, Ren\u00e9 Beveraggi y Guillermo Tuckey. DT: Marcos Goicoechea.<\/p>\n<p><strong>1984\u00a0<\/strong>\/ Fundaci\u00f3n del Club Deportivo Policial.<\/p>\n<p><strong>\u00a02012\u00a0<\/strong><strong>\/<\/strong>\u00a0Uni\u00f3n Progresista. asciende a la Liga Nacional de B\u00e1squet al vencer a Argentino de Jun\u00edn por 70 a 67 (32-38), cerrando de esta manera la serie 3 a 0. As\u00ed el equipo villangelense vuelve a la m\u00e1xima categor\u00eda del b\u00e1squetbol argentino luego de 25 a\u00f1os.\u00a0\u00a0 Integraron el plantel campe\u00f3n V\u00edctor Cajal, Cristian Schoppler, Gonzalo Laphitzborde, Greg Dilligard, Lisandro Rasio, C\u00e9sar Avalle, Pablo Osores, Gonzalo Gorostiaga, Mauro Aleksandrowicz. DT: Jorge Lobera.<\/p>\n<p>&nbsp;<\/p>\n<p><img loading=\"lazy\" decoding=\"async\" class=\"alignnone size-medium wp-image-19021\" src=\"https:\/\/www.sportchaco.com.ar\/wp-content\/uploads\/2025\/05\/120x200-1-180x300.gif\" alt=\"\" width=\"180\" height=\"300\" \/><img loading=\"lazy\" decoding=\"async\" class=\"alignnone size-medium wp-image-19061 alignleft\" src=\"https:\/\/www.sportchaco.com.ar\/wp-content\/uploads\/2025\/05\/Banners-creditos-otorgados-al-campo_300x600-1-150x300.gif\" alt=\"\" width=\"150\" height=\"300\" srcset=\"https:\/\/www.sportchaco.com.ar\/wp-content\/uploads\/2025\/05\/Banners-creditos-otorgados-al-campo_300x600-1-150x300.gif 150w, https:\/\/www.sportchaco.com.ar\/wp-content\/uploads\/2025\/05\/Banners-creditos-otorgados-al-campo_300x600-1-512x1024.gif 512w\" sizes=\"auto, (max-width: 150px) 100vw, 150px\" \/><\/p>\n<p>&nbsp;<\/p>\n<p><img loading=\"lazy\" decoding=\"async\" class=\"alignnone size-medium wp-image-9225\" src=\"https:\/\/www.sportchaco.com.ar\/wp-content\/uploads\/2024\/05\/Union-Progresista-a-la-LNB-2012-chica-300x164.png\" sizes=\"auto, (max-width: 300px) 100vw, 300px\" srcset=\"https:\/\/www.sportchaco.com.ar\/wp-content\/uploads\/2024\/05\/Union-Progresista-a-la-LNB-2012-chica-300x164.png 300w, https:\/\/www.sportchaco.com.ar\/wp-content\/uploads\/2024\/05\/Union-Progresista-a-la-LNB-2012-chica-768x420.png 768w, https:\/\/www.sportchaco.com.ar\/wp-content\/uploads\/2024\/05\/Union-Progresista-a-la-LNB-2012-chica.png 922w\" alt=\"\" width=\"300\" height=\"164\" \/><\/p>\n<p><strong>Foto portada Uni\u00f3n Progresista 2012, asciende por segunda vez a la Liga Argentina.<\/strong><\/p>\n<p>&nbsp;<\/p>\n<\/div>\n<\/article>\n<\/div>\n<\/div>\n<\/div>\n","protected":false},"excerpt":{"rendered":"<p>Esta es la Efem\u00e9rides del Deporte en el Chaco de un 11 de mayo del periodista Luis Dar\u00edo Molodezky. &nbsp; &nbsp; 1979\u00a0\/ Primera convocatoria al Seleccionado Juvenil de B\u00e1squetbol de Gabriel Milovich, jugador saenzpe\u00f1ense de 2 metros, con miras al Mundial de Brasil. 1980\u00a0\/ Se funda el Aero Club de Santa Sylvina. La comisi\u00f3n la &hellip;<\/p>\n","protected":false},"author":2,"featured_media":19100,"comment_status":"open","ping_status":"open","sticky":false,"template":"","format":"standard","meta":{"footnotes":""},"categories":[45,35],"tags":[],"class_list":["post-19099","post","type-post","status-publish","format-standard","has-post-thumbnail","hentry","category-efemerides-dia-por-dia","category-mayo"],"_links":{"self":[{"href":"https:\/\/www.sportchaco.com.ar\/index.php?rest_route=\/wp\/v2\/posts\/19099","targetHints":{"allow":["GET"]}}],"collection":[{"href":"https:\/\/www.sportchaco.com.ar\/index.php?rest_route=\/wp\/v2\/posts"}],"about":[{"href":"https:\/\/www.sportchaco.com.ar\/index.php?rest_route=\/wp\/v2\/types\/post"}],"author":[{"embeddable":true,"href":"https:\/\/www.sportchaco.com.ar\/index.php?rest_route=\/wp\/v2\/users\/2"}],"replies":[{"embeddable":true,"href":"https:\/\/www.sportchaco.com.ar\/index.php?rest_route=%2Fwp%2Fv2%2Fcomments&post=19099"}],"version-history":[{"count":2,"href":"https:\/\/www.sportchaco.com.ar\/index.php?rest_route=\/wp\/v2\/posts\/19099\/revisions"}],"predecessor-version":[{"id":19124,"href":"https:\/\/www.sportchaco.com.ar\/index.php?rest_route=\/wp\/v2\/posts\/19099\/revisions\/19124"}],"wp:featuredmedia":[{"embeddable":true,"href":"https:\/\/www.sportchaco.com.ar\/index.php?rest_route=\/wp\/v2\/media\/19100"}],"wp:attachment":[{"href":"https:\/\/www.sportchaco.com.ar\/index.php?rest_route=%2Fwp%2Fv2%2Fmedia&parent=19099"}],"wp:term":[{"taxonomy":"category","embeddable":true,"href":"https:\/\/www.sportchaco.com.ar\/index.php?rest_route=%2Fwp%2Fv2%2Fcategories&post=19099"},{"taxonomy":"post_tag","embeddable":true,"href":"https:\/\/www.sportchaco.com.ar\/index.php?rest_route=%2Fwp%2Fv2%2Ftags&post=19099"}],"curies":[{"name":"wp","href":"https:\/\/api.w.org\/{rel}","templated":true}]}}