{"id":19169,"date":"2025-05-12T19:24:28","date_gmt":"2025-05-12T22:24:28","guid":{"rendered":"https:\/\/www.sportchaco.com.ar\/?p=19169"},"modified":"2025-05-12T19:24:28","modified_gmt":"2025-05-12T22:24:28","slug":"guiraldes-abrio-la-fecha-ganando","status":"publish","type":"post","link":"https:\/\/www.sportchaco.com.ar\/?p=19169","title":{"rendered":"G\u00fciraldes abri\u00f3 la fecha ganando"},"content":{"rendered":"<p><strong>12-05-2025<\/strong><\/p>\n<p><img loading=\"lazy\" decoding=\"async\" class=\"aligncenter wp-image-17927 size-large\" src=\"https:\/\/www.sportchaco.com.ar\/wp-content\/uploads\/2025\/04\/Banners-ruta-13_720x90-1-1-1024x128.gif\" sizes=\"auto, (max-width: 1024px) 100vw, 1024px\" srcset=\"https:\/\/www.sportchaco.com.ar\/wp-content\/uploads\/2025\/04\/Banners-ruta-13_720x90-1-1-1024x128.gif 1024w, https:\/\/www.sportchaco.com.ar\/wp-content\/uploads\/2025\/04\/Banners-ruta-13_720x90-1-1-300x37.gif 300w, https:\/\/www.sportchaco.com.ar\/wp-content\/uploads\/2025\/04\/Banners-ruta-13_720x90-1-1-768x96.gif 768w\" alt=\"\" width=\"1024\" height=\"128\" \/><\/p>\n<p>Tras las lluvias que pospusieron la semana pasada el inicio de la 8\u00aa fecha, este lunes se jug\u00f3 el partido entre UPCP y Deportivo G\u00fciraldes con triunfo de la visita.<\/p>\n<p>El encuentro se jug\u00f3 en Villa Libertad, cancha de Regional, y le permiti\u00f3 al \u00abG\u00fcira\u00bb trepar a la segunda colocaci\u00f3n de la tabla de posiciones, detr\u00e1s de Los L\u00edricos.<\/p>\n<p>Este martes y mi\u00e9rcoles continuar\u00e1 la jornada de la fecha del ascenso liguista.<\/p>\n<p><b><strong>TORNEO OFICIAL \u00abADRI\u00c1N DAR\u00cdO PARRA\u00bb<\/strong><br \/>\nTODA LA 8\u00aa FECHA<br \/>\n<\/b><strong><b>Lunes 12-05<\/b><br \/>\n<\/strong>UPCP 1 &#8211; Dep. G\u00fciraldes 2, en Regional<\/p>\n<p><strong>Martes 13-05<\/strong><br \/>\nA las 16, Banfield &#8211; V\u00e9lez, en Chaco Hebr\u00f3n<br \/>\nA las 17, Dep. Zona Sur &#8211; Dep. Barber\u00e1n, en Defensores<br \/>\nA las 20, San Fernando &#8211; DEF<\/p>\n<p><strong>Mi\u00e9rcoles14-05<\/strong><br \/>\nA las 16, FC Barber\u00e1n &#8211; C. E. de Comercio, en Estudiantes<br \/>\nA las 16, Bariloche FC &#8211; Dep. Esperanza, en Bancarios<br \/>\nA las 16, Confraternidad &#8211; Parque Patricios, en Defensores<br \/>\nA las 16, Camioneros &#8211; Dogos<br \/>\nA las 16, Canallas del Sur &#8211; Uni\u00f3n del Sur<br \/>\nA las 16, Dep. Sameep &#8211; Municipales, en Regional<br \/>\nA las 20, Chaco Hebr\u00f3n &#8211; Los L\u00edricos<\/p>\n<p><strong>Libre:<\/strong> Centauro FC<\/p>\n<p><strong>POSICIONES<\/strong><br \/>\nLos L\u00edricos 19<br \/>\nDep. G\u00fciraldes 16<br \/>\nC. E. de Comercio 15<br \/>\nDep. Esperanza 15<br \/>\nParque Patricios 14<br \/>\nSan Fernando 13<br \/>\nCanallas del Sur 13<br \/>\nMunicipales 13<br \/>\nUPCP 12<br \/>\nConfraternidad 11<br \/>\nCamioneros 8<br \/>\nV\u00e9lez 8<br \/>\nFC Barber\u00e1n 6<br \/>\nUni\u00f3n del Sur 7<br \/>\nChaco Hebr\u00f3n 7<br \/>\nDep. Barber\u00e1n 6<br \/>\nLos Dogos 5<br \/>\nDep. Sameep 3*<br \/>\nBariloche FC 3<br \/>\nCentauro FC 2<br \/>\nDEF 2*<br \/>\nDep. Zona Sur 1<br \/>\n<em>*Deben su partido de la 7\u00aa fecha<\/em><\/p>\n<p><em><strong>Foto: Prensa Dep. G\u00fciraldes<\/strong><\/em><\/p>\n<p>&nbsp;<\/p>\n<p><img loading=\"lazy\" decoding=\"async\" class=\"aligncenter wp-image-17935 size-large\" src=\"https:\/\/www.sportchaco.com.ar\/wp-content\/uploads\/2025\/04\/Red-de-empleos-1080x1350-2-819x1024.gif\" sizes=\"auto, (max-width: 819px) 100vw, 819px\" srcset=\"https:\/\/www.sportchaco.com.ar\/wp-content\/uploads\/2025\/04\/Red-de-empleos-1080x1350-2-819x1024.gif 819w, https:\/\/www.sportchaco.com.ar\/wp-content\/uploads\/2025\/04\/Red-de-empleos-1080x1350-2-240x300.gif 240w, https:\/\/www.sportchaco.com.ar\/wp-content\/uploads\/2025\/04\/Red-de-empleos-1080x1350-2-768x960.gif 768w, https:\/\/www.sportchaco.com.ar\/wp-content\/uploads\/2025\/04\/Red-de-empleos-1080x1350-2-1229x1536.gif 1229w, https:\/\/www.sportchaco.com.ar\/wp-content\/uploads\/2025\/04\/Red-de-empleos-1080x1350-2-1638x2048.gif 1638w\" alt=\"\" width=\"819\" height=\"1024\" \/><\/p>\n","protected":false},"excerpt":{"rendered":"<p>12-05-2025 Tras las lluvias que pospusieron la semana pasada el inicio de la 8\u00aa fecha, este lunes se jug\u00f3 el partido entre UPCP y Deportivo G\u00fciraldes con triunfo de la visita. El encuentro se jug\u00f3 en Villa Libertad, cancha de Regional, y le permiti\u00f3 al \u00abG\u00fcira\u00bb trepar a la segunda colocaci\u00f3n de la tabla de &hellip;<\/p>\n","protected":false},"author":3,"featured_media":19170,"comment_status":"open","ping_status":"open","sticky":false,"template":"","format":"standard","meta":{"footnotes":""},"categories":[5],"tags":[],"class_list":["post-19169","post","type-post","status-publish","format-standard","has-post-thumbnail","hentry","category-futbol"],"_links":{"self":[{"href":"https:\/\/www.sportchaco.com.ar\/index.php?rest_route=\/wp\/v2\/posts\/19169","targetHints":{"allow":["GET"]}}],"collection":[{"href":"https:\/\/www.sportchaco.com.ar\/index.php?rest_route=\/wp\/v2\/posts"}],"about":[{"href":"https:\/\/www.sportchaco.com.ar\/index.php?rest_route=\/wp\/v2\/types\/post"}],"author":[{"embeddable":true,"href":"https:\/\/www.sportchaco.com.ar\/index.php?rest_route=\/wp\/v2\/users\/3"}],"replies":[{"embeddable":true,"href":"https:\/\/www.sportchaco.com.ar\/index.php?rest_route=%2Fwp%2Fv2%2Fcomments&post=19169"}],"version-history":[{"count":1,"href":"https:\/\/www.sportchaco.com.ar\/index.php?rest_route=\/wp\/v2\/posts\/19169\/revisions"}],"predecessor-version":[{"id":19171,"href":"https:\/\/www.sportchaco.com.ar\/index.php?rest_route=\/wp\/v2\/posts\/19169\/revisions\/19171"}],"wp:featuredmedia":[{"embeddable":true,"href":"https:\/\/www.sportchaco.com.ar\/index.php?rest_route=\/wp\/v2\/media\/19170"}],"wp:attachment":[{"href":"https:\/\/www.sportchaco.com.ar\/index.php?rest_route=%2Fwp%2Fv2%2Fmedia&parent=19169"}],"wp:term":[{"taxonomy":"category","embeddable":true,"href":"https:\/\/www.sportchaco.com.ar\/index.php?rest_route=%2Fwp%2Fv2%2Fcategories&post=19169"},{"taxonomy":"post_tag","embeddable":true,"href":"https:\/\/www.sportchaco.com.ar\/index.php?rest_route=%2Fwp%2Fv2%2Ftags&post=19169"}],"curies":[{"name":"wp","href":"https:\/\/api.w.org\/{rel}","templated":true}]}}