{"id":19180,"date":"2025-05-12T19:51:20","date_gmt":"2025-05-12T22:51:20","guid":{"rendered":"https:\/\/www.sportchaco.com.ar\/?p=19180"},"modified":"2025-05-12T19:51:38","modified_gmt":"2025-05-12T22:51:38","slug":"el-italiano-carlo-ancelotti-sera-el-dt-de-brasil-contrato-millonario-y-algunas-exigencias","status":"publish","type":"post","link":"https:\/\/www.sportchaco.com.ar\/?p=19180","title":{"rendered":"El italiano Carlo Ancelotti ser\u00e1 el DT de Brasil"},"content":{"rendered":"<div class=\"articulo__header\">\n<div class=\"articulo__volanta\"><a href=\"https:\/\/www.lanueva.com\/seccion\/futbol\"><span class=\"nota__volanta--text\">F\u00fatbol.<\/span><\/a><\/div>\n<\/div>\n<h1 class=\"articulo__titulo\">El italiano Carlo Ancelotti ser\u00e1 el DT de Brasil<\/h1>\n<div class=\"articulo__intro\">\n<p>&nbsp;<\/p>\n<\/div>\n<div class=\"articulo__body\">\n<div class=\"articulo__share\"><\/div>\n<div class=\"articulo__cuerpo\">\n<div id=\"autor-opn\" class=\"articulo__opinologo contenedor-gral\"><\/div>\n<p>La\u00a0Confederaci\u00f3n Brasile\u00f1a de F\u00fatbol\u00a0(CBF) anunci\u00f3 la contrataci\u00f3n de\u00a0Carlo Ancelotti\u00a0como nuevo director t\u00e9cnico de la selecci\u00f3n nacional. El experimentado entrenador italiano asumir\u00e1 oficialmente el cargo una vez finalizada la temporada 2024\/25 de La Liga con el\u00a0Real Madrid.<\/p>\n<p>El DT de 65 a\u00f1os, firm\u00f3 un contrato que lo vincular\u00e1 con la \u201cCanarinha\u201d hasta el final de la Copa del Mundo de 2026. Ser\u00e1 la primera vez en la historia que la selecci\u00f3n brasile\u00f1a est\u00e9 dirigida por un entrenador extranjero.<\/p>\n<p>En el acuerdo figura tambi\u00e9n la organizaci\u00f3n de un amistoso internacional entre\u00a0Brasil y el Real Madrid, como parte del v\u00ednculo especial entre el club espa\u00f1ol y el t\u00e9cnico italiano.<\/p>\n<div class=\"newsletter\">\n<form class=\"search-lightbox__form i-amphtml-form\" method=\"POST\" novalidate=\"\" target=\"_top\">\n<div class=\"form__field has-addons\">\n<div class=\"form__control\"><\/div>\n<\/div>\n<\/form>\n<\/div>\n<p>Ancelotti llegar\u00e1 a R\u00edo de Janeiro el\u00a0pr\u00f3ximo 26 del corriente, y poco despu\u00e9s anunciar\u00e1 su primera convocatoria para los partidos de Eliminatorias Sudamericanas ante Ecuador y Paraguay, programados para los d\u00edas 5 y 10 de junio respectivamente.<\/p>\n<p><strong>Cu\u00e1nto cobrar\u00e1<\/strong><\/p>\n<p>La negociaci\u00f3n fue liderada por el empresario del mercado financiero\u00a0Diego Fernandes, quien actu\u00f3 en nombre de la entidad brasile\u00f1a. El acuerdo contempla un salario mensual de\u00a04 millones de reales, adem\u00e1s de un bono de\u00a05 millones de euros\u00a0si logra consagrarse campe\u00f3n del mundo en 2026. Es decir, embolsar\u00e1 9, 8 millones de d\u00f3lares por 14 meses.<\/p>\n<p>El contrato tambi\u00e9n incluye beneficios adicionales:\u00a0la CBF se har\u00e1 cargo del alquiler de un apartamento en R\u00edo de Janeiro y del flete de un avi\u00f3n privado para trasladar al t\u00e9cnico a Europa en determinadas ocasiones. Ancelotti dirigir\u00eda a la selecci\u00f3n durante 14 meses, coincidiendo con la recta final del ciclo rumbo al Mundial.<\/p>\n<\/div>\n<p style=\"text-align: center;\"><img loading=\"lazy\" decoding=\"async\" class=\"alignnone size-medium wp-image-19119\" src=\"https:\/\/www.sportchaco.com.ar\/wp-content\/uploads\/2025\/05\/120x200-3-180x300.gif\" alt=\"\" width=\"180\" height=\"300\" \/> <img loading=\"lazy\" decoding=\"async\" class=\"alignnone size-medium wp-image-19115\" src=\"https:\/\/www.sportchaco.com.ar\/wp-content\/uploads\/2025\/05\/PARQUE-SOLAR_720x90-01-300x38.gif\" alt=\"\" width=\"300\" height=\"38\" \/><\/p>\n<\/div>\n","protected":false},"excerpt":{"rendered":"<p>F\u00fatbol. El italiano Carlo Ancelotti ser\u00e1 el DT de Brasil &nbsp; La\u00a0Confederaci\u00f3n Brasile\u00f1a de F\u00fatbol\u00a0(CBF) anunci\u00f3 la contrataci\u00f3n de\u00a0Carlo Ancelotti\u00a0como nuevo director t\u00e9cnico de la selecci\u00f3n nacional. El experimentado entrenador italiano asumir\u00e1 oficialmente el cargo una vez finalizada la temporada 2024\/25 de La Liga con el\u00a0Real Madrid. El DT de 65 a\u00f1os, firm\u00f3 un contrato &hellip;<\/p>\n","protected":false},"author":2,"featured_media":19181,"comment_status":"open","ping_status":"open","sticky":false,"template":"","format":"standard","meta":{"footnotes":""},"categories":[6],"tags":[],"class_list":["post-19180","post","type-post","status-publish","format-standard","has-post-thumbnail","hentry","category-internacionales"],"_links":{"self":[{"href":"https:\/\/www.sportchaco.com.ar\/index.php?rest_route=\/wp\/v2\/posts\/19180","targetHints":{"allow":["GET"]}}],"collection":[{"href":"https:\/\/www.sportchaco.com.ar\/index.php?rest_route=\/wp\/v2\/posts"}],"about":[{"href":"https:\/\/www.sportchaco.com.ar\/index.php?rest_route=\/wp\/v2\/types\/post"}],"author":[{"embeddable":true,"href":"https:\/\/www.sportchaco.com.ar\/index.php?rest_route=\/wp\/v2\/users\/2"}],"replies":[{"embeddable":true,"href":"https:\/\/www.sportchaco.com.ar\/index.php?rest_route=%2Fwp%2Fv2%2Fcomments&post=19180"}],"version-history":[{"count":2,"href":"https:\/\/www.sportchaco.com.ar\/index.php?rest_route=\/wp\/v2\/posts\/19180\/revisions"}],"predecessor-version":[{"id":19183,"href":"https:\/\/www.sportchaco.com.ar\/index.php?rest_route=\/wp\/v2\/posts\/19180\/revisions\/19183"}],"wp:featuredmedia":[{"embeddable":true,"href":"https:\/\/www.sportchaco.com.ar\/index.php?rest_route=\/wp\/v2\/media\/19181"}],"wp:attachment":[{"href":"https:\/\/www.sportchaco.com.ar\/index.php?rest_route=%2Fwp%2Fv2%2Fmedia&parent=19180"}],"wp:term":[{"taxonomy":"category","embeddable":true,"href":"https:\/\/www.sportchaco.com.ar\/index.php?rest_route=%2Fwp%2Fv2%2Fcategories&post=19180"},{"taxonomy":"post_tag","embeddable":true,"href":"https:\/\/www.sportchaco.com.ar\/index.php?rest_route=%2Fwp%2Fv2%2Ftags&post=19180"}],"curies":[{"name":"wp","href":"https:\/\/api.w.org\/{rel}","templated":true}]}}