{"id":19215,"date":"2025-05-13T11:51:03","date_gmt":"2025-05-13T14:51:03","guid":{"rendered":"https:\/\/www.sportchaco.com.ar\/?p=19215"},"modified":"2025-05-13T18:28:37","modified_gmt":"2025-05-13T21:28:37","slug":"leyendas-y-jovenes-promesas-en-el-torneo-de-ajedrez-de-las-palmas","status":"publish","type":"post","link":"https:\/\/www.sportchaco.com.ar\/?p=19215","title":{"rendered":"Leyendas y j\u00f3venes promesas en el Torneo de Ajedrez de Las Palmas"},"content":{"rendered":"<p><strong>13-05-2025<\/strong><\/p>\n<p><img loading=\"lazy\" decoding=\"async\" class=\"aligncenter wp-image-19115 size-full\" src=\"https:\/\/www.sportchaco.com.ar\/wp-content\/uploads\/2025\/05\/PARQUE-SOLAR_720x90-01.gif\" alt=\"\" width=\"720\" height=\"90\" \/><\/p>\n<p>Este s\u00e1bado 17 de mayo, Las Palmas, la primera localidad Argentina en tener luz el\u00e9ctrica, en el marco de la celebraci\u00f3n de su 143\u00b0 aniversario con un Torneo Internacional de Ajedrez (IRT) que reunir\u00e1 a jugadores de todas las edades y niveles.<\/p>\n<p>Desde el legendario Juan Carlos Stefani (86 a\u00f1os), fundador del ajedrez palme\u00f1o el jugador de mayor edad en la actividad deportiva, hasta Noah Zalazar (5 a\u00f1os), el jugador m\u00e1s joven de Chaco en el ranking internacional, el torneo promete emociones fuertes.<\/p>\n<p>Destacados ajedrecistas locales Campeones chaque\u00f1os como Cristian Pintos, Leonardo Coriat, Santiago Vera y Rodrigo Cantero tambi\u00e9n participar\u00e1n.<\/p>\n<p>El evento, a las 14 horas en el Sal\u00f3n Cultural Crisanto Dom\u00ednguez, es organizado por la Intendencia y la Secretar\u00eda de Cultura, con la fiscalizaci\u00f3n de las federaciones de ajedrez de Chaco, Argentina e Internacional. Contacto e inscripci\u00f3n 3625203686.<\/p>\n<p><img loading=\"lazy\" decoding=\"async\" class=\"aligncenter wp-image-19119 size-full\" src=\"https:\/\/www.sportchaco.com.ar\/wp-content\/uploads\/2025\/05\/120x200-3.gif\" alt=\"\" width=\"251\" height=\"418\" \/><\/p>\n","protected":false},"excerpt":{"rendered":"<p>13-05-2025 Este s\u00e1bado 17 de mayo, Las Palmas, la primera localidad Argentina en tener luz el\u00e9ctrica, en el marco de la celebraci\u00f3n de su 143\u00b0 aniversario con un Torneo Internacional de Ajedrez (IRT) que reunir\u00e1 a jugadores de todas las edades y niveles. Desde el legendario Juan Carlos Stefani (86 a\u00f1os), fundador del ajedrez palme\u00f1o &hellip;<\/p>\n","protected":false},"author":2,"featured_media":19216,"comment_status":"open","ping_status":"open","sticky":false,"template":"","format":"standard","meta":{"footnotes":""},"categories":[64],"tags":[],"class_list":["post-19215","post","type-post","status-publish","format-standard","has-post-thumbnail","hentry","category-ajedrez"],"_links":{"self":[{"href":"https:\/\/www.sportchaco.com.ar\/index.php?rest_route=\/wp\/v2\/posts\/19215","targetHints":{"allow":["GET"]}}],"collection":[{"href":"https:\/\/www.sportchaco.com.ar\/index.php?rest_route=\/wp\/v2\/posts"}],"about":[{"href":"https:\/\/www.sportchaco.com.ar\/index.php?rest_route=\/wp\/v2\/types\/post"}],"author":[{"embeddable":true,"href":"https:\/\/www.sportchaco.com.ar\/index.php?rest_route=\/wp\/v2\/users\/2"}],"replies":[{"embeddable":true,"href":"https:\/\/www.sportchaco.com.ar\/index.php?rest_route=%2Fwp%2Fv2%2Fcomments&post=19215"}],"version-history":[{"count":3,"href":"https:\/\/www.sportchaco.com.ar\/index.php?rest_route=\/wp\/v2\/posts\/19215\/revisions"}],"predecessor-version":[{"id":19231,"href":"https:\/\/www.sportchaco.com.ar\/index.php?rest_route=\/wp\/v2\/posts\/19215\/revisions\/19231"}],"wp:featuredmedia":[{"embeddable":true,"href":"https:\/\/www.sportchaco.com.ar\/index.php?rest_route=\/wp\/v2\/media\/19216"}],"wp:attachment":[{"href":"https:\/\/www.sportchaco.com.ar\/index.php?rest_route=%2Fwp%2Fv2%2Fmedia&parent=19215"}],"wp:term":[{"taxonomy":"category","embeddable":true,"href":"https:\/\/www.sportchaco.com.ar\/index.php?rest_route=%2Fwp%2Fv2%2Fcategories&post=19215"},{"taxonomy":"post_tag","embeddable":true,"href":"https:\/\/www.sportchaco.com.ar\/index.php?rest_route=%2Fwp%2Fv2%2Ftags&post=19215"}],"curies":[{"name":"wp","href":"https:\/\/api.w.org\/{rel}","templated":true}]}}