{"id":19222,"date":"2025-05-13T12:48:15","date_gmt":"2025-05-13T15:48:15","guid":{"rendered":"https:\/\/www.sportchaco.com.ar\/?p=19222"},"modified":"2025-05-13T12:52:24","modified_gmt":"2025-05-13T15:52:24","slug":"roberto-marioni-dirigira-sarmiento","status":"publish","type":"post","link":"https:\/\/www.sportchaco.com.ar\/?p=19222","title":{"rendered":"Roberto Marioni dirigir\u00e1 Sarmiento"},"content":{"rendered":"<p class=\"epigrafe \"><strong>13-05-2025<\/strong><\/p>\n<p><img loading=\"lazy\" decoding=\"async\" class=\"aligncenter wp-image-19115 size-full\" src=\"https:\/\/www.sportchaco.com.ar\/wp-content\/uploads\/2025\/05\/PARQUE-SOLAR_720x90-01.gif\" alt=\"\" width=\"720\" height=\"90\" \/><\/p>\n<p>Se devel\u00f3 la inc\u00f3gnita del entrenador de Sarmiento, ser\u00e1 Roberto Gustavo Marioni, que viene a reemplazar al renunciante Miguel Urbina. Marioni ya estuvo este martes por la ma\u00f1ana observando la pr\u00e1ctica del plantel, y asumir\u00e1 inmediatamente el compromiso, justamente ante Boca Unidos, en Corrientes, el domingo a las 15:30.<\/p>\n<p>Marioni, tiene 64 a\u00f1os y fue el habitual \u201cbombero\u201d en situaciones complicadas del equipo correntino. Permanente colaborador en las divisiones formativas de Boca Unidos, dirigi\u00f3 por \u00faltima vez a fines del a\u00f1o pasado donde lo salv\u00f3 a Boca de un descenso seguro. Ten\u00eda ganas de continuar al frente del equipo, pero el fondo de inversi\u00f3n que lleg\u00f3 al club lo termin\u00f3 excluyendo.<\/p>\n<p>A partir de ahora tomar\u00e1 el comando de un barco que se ven\u00eda a pique, con jugadores cuestionados y recientemente \u201cvisitados\u201d por la barra brava. Sabe Marioni de estos desaf\u00edos, y estar\u00e1 en \u00e9l poder encauzar la situaci\u00f3n cuando se est\u00e1 por empezar a jugar la segunda rueda de la primera fase. Si Sarmiento que hoy est\u00e1 \u00faltimo en la tabla de posiciones de la zona 4, no logra quedar entre los cuatro primeros que disputar\u00e1n el primer ascenso, deber\u00e1 jugar la zona Rev\u00e1lida para evitar en primer orden perder la categor\u00eda, y luego ir por el camino largo de los play off al segundo ascenso que ofrece el federal \u201cA\u201d, a la Primera nacional. Fuente Entretiempo<\/p>\n<p><strong>QUIEN ES ROBERTO MARIONI<br \/>\n<\/strong><span style=\"color: #000000;\">Naci\u00f3 en <a style=\"color: #000000;\" title=\"Coronda\" href=\"https:\/\/es.wikipedia.org\/wiki\/Coronda\">Coronda<\/a>,\u00a0<a style=\"color: #000000;\" title=\"Provincia de Santa Fe\" href=\"https:\/\/es.wikipedia.org\/wiki\/Provincia_de_Santa_Fe\">Santa Fe<\/a>,\u00a0<a style=\"color: #000000;\" title=\"Argentina\" href=\"https:\/\/es.wikipedia.org\/wiki\/Argentina\">Argentina<\/a>; 28 de julio de 1960 es un ex<a style=\"color: #000000;\" title=\"Futbolista\" href=\"https:\/\/es.wikipedia.org\/wiki\/Futbolista\">futbolista<\/a>\u00a0<a class=\"mw-redirect\" style=\"color: #000000;\" title=\"Argentino\" href=\"https:\/\/es.wikipedia.org\/wiki\/Argentino\">argentino<\/a>\u00a0y actual coordinador de f\u00fatbol de inferiores en el\u00a0<a style=\"color: #000000;\" title=\"Club Atl\u00e9tico Boca Unidos\" href=\"https:\/\/es.wikipedia.org\/wiki\/Club_Atl%C3%A9tico_Boca_Unidos\">Club Atl\u00e9tico Boca Unidos<\/a>. Luego de la renuncia de\u00a0<a style=\"color: #000000;\" title=\"Ra\u00fal Est\u00e9vez\" href=\"https:\/\/es.wikipedia.org\/wiki\/Ra%C3%BAl_Est%C3%A9vez\">Ra\u00fal Estevez<\/a>\u00a0En el equipo Titular Asumi\u00f3 el Cargo como entrenador.<\/span><\/p>\n<div class=\"mw-heading mw-heading2\">\n<h2 id=\"Trayectoria\"><span style=\"color: #000000;\">Trayectoria<\/span><\/h2>\n<\/div>\n<p><span style=\"color: #000000;\">Debut\u00f3 en Primera en el equipo\u00a0<a style=\"color: #000000;\" title=\"Club Atl\u00e9tico Col\u00f3n\" href=\"https:\/\/es.wikipedia.org\/wiki\/Club_Atl%C3%A9tico_Col%C3%B3n\">Col\u00f3n<\/a>\u00a0de\u00a0<a style=\"color: #000000;\" title=\"Argentina\" href=\"https:\/\/es.wikipedia.org\/wiki\/Argentina\">Argentina<\/a>, y luego de 20 partidos jugados, el equipo descendi\u00f3 a la \u00abB\u00bb nacional a los pocos d\u00edas de haber firmado su primer contrato con 20 a\u00f1os de edad.,<sup id=\"cite_ref-1\" class=\"mw-references reference separada\"><a style=\"color: #000000;\" href=\"https:\/\/es.wikipedia.org\/wiki\/Roberto_Marioni#cite_note-1\"><span class=\"cite-bracket\">[<\/span>1<span class=\"cite-bracket\">]<\/span><\/a><\/sup>\u200b comenzando all\u00ed su periplo por el f\u00fatbol de ascenso y primera divisi\u00f3n. Ascendi\u00f3 con Chacarita Juniors,<sup id=\"cite_ref-2\" class=\"mw-references reference separada\"><a style=\"color: #000000;\" href=\"https:\/\/es.wikipedia.org\/wiki\/Roberto_Marioni#cite_note-2\"><span class=\"cite-bracket\">[<\/span>2<span class=\"cite-bracket\">]<\/span><\/a><\/sup>\u200b sigui\u00f3 por Deportivo Mor\u00f3n, Temperley, Douglas Haig Chaco For Ever y Hurac\u00e1n. Era un mediocampista con mucha marca, la recuperaci\u00f3n del bal\u00f3n era su especialidad, tambi\u00e9n distribu\u00eda muy bien el juego. Luego de su paso por Hurac\u00e1n continu\u00f3 su carrera en Portugal con los clubes Benfica Castelo Branco, Alcains y Proenca a Nova. Estuvo once a\u00f1os en Europa y tras haberse retirado de la actividad fue director deportivo de clubes de la regi\u00f3n.<\/span><\/p>\n<div class=\"mw-heading mw-heading2\">\n<h2 id=\"Regreso_al_f\u00fatbol_argentino\"><span style=\"color: #000000;\"><span id=\"Regreso_al_f.C3.BAtbol_argentino\"><\/span>Regreso al f\u00fatbol argentino<\/span><\/h2>\n<\/div>\n<p><span style=\"color: #000000;\">Al regresar al pa\u00eds se incorpora al grupo de trabajo liderado por Rub\u00e9n Rossi en Col\u00f3n de Santa Fe, primeramente en el \u00e1rea de captaci\u00f3n, y luego desarrollando tareas de coordinaci\u00f3n del f\u00fatbol juvenil, siendo clave en un proceso que gener\u00f3 talentos como Alario, Bertoglio, Graciani, Mugni, Luque, Meli, Conti, por un valor aproximado de U$D 16.000.000.<sup id=\"cite_ref-3\" class=\"mw-references reference separada\"><a style=\"color: #000000;\" href=\"https:\/\/es.wikipedia.org\/wiki\/Roberto_Marioni#cite_note-3\"><span class=\"cite-bracket\">[<\/span>3<span class=\"cite-bracket\">]<\/span><\/a><\/sup>\u200b Este trabajo lo llev\u00f3 a dirigir el primer equipo, interinamente, luego de la salida de Antonio Mohamed del club, logrando una gran victoria frente a San Lorenzo.<sup id=\"cite_ref-4\" class=\"mw-references reference separada\"><\/sup>\u200b En 2012 deja la instituci\u00f3n para encarar un nuevo proyecto coordinando el f\u00fatbol juvenil de Boca Unidos de Corrientes.<sup id=\"cite_ref-5\" class=\"mw-references reference separada\"><a style=\"color: #000000;\" href=\"https:\/\/es.wikipedia.org\/wiki\/Roberto_Marioni#cite_note-5\"><span class=\"cite-bracket\">]<\/span><\/a><\/sup>\u200b Al siguiente a\u00f1o, se encara el paso decisivo en la instituci\u00f3n, comenzando a participar de la competencia nacional de juveniles de AFA, proyecto que Marioni lidera.<sup id=\"cite_ref-6\" class=\"mw-references reference separada\"><\/sup>\u200b<\/span><\/p>\n<div class=\"mw-heading mw-heading2\">\n<h2 id=\"Actualidad\"><span style=\"color: #000000;\">Actualidad<\/span><\/h2>\n<\/div>\n<p><span style=\"color: #000000;\">Actualmente contin\u00faa con las tareas de coordinador de las divisiones inferiores de Boca Unidos de Corrientes. <sup id=\"cite_ref-7\" class=\"mw-references reference separada\"><\/sup>y adem\u00e1s se ha convertido en el secretario t\u00e9cnico de la instituci\u00f3n, trabajando en el desarrollo del primer equipo. En marzo de 2016, se hace cargo interinamente de la conducci\u00f3n t\u00e9cnica del primer equipo, ante la renuncia de Ricardo Rod<\/span>r\u00edguez.<\/p>\n<p>&nbsp;<\/p>\n<p><sup id=\"cite_ref-8\" class=\"mw-references reference separada\"><img loading=\"lazy\" decoding=\"async\" class=\"aligncenter wp-image-19119 size-full\" src=\"https:\/\/www.sportchaco.com.ar\/wp-content\/uploads\/2025\/05\/120x200-3.gif\" alt=\"\" width=\"251\" height=\"418\" \/> <\/sup>\u200b<\/p>\n","protected":false},"excerpt":{"rendered":"<p>13-05-2025 Se devel\u00f3 la inc\u00f3gnita del entrenador de Sarmiento, ser\u00e1 Roberto Gustavo Marioni, que viene a reemplazar al renunciante Miguel Urbina. Marioni ya estuvo este martes por la ma\u00f1ana observando la pr\u00e1ctica del plantel, y asumir\u00e1 inmediatamente el compromiso, justamente ante Boca Unidos, en Corrientes, el domingo a las 15:30. Marioni, tiene 64 a\u00f1os y &hellip;<\/p>\n","protected":false},"author":2,"featured_media":19223,"comment_status":"open","ping_status":"open","sticky":false,"template":"","format":"standard","meta":{"footnotes":""},"categories":[5],"tags":[],"class_list":["post-19222","post","type-post","status-publish","format-standard","has-post-thumbnail","hentry","category-futbol"],"_links":{"self":[{"href":"https:\/\/www.sportchaco.com.ar\/index.php?rest_route=\/wp\/v2\/posts\/19222","targetHints":{"allow":["GET"]}}],"collection":[{"href":"https:\/\/www.sportchaco.com.ar\/index.php?rest_route=\/wp\/v2\/posts"}],"about":[{"href":"https:\/\/www.sportchaco.com.ar\/index.php?rest_route=\/wp\/v2\/types\/post"}],"author":[{"embeddable":true,"href":"https:\/\/www.sportchaco.com.ar\/index.php?rest_route=\/wp\/v2\/users\/2"}],"replies":[{"embeddable":true,"href":"https:\/\/www.sportchaco.com.ar\/index.php?rest_route=%2Fwp%2Fv2%2Fcomments&post=19222"}],"version-history":[{"count":3,"href":"https:\/\/www.sportchaco.com.ar\/index.php?rest_route=\/wp\/v2\/posts\/19222\/revisions"}],"predecessor-version":[{"id":19228,"href":"https:\/\/www.sportchaco.com.ar\/index.php?rest_route=\/wp\/v2\/posts\/19222\/revisions\/19228"}],"wp:featuredmedia":[{"embeddable":true,"href":"https:\/\/www.sportchaco.com.ar\/index.php?rest_route=\/wp\/v2\/media\/19223"}],"wp:attachment":[{"href":"https:\/\/www.sportchaco.com.ar\/index.php?rest_route=%2Fwp%2Fv2%2Fmedia&parent=19222"}],"wp:term":[{"taxonomy":"category","embeddable":true,"href":"https:\/\/www.sportchaco.com.ar\/index.php?rest_route=%2Fwp%2Fv2%2Fcategories&post=19222"},{"taxonomy":"post_tag","embeddable":true,"href":"https:\/\/www.sportchaco.com.ar\/index.php?rest_route=%2Fwp%2Fv2%2Ftags&post=19222"}],"curies":[{"name":"wp","href":"https:\/\/api.w.org\/{rel}","templated":true}]}}