{"id":19240,"date":"2025-05-13T23:22:10","date_gmt":"2025-05-14T02:22:10","guid":{"rendered":"https:\/\/www.sportchaco.com.ar\/?p=19240"},"modified":"2025-05-13T23:22:30","modified_gmt":"2025-05-14T02:22:30","slug":"19240","status":"publish","type":"post","link":"https:\/\/www.sportchaco.com.ar\/?p=19240","title":{"rendered":"Efem\u00e9rides del 14 de mayo"},"content":{"rendered":"<div class=\"container fullwidth-entry-title-wrapper\">\n<div class=\"container-wrapper fullwidth-entry-title\">\n<header class=\"entry-header-outer\">\n<div class=\"entry-header\">\n<h1 class=\"post-title entry-title\"><\/h1>\n<\/div>\n<\/header>\n<\/div>\n<\/div>\n<div id=\"content\" class=\"site-content container\">\n<div id=\"main-content-row\" class=\"tie-row main-content-row\">\n<div class=\"main-content tie-col-md-8 tie-col-xs-12\" role=\"main\">\n<article id=\"the-post\" class=\"container-wrapper post-content tie-standard\">\n<div class=\"featured-area\">\n<div class=\"featured-area-inner\"><\/div>\n<\/div>\n<div class=\"entry-content entry clearfix\">\n<h4><strong>Esta es la Efem\u00e9rides del Deporte en el Chaco de un 14 de mayo del periodista Luis Dar\u00edo Molodezky.<\/strong><\/h4>\n<p>&nbsp;<\/p>\n<p style=\"text-align: center;\"><strong> <img loading=\"lazy\" decoding=\"async\" class=\"alignnone size-full wp-image-19067\" src=\"https:\/\/www.sportchaco.com.ar\/wp-content\/uploads\/2025\/05\/Luis-2025-marzo-3-300x229-2.jpg\" alt=\"\" width=\"300\" height=\"229\" \/><\/strong><\/p>\n<p>&nbsp;<\/p>\n<p><strong><em>D\u00eda del Futbolista. La fecha se instituy\u00f3 tras el famoso\u00a0<\/em><em>partido que Argentina le gan\u00f3 3-1 a Inglaterra en el Monumental, el 14 de mayo de 1953. Fue la tarde del inolvidable gol de Ernesto Grillo. En 2021 en una controversial decisi\u00f3n de la AFA\u00a0<\/em>se lo reemplaza por el 22 de junio en conmemoraci\u00f3n al m\u00edtico gol de\u00a0<a href=\"https:\/\/es.wikipedia.org\/wiki\/Diego_Armando_Maradona\">Diego Armando Maradona<\/a>\u00a0a los ingleses en el mundial de M\u00e9xico 1986, el \u00abGol del Siglo\u00bb.<\/strong><\/p>\n<p><em> <img loading=\"lazy\" decoding=\"async\" class=\"alignnone size-medium wp-image-19242\" src=\"https:\/\/www.sportchaco.com.ar\/wp-content\/uploads\/2025\/05\/ANIBAL-CASTRO5-e1747189269404-300x257.jpg\" alt=\"\" width=\"300\" height=\"257\" srcset=\"https:\/\/www.sportchaco.com.ar\/wp-content\/uploads\/2025\/05\/ANIBAL-CASTRO5-e1747189269404-300x257.jpg 300w, https:\/\/www.sportchaco.com.ar\/wp-content\/uploads\/2025\/05\/ANIBAL-CASTRO5-e1747189269404-1024x879.jpg 1024w, https:\/\/www.sportchaco.com.ar\/wp-content\/uploads\/2025\/05\/ANIBAL-CASTRO5-e1747189269404-768x659.jpg 768w, https:\/\/www.sportchaco.com.ar\/wp-content\/uploads\/2025\/05\/ANIBAL-CASTRO5-e1747189269404-1536x1318.jpg 1536w, https:\/\/www.sportchaco.com.ar\/wp-content\/uploads\/2025\/05\/ANIBAL-CASTRO5-e1747189269404.jpg 1775w\" sizes=\"auto, (max-width: 300px) 100vw, 300px\" \/><\/em><\/p>\n<p><strong>1923 \/\u00a0<\/strong>Se funda en Presidencia Roque S\u00e1enz Pe\u00f1a el Club Central Norte, bautizado luego como General Belgrano. Sus hacedores fueron trabajadores del ferrocarril y vencino del barrio y la idea central era la pr\u00e1ctica del f\u00fatbol. Por ello se afiliaron a la Liga Centrochaque\u00f1a (hoy Liga Saenzpe\u00f1ense)<\/p>\n<p><strong>1946\u00a0<\/strong>\/ Se funda el Centro Deportivo Don Bosco. Tiene su estadio cubierto de avenidas Italia y Laprida, y es un importante escenario de concentraci\u00f3n de chicos, j\u00f3venes y adultos que practican diversas disciplinas. El b\u00e1squetbol, hist\u00f3ricamente identific\u00f3 a la entidad, pero en los \u00faltimos tiempos se incorporaron otros deportes, como tae kwon do, kung fu, Yoga, v\u00f3leibol, gimnasia modeladora y el boxeo que est\u00e1 teniendo cada vez m\u00e1s adeptos. La entidad salesiana naci\u00f3 por inquietud de j\u00f3venes que estudiaban en el Colegio Don Bosco y en el padre Horacio Iovine encontraron la respuesta esperada para avanzar con el proyecto. Una vez formalizada la creaci\u00f3n se avanz\u00f3 con la constituci\u00f3n de la primera comisi\u00f3n directiva encabezada por Antonio Scoccimarro, a quien acompa\u00f1aron Evaristo Piola (secretario); Gaspar Binaghi, Raimundo Pereno, Vicente Ferreyra y Alberto Guerra (vocales). Fueron los primeros en impulsar actividades en el club que por entonces luc\u00eda la camiseta blanca con una banda celeste.<\/p>\n<p><strong>1983\u00a0<\/strong>\/ Fallece el periodista An\u00edbal Castro. Pas\u00f3 por el servicio noticioso de la vieja Radio Chaco (luego Nacional). Hizo colaboraciones en distintas publicaciones y la muerte lo sorprendi\u00f3 trabajando en diario Norte. Su pasi\u00f3n era el boxeo, y ten\u00eda un archivo \u00fanico para la \u00e9poca. Hac\u00eda programas dedicados a la actividad<strong>. \/En la foto de portada acompa\u00f1ando a Ringo Bonavena en una exhibici\u00f3n en Resistencia<\/strong><\/p>\n<p><strong>2007\u00a0<\/strong>\/ Fallece Sergio\u00a0<em>Colorado\u00a0<\/em>Mu\u00f1oz, un deportista en toda la concepci\u00f3n de la palabra, aunque su pasi\u00f3n fue el b\u00e1squetbol. Jug\u00f3 en Athletic y Don Orione de Barraqueras, y en el Club Sarmiento. Desde que dej\u00f3 la pr\u00e1ctica activa, se incorpor\u00f3 al plantel de colaboradores de NORTE, donde permaneci\u00f3 hasta que por motivos laborales, se traslad\u00f3 a la ciudad de Rosario. Fue colaborador del departamento b\u00e1squet de Newell\u2019s Old Boys.<\/p>\n<p style=\"text-align: center;\"><img loading=\"lazy\" decoding=\"async\" class=\"alignnone size-medium wp-image-19061\" src=\"https:\/\/www.sportchaco.com.ar\/wp-content\/uploads\/2025\/05\/Banners-creditos-otorgados-al-campo_300x600-1-150x300.gif\" alt=\"\" width=\"150\" height=\"300\" srcset=\"https:\/\/www.sportchaco.com.ar\/wp-content\/uploads\/2025\/05\/Banners-creditos-otorgados-al-campo_300x600-1-150x300.gif 150w, https:\/\/www.sportchaco.com.ar\/wp-content\/uploads\/2025\/05\/Banners-creditos-otorgados-al-campo_300x600-1-512x1024.gif 512w\" sizes=\"auto, (max-width: 150px) 100vw, 150px\" \/> <img loading=\"lazy\" decoding=\"async\" class=\"alignnone size-medium wp-image-19021\" src=\"https:\/\/www.sportchaco.com.ar\/wp-content\/uploads\/2025\/05\/120x200-1-180x300.gif\" alt=\"\" width=\"180\" height=\"300\" \/><\/p>\n<\/div>\n<\/article>\n<\/div>\n<\/div>\n<\/div>\n","protected":false},"excerpt":{"rendered":"<p>Esta es la Efem\u00e9rides del Deporte en el Chaco de un 14 de mayo del periodista Luis Dar\u00edo Molodezky. &nbsp; &nbsp; D\u00eda del Futbolista. La fecha se instituy\u00f3 tras el famoso\u00a0partido que Argentina le gan\u00f3 3-1 a Inglaterra en el Monumental, el 14 de mayo de 1953. Fue la tarde del inolvidable gol de Ernesto &hellip;<\/p>\n","protected":false},"author":2,"featured_media":19241,"comment_status":"open","ping_status":"open","sticky":false,"template":"","format":"standard","meta":{"footnotes":""},"categories":[45,35],"tags":[],"class_list":["post-19240","post","type-post","status-publish","format-standard","has-post-thumbnail","hentry","category-efemerides-dia-por-dia","category-mayo"],"_links":{"self":[{"href":"https:\/\/www.sportchaco.com.ar\/index.php?rest_route=\/wp\/v2\/posts\/19240","targetHints":{"allow":["GET"]}}],"collection":[{"href":"https:\/\/www.sportchaco.com.ar\/index.php?rest_route=\/wp\/v2\/posts"}],"about":[{"href":"https:\/\/www.sportchaco.com.ar\/index.php?rest_route=\/wp\/v2\/types\/post"}],"author":[{"embeddable":true,"href":"https:\/\/www.sportchaco.com.ar\/index.php?rest_route=\/wp\/v2\/users\/2"}],"replies":[{"embeddable":true,"href":"https:\/\/www.sportchaco.com.ar\/index.php?rest_route=%2Fwp%2Fv2%2Fcomments&post=19240"}],"version-history":[{"count":2,"href":"https:\/\/www.sportchaco.com.ar\/index.php?rest_route=\/wp\/v2\/posts\/19240\/revisions"}],"predecessor-version":[{"id":19244,"href":"https:\/\/www.sportchaco.com.ar\/index.php?rest_route=\/wp\/v2\/posts\/19240\/revisions\/19244"}],"wp:featuredmedia":[{"embeddable":true,"href":"https:\/\/www.sportchaco.com.ar\/index.php?rest_route=\/wp\/v2\/media\/19241"}],"wp:attachment":[{"href":"https:\/\/www.sportchaco.com.ar\/index.php?rest_route=%2Fwp%2Fv2%2Fmedia&parent=19240"}],"wp:term":[{"taxonomy":"category","embeddable":true,"href":"https:\/\/www.sportchaco.com.ar\/index.php?rest_route=%2Fwp%2Fv2%2Fcategories&post=19240"},{"taxonomy":"post_tag","embeddable":true,"href":"https:\/\/www.sportchaco.com.ar\/index.php?rest_route=%2Fwp%2Fv2%2Ftags&post=19240"}],"curies":[{"name":"wp","href":"https:\/\/api.w.org\/{rel}","templated":true}]}}