{"id":19255,"date":"2025-05-14T11:59:00","date_gmt":"2025-05-14T14:59:00","guid":{"rendered":"https:\/\/www.sportchaco.com.ar\/?p=19255"},"modified":"2025-05-14T15:50:16","modified_gmt":"2025-05-14T18:50:16","slug":"hoy-cumple-79-anos-el-centro-deportivo-don-bosco","status":"publish","type":"post","link":"https:\/\/www.sportchaco.com.ar\/?p=19255","title":{"rendered":"Hoy cumple 79 a\u00f1os el Centro Deportivo Don Bosco"},"content":{"rendered":"<p><strong>14-05-2025<\/strong><\/p>\n<p><img loading=\"lazy\" decoding=\"async\" class=\"aligncenter wp-image-19109 size-large\" src=\"https:\/\/www.sportchaco.com.ar\/wp-content\/uploads\/2025\/05\/720x90-1024x128.gif\" alt=\"\" width=\"1024\" height=\"128\" srcset=\"https:\/\/www.sportchaco.com.ar\/wp-content\/uploads\/2025\/05\/720x90-1024x128.gif 1024w, https:\/\/www.sportchaco.com.ar\/wp-content\/uploads\/2025\/05\/720x90-300x38.gif 300w, https:\/\/www.sportchaco.com.ar\/wp-content\/uploads\/2025\/05\/720x90-768x96.gif 768w, https:\/\/www.sportchaco.com.ar\/wp-content\/uploads\/2025\/05\/720x90-1536x192.gif 1536w, https:\/\/www.sportchaco.com.ar\/wp-content\/uploads\/2025\/05\/720x90-2048x257.gif 2048w\" sizes=\"auto, (max-width: 1024px) 100vw, 1024px\" \/><\/p>\n<div>\n<p>El Centro Deportivo Don Bosco fue creado hace 74 a\u00f1os en el colegio hom\u00f3nimo con la impronta del padre Valderrama, que observ\u00f3 en los alumnos un gran potencial para la formaci\u00f3n de jugadores.<\/p>\n<p>Fue as\u00ed que se integraron equipos memorables que dejaron su sello a trav\u00e9s de los a\u00f1os brillando en toda su dimensi\u00f3n valores de la talla de Mito Outeiri\u00f1o, figura rutilante que tuvo proyecci\u00f3n y reconocimiento a nivel nacional por su superlativo nivel de juego y capacidad de goleo,\u00a0 al igual que Jorge Mac Donald, que brillara a nivel nacional por su exquisito y refinado juego, Los lungos Wilfredo y \u201cCoqui\u201d Simoni, Huesito L\u00f3pez, Wilfredo L\u00f3pez, \u201cPocholo\u201d Aguilar, Rolando Velozo, Jos\u00e9 Cabrera, Miguel Niveiro, Jorge Baldo, Chiquito Yacuzzi Roberto Valussi, \u201cGringo\u201d Davidovich, Gustavo y Jorge Palacios, \u201cTaqui\u201d Sanchez entre otros.<\/p>\n<p>La hist\u00f3rica entidad salesiana fue creada de 1946 en el Colegio Don Bosco donde se forj\u00f3 una rica historia con el surgimiento de generaciones de deportistas que brillaron en el b\u00e1squetbol principalmente.<\/p>\n<p>El padre Rolando fue clave en la gestaci\u00f3n de la creaci\u00f3n de la instituci\u00f3n y dej\u00f3 un recuerdo imborrable en su accionar porque sirvi\u00f3 para dar el puntapi\u00e9 inicial. Despu\u00e9s del Colegio Don Bosco, ubicado actualmente en Italia y Ayacucho, el club tuvo vida propia en el predio de Paraguay y French, donde hoy est\u00e1 enclavada la Escuela Industrial, y despu\u00e9s de varios a\u00f1os jug\u00f3 el equipo su \u00faltimo partido frente a Villa en 1963 en lo que fue la despedida.<\/p>\n<p>Posteriormente la sede social se traslad\u00f3 a avenidas Italia y Laprida donde hoy funciona con sus c\u00f3modas instalaciones que se fueron edificando mediante esfuerzo y trabajo constante de las diversas generaciones de directivos. A partir de este hecho los directores del Colegio Don Bosco pasaban a presidir cada comisi\u00f3n directiva formada. Tambi\u00e9n fueron relevantes con su accionar otros directivos que hicieron historia como Bruno Baldo, Luis Ise, Lorenzo Valussi, Alcides Menegz, Juan Lorenzini, Roberto Castrillo, Alberto Mc Donald y otros.<\/p>\n<\/div>\n<div class=\"entry-content\">\n<p><img loading=\"lazy\" decoding=\"async\" class=\"aligncenter wp-image-19258 size-full\" src=\"https:\/\/www.sportchaco.com.ar\/wp-content\/uploads\/2025\/05\/Don-Bosco-1-04-23.jpg\" alt=\"\" width=\"600\" height=\"600\" srcset=\"https:\/\/www.sportchaco.com.ar\/wp-content\/uploads\/2025\/05\/Don-Bosco-1-04-23.jpg 600w, https:\/\/www.sportchaco.com.ar\/wp-content\/uploads\/2025\/05\/Don-Bosco-1-04-23-300x300.jpg 300w, https:\/\/www.sportchaco.com.ar\/wp-content\/uploads\/2025\/05\/Don-Bosco-1-04-23-150x150.jpg 150w\" sizes=\"auto, (max-width: 600px) 100vw, 600px\" \/><\/p>\n<p style=\"text-align: left;\">El estadio de b\u00e1squetbol cubierto con las tribunas de cemento fue uno de los grandes logros, los vestuariosconstruidos en la parte inferior de las gradas, m\u00e1s los espacios aprovechados al m\u00e1ximo permitieron hacer posible la cancha auxiliar, m\u00e1s la sede social y la zona utilizada para la cantina. Hoy es uno de los clubes importantes de la capital que ha conseguido un crecimiento sostenido incorporando otras disciplinas que pasaron a identificar al club. Esta etapa de modernizaci\u00f3n fue inaugurada en el primer trimestre de 1987 durante la gesti\u00f3n de Carlos Alberto Bellini. En los \u00faltimos a\u00f1os se instal\u00f3 el piso flotante para dejar una de las canchas modernas que tiene el medio.<\/p>\n<p>La primera comisi\u00f3n directiva estuvo integrada por el reverendo padre Horacio Iovine como presidente honorario; Antonio Scoccimaro presidente provisorio; Evaristo Piola, secretario; doctor Gaspar Binaghi; Raimundo Pereno, Vicente Ferreyra y Alberto Guerra (vocales). A partir de este hecho los directores del Colegio Don Bosco pasaban a presidir cada comisi\u00f3n directiva formada. Tambi\u00e9n fueron relevantes con su accionar otros directivos que hicieron historia como Bruno Baldo, Luis Ise, Lorenzo Valussi, Alcides Menegz, Juan Lorenzini, Roberto Castrillo, Alberto Mc Donald y otros.<\/p>\n<p><strong>Material: Roli P\u00e9rez Beveraggi<\/strong><\/p>\n<\/div>\n<p><img loading=\"lazy\" decoding=\"async\" class=\"aligncenter wp-image-19091 size-full\" src=\"https:\/\/www.sportchaco.com.ar\/wp-content\/uploads\/2025\/05\/jETSMART-1080x1350-3-1-scaled.gif\" alt=\"\" width=\"2048\" height=\"2560\" \/><\/p>\n<div class=\"html-div xdj266r x11i5rnm xat24cr x1mh8g0r xexx8yu x4uap5 x18d9i69 xkhd6sd\">\n<div class=\"html-div xdj266r x11i5rnm xat24cr x1mh8g0r xexx8yu x4uap5 x18d9i69 xkhd6sd\" dir=\"auto\">\n<div class=\"html-div xdj266r x11i5rnm xat24cr x1mh8g0r xexx8yu x4uap5 x18d9i69 xkhd6sd\" data-ad-rendering-role=\"story_message\">\n<div id=\"\u00abr46s\u00bb\" class=\"x1l90r2v x1iorvi4 x1ye3gou xn6708d\" data-ad-comet-preview=\"message\" data-ad-preview=\"message\">\n<div class=\"x78zum5 xdt5ytf xz62fqu x16ldp7u\">\n<div class=\"xu06os2 x1ok221b\">\n<div class=\"x11i5rnm xat24cr x1mh8g0r x1vvkbs xtlvy1s x126k92a\">\n<div dir=\"auto\"><\/div>\n<\/div>\n<\/div>\n<\/div>\n<\/div>\n<\/div>\n<\/div>\n<div id=\"\u00abr46t\u00bb\" class=\"html-div xdj266r x11i5rnm xat24cr x1mh8g0r xexx8yu x4uap5 x18d9i69 xkhd6sd x1n2onr6\">\n<div class=\"html-div xdj266r x11i5rnm xat24cr x1mh8g0r xexx8yu x4uap5 x18d9i69 xkhd6sd x1n2onr6\">\n<div class=\"x6s0dn4 x1jx94hy x78zum5 xdt5ytf x6ikm8r x10wlt62 x1n2onr6 xh8yej3\">\n<div class=\"xqtp20y x6ikm8r x10wlt62 x1n2onr6\">\n<div class=\"x10l6tqk x13vifvy\"><\/div>\n<\/div>\n<\/div>\n<div class=\"x1nb4dca x1q0q8m5 xso031l x1exxf4d x13fuv20 x178xt8z x1ey2m1c xds687c x17qophe x47corl x10l6tqk x13vifvy\"><\/div>\n<div class=\"x1ey2m1c xds687c x17qophe xg01cxk x47corl x10l6tqk x13vifvy x1ebt8du x19991ni x1dhq9h x1o1ewxj x3x9cwd x1e5q0jg x13rtm0m\" role=\"none\" data-visualcompletion=\"ignore\"><\/div>\n<\/div>\n<div class=\"html-div xdj266r x11i5rnm xat24cr x1mh8g0r xexx8yu x4uap5 x18d9i69 xkhd6sd x6ikm8r x10wlt62\"><\/div>\n<\/div>\n<\/div>\n<div>\n<div class=\"xabvvm4 xeyy32k x1ia1hqs x1a2w583 x6ikm8r x10wlt62\" data-visualcompletion=\"ignore-dynamic\">\n<div>\n<div>\n<div>\n<div class=\"x1n2onr6\">\n<div class=\"x6s0dn4 xi81zsa x78zum5 x6prxxf x13a6bvl xvq8zen xdj266r xat24cr xkhd6sd x4uap5 x80vd3b x1q0q8m5 xso031l x16n37ib xq8finb x1y1aw1k x10b6aqq\">\n<div class=\"x6s0dn4 x78zum5 x1iyjqo2 x6ikm8r x10wlt62\"><\/div>\n<div class=\"x1c4vz4f x2lah0s xci0xqf\"><\/div>\n<div class=\"x9f619 x1ja2u2z x78zum5 x2lah0s x1n2onr6 x1qughib x1qjc9v5 xozqiw3 x1q0g3np xykv574 xbmpl8g x4cne27 xifccgj x123j3cw xs9asl8\"><\/div>\n<\/div>\n<\/div>\n<\/div>\n<\/div>\n<\/div>\n<\/div>\n<\/div>\n","protected":false},"excerpt":{"rendered":"<p>14-05-2025 El Centro Deportivo Don Bosco fue creado hace 74 a\u00f1os en el colegio hom\u00f3nimo con la impronta del padre Valderrama, que observ\u00f3 en los alumnos un gran potencial para la formaci\u00f3n de jugadores. Fue as\u00ed que se integraron equipos memorables que dejaron su sello a trav\u00e9s de los a\u00f1os brillando en toda su dimensi\u00f3n &hellip;<\/p>\n","protected":false},"author":2,"featured_media":19256,"comment_status":"open","ping_status":"open","sticky":false,"template":"","format":"standard","meta":{"footnotes":""},"categories":[3],"tags":[],"class_list":["post-19255","post","type-post","status-publish","format-standard","has-post-thumbnail","hentry","category-basquetbol"],"_links":{"self":[{"href":"https:\/\/www.sportchaco.com.ar\/index.php?rest_route=\/wp\/v2\/posts\/19255","targetHints":{"allow":["GET"]}}],"collection":[{"href":"https:\/\/www.sportchaco.com.ar\/index.php?rest_route=\/wp\/v2\/posts"}],"about":[{"href":"https:\/\/www.sportchaco.com.ar\/index.php?rest_route=\/wp\/v2\/types\/post"}],"author":[{"embeddable":true,"href":"https:\/\/www.sportchaco.com.ar\/index.php?rest_route=\/wp\/v2\/users\/2"}],"replies":[{"embeddable":true,"href":"https:\/\/www.sportchaco.com.ar\/index.php?rest_route=%2Fwp%2Fv2%2Fcomments&post=19255"}],"version-history":[{"count":4,"href":"https:\/\/www.sportchaco.com.ar\/index.php?rest_route=\/wp\/v2\/posts\/19255\/revisions"}],"predecessor-version":[{"id":19287,"href":"https:\/\/www.sportchaco.com.ar\/index.php?rest_route=\/wp\/v2\/posts\/19255\/revisions\/19287"}],"wp:featuredmedia":[{"embeddable":true,"href":"https:\/\/www.sportchaco.com.ar\/index.php?rest_route=\/wp\/v2\/media\/19256"}],"wp:attachment":[{"href":"https:\/\/www.sportchaco.com.ar\/index.php?rest_route=%2Fwp%2Fv2%2Fmedia&parent=19255"}],"wp:term":[{"taxonomy":"category","embeddable":true,"href":"https:\/\/www.sportchaco.com.ar\/index.php?rest_route=%2Fwp%2Fv2%2Fcategories&post=19255"},{"taxonomy":"post_tag","embeddable":true,"href":"https:\/\/www.sportchaco.com.ar\/index.php?rest_route=%2Fwp%2Fv2%2Ftags&post=19255"}],"curies":[{"name":"wp","href":"https:\/\/api.w.org\/{rel}","templated":true}]}}