{"id":19260,"date":"2025-05-14T12:03:28","date_gmt":"2025-05-14T15:03:28","guid":{"rendered":"https:\/\/www.sportchaco.com.ar\/?p=19260"},"modified":"2025-05-14T12:03:28","modified_gmt":"2025-05-14T15:03:28","slug":"gabriel-milito-no-dirigira-boca","status":"publish","type":"post","link":"https:\/\/www.sportchaco.com.ar\/?p=19260","title":{"rendered":"Gabriel Milito no dirigir\u00e1 Boca"},"content":{"rendered":"<div class=\"sc-b37c1a0-0 bsIcdD\">\n<section class=\"sc-d37805c6-0 kCMxjH autor\">\n<div class=\"sc-d37805c6-5 doYqjy\">\n<h1><\/h1>\n<div>\n<h4>Gabriel Milito\u00a0ya le dijo que no a\u00a0Juan Rom\u00e1n Riquelme\u00a0a la posibilidad de dirigir a\u00a0Boca Juniors\u00a0y al instante pas\u00f3 a ser favorito para un club importante que participar\u00e1 del\u00a0Mundial de Clubes 2025\u00a0de la\u00a0FIFA.<\/h4>\n<\/div>\n<\/div>\n<div class=\"container\">\n<div class=\"sc-d37805c6-1 bvwCtN autor__containerAutor\">\n<div class=\"sc-3e6cf41-0 gsIVAe\"><\/div>\n<div class=\"sc-d37805c6-2 ghvHKS autor__containerTexts\">\n<div class=\"sc-d37805c6-3 gfKYzW autor__texts\"><\/div>\n<\/div>\n<\/div>\n<div class=\"sc-d37805c6-4 RwPRj autor__social\">\n<p>&nbsp;<\/p>\n<\/div>\n<\/div>\n<div class=\"sc-3a262d23-0 eIWPGn main-imgarticle\">\n<div class=\"sc-d37805c6-6 UWaXG img-description\"><\/div>\n<\/div>\n<\/section>\n<\/div>\n<div class=\"sc-b37c1a0-0 brTqxT margin\">\n<p>&nbsp;<\/p>\n<div class=\"negative\">\n<article class=\"article\">\n<div id=\"news\">\n<p><span style=\"color: #000000;\">Juan Rom\u00e1n Riquelme\u00a0busc\u00f3 a\u00a0Gabriel Milito\u00a0desesperadamente como entrenador de\u00a0<a style=\"color: #000000;\" href=\"https:\/\/www.bocajuniors.com.ar\/\" target=\"_blank\" rel=\"noopener\">Boca Juniors<\/a>, pero parece que esta situaci\u00f3n no se va a dar o al menos por ahora porque el t\u00e9cnico argentino rechaz\u00f3 por ahora ponerse el buzo azul y oro.<\/span><\/p>\n<p>Milito por el momento no cree que est\u00e9n dadas las condiciones \u00f3ptimas para asumir en el Xeneize, a a pesar del apoyo p\u00fablico que recibido de \u00eddolos de Independiente como\u00a0Ricardo Bochini.<\/p>\n<p>El que busca a\u00a0Gabriel Milito\u00a0es nada menos que\u00a0Rayados de Monterrey, que acaba de despedir a\u00a0Mart\u00edn Demichelis\u00a0por malos resultados, que recibi\u00f3 la negativa de\u00a0Mat\u00edas Almeyda\u00a0y que ahora necesita un entrenador de calidad de cara al\u00a0Mundial de Clubes 2025, en el que tendr\u00e1 como rival a\u00a0River Plate.<\/p>\n<div class=\"MuiContainer-root MuiContainer-maxWidthLg css-1n1g3ut\">\n<div><\/div>\n<\/div>\n<div class=\"ck-related-news\">\n<div class=\"sc-4494caea-0 kJRbFH highLight article\" data-tb-region-item=\"true\">\n<p class=\"sc-4494caea-1 fbBUwl highLight__text\">El defensor que le gusta a Julio Vaccari para reemplazar a Kevin Lom\u00f3naco en Independiente<\/p>\n<\/div>\n<\/div>\n<p>Lo llamativo por el momento es que desde el entorno de Milito aseguran que nadie lo llam\u00f3, ni Riquelme, ni integrantes del Consejo de F\u00fatbol, ni del entorno.<\/p>\n<p>En cu\u00e1nto al futuro del Pelado Almeyda, muchos aseguran que tiene una oferta irrechazable de Emiratos \u00c1rabes y que apostar\u00eda por hacer la diferencia en el dinero y no en lo deportivo.<\/p>\n<div class=\"MuiContainer-root MuiContainer-maxWidthLg css-1n1g3ut\">\n<div><\/div>\n<\/div>\n<div class=\"ck-related-news\">\n<div class=\"sc-4494caea-0 kJRbFH highLight article\" data-tb-region-item=\"true\">\n<p class=\"sc-4494caea-1 fbBUwl highLight__text\">Guillermo Barros Schelotto quiere a un ex Boca para el arco de V\u00e9lez<\/p>\n<\/div>\n<\/div>\n<p><strong>Riquelme en principio no se apurar\u00e1 para designar el pr\u00f3ximo DT de Boca y esperar\u00e1 los resultados de\u00a0Mariano Herr\u00f3n\u00a0como interino en los\u00a0Playoffs del Torneo Apertura 2025\u00a0de la\u00a0Liga Profesional.<\/strong><\/p>\n<\/div>\n<p><img loading=\"lazy\" decoding=\"async\" class=\"alignnone size-medium wp-image-19119\" src=\"https:\/\/www.sportchaco.com.ar\/wp-content\/uploads\/2025\/05\/120x200-3-180x300.gif\" alt=\"\" width=\"180\" height=\"300\" \/> <img loading=\"lazy\" decoding=\"async\" class=\"alignnone size-medium wp-image-19115\" src=\"https:\/\/www.sportchaco.com.ar\/wp-content\/uploads\/2025\/05\/PARQUE-SOLAR_720x90-01-300x38.gif\" alt=\"\" width=\"300\" height=\"38\" \/><\/p>\n<\/article>\n<\/div>\n<\/div>\n","protected":false},"excerpt":{"rendered":"<p>Gabriel Milito\u00a0ya le dijo que no a\u00a0Juan Rom\u00e1n Riquelme\u00a0a la posibilidad de dirigir a\u00a0Boca Juniors\u00a0y al instante pas\u00f3 a ser favorito para un club importante que participar\u00e1 del\u00a0Mundial de Clubes 2025\u00a0de la\u00a0FIFA. &nbsp; &nbsp; Juan Rom\u00e1n Riquelme\u00a0busc\u00f3 a\u00a0Gabriel Milito\u00a0desesperadamente como entrenador de\u00a0Boca Juniors, pero parece que esta situaci\u00f3n no se va a dar o al &hellip;<\/p>\n","protected":false},"author":2,"featured_media":19261,"comment_status":"open","ping_status":"open","sticky":false,"template":"","format":"standard","meta":{"footnotes":""},"categories":[47],"tags":[],"class_list":["post-19260","post","type-post","status-publish","format-standard","has-post-thumbnail","hentry","category-nacionales"],"_links":{"self":[{"href":"https:\/\/www.sportchaco.com.ar\/index.php?rest_route=\/wp\/v2\/posts\/19260","targetHints":{"allow":["GET"]}}],"collection":[{"href":"https:\/\/www.sportchaco.com.ar\/index.php?rest_route=\/wp\/v2\/posts"}],"about":[{"href":"https:\/\/www.sportchaco.com.ar\/index.php?rest_route=\/wp\/v2\/types\/post"}],"author":[{"embeddable":true,"href":"https:\/\/www.sportchaco.com.ar\/index.php?rest_route=\/wp\/v2\/users\/2"}],"replies":[{"embeddable":true,"href":"https:\/\/www.sportchaco.com.ar\/index.php?rest_route=%2Fwp%2Fv2%2Fcomments&post=19260"}],"version-history":[{"count":1,"href":"https:\/\/www.sportchaco.com.ar\/index.php?rest_route=\/wp\/v2\/posts\/19260\/revisions"}],"predecessor-version":[{"id":19262,"href":"https:\/\/www.sportchaco.com.ar\/index.php?rest_route=\/wp\/v2\/posts\/19260\/revisions\/19262"}],"wp:featuredmedia":[{"embeddable":true,"href":"https:\/\/www.sportchaco.com.ar\/index.php?rest_route=\/wp\/v2\/media\/19261"}],"wp:attachment":[{"href":"https:\/\/www.sportchaco.com.ar\/index.php?rest_route=%2Fwp%2Fv2%2Fmedia&parent=19260"}],"wp:term":[{"taxonomy":"category","embeddable":true,"href":"https:\/\/www.sportchaco.com.ar\/index.php?rest_route=%2Fwp%2Fv2%2Fcategories&post=19260"},{"taxonomy":"post_tag","embeddable":true,"href":"https:\/\/www.sportchaco.com.ar\/index.php?rest_route=%2Fwp%2Fv2%2Ftags&post=19260"}],"curies":[{"name":"wp","href":"https:\/\/api.w.org\/{rel}","templated":true}]}}