{"id":1928,"date":"2023-10-18T10:59:34","date_gmt":"2023-10-18T13:59:34","guid":{"rendered":"https:\/\/www.sportchaco.com.ar\/?p=1928"},"modified":"2023-10-18T10:59:34","modified_gmt":"2023-10-18T13:59:34","slug":"infantino-volvio-a-elogiar-a-leo","status":"publish","type":"post","link":"https:\/\/www.sportchaco.com.ar\/?p=1928","title":{"rendered":"Infantino volvi\u00f3 a elogiar a Leo"},"content":{"rendered":"<p id=\"titulo_cable\" class=\"title\">\n<div id=\"div_cuerpo\" class=\"content cable-content\">El presidente de la FIFA, Gianni Infantino, destac\u00f3 hoy \u00abotra fant\u00e1stica actuaci\u00f3n\u00bb de Lionel Messi con el seleccionado argentino al rememorar los diez meses de la \u00ab\u00e9pica\u00bb final del Mundial de f\u00fatbol Qatar 2022.<\/p>\n<p>\u00abOtra fant\u00e1stica actuaci\u00f3n de Messi en las eliminatorias de Conmebol para la Copa Mundial de la FIFA m\u00e1s grande de la historia en 2026 me record\u00f3 que hace 10 meses, el capit\u00e1n y el n\u00famero 10 de Argentina llev\u00f3 a su pa\u00eds a un hist\u00f3rico t\u00edtulo de la Copa Mundial despu\u00e9s de una final \u00e9pica contra Francia\u00bb, escribi\u00f3 Infantino en su cuenta oficial de Instagram.<\/p>\n<p>El m\u00e1ximo dirigente del f\u00fatbol mundial acompa\u00f1\u00f3 el texto junto a una serie de fotos de Messi durante la ceremonia de premiaci\u00f3n del 18 de diciembre de 2022 en el estadio Lusail.<\/p>\n<p>\u00abUna final verdaderamente memorable en la mejor Copa Mundial de la FIFA. Los recuerdos del d\u00eda todav\u00eda est\u00e1n frescos en mi mente\u00bb, agreg\u00f3 el suizo.<\/p>\n<p>A diez meses de la obtenci\u00f3n de la tercera estrella para el f\u00fatbol argentino, el seleccionado nacional cerr\u00f3 una nueva doble fecha de Eliminatorias con puntaje ideal (12 puntos), sin goles recibidos en cuatro fechas y afianzado en el n\u00famero 1 del ranking FIFA. T\u00e9lam<\/p><\/div>\n","protected":false},"excerpt":{"rendered":"<p>El presidente de la FIFA, Gianni Infantino, destac\u00f3 hoy \u00abotra fant\u00e1stica actuaci\u00f3n\u00bb de Lionel Messi con el seleccionado argentino al rememorar los diez meses de la \u00ab\u00e9pica\u00bb final del Mundial de f\u00fatbol Qatar 2022. \u00abOtra fant\u00e1stica actuaci\u00f3n de Messi en las eliminatorias de Conmebol para la Copa Mundial de la FIFA m\u00e1s grande de la &hellip;<\/p>\n","protected":false},"author":2,"featured_media":1929,"comment_status":"open","ping_status":"open","sticky":false,"template":"","format":"standard","meta":{"footnotes":""},"categories":[6,47],"tags":[],"class_list":["post-1928","post","type-post","status-publish","format-standard","has-post-thumbnail","hentry","category-internacionales","category-nacionales"],"_links":{"self":[{"href":"https:\/\/www.sportchaco.com.ar\/index.php?rest_route=\/wp\/v2\/posts\/1928","targetHints":{"allow":["GET"]}}],"collection":[{"href":"https:\/\/www.sportchaco.com.ar\/index.php?rest_route=\/wp\/v2\/posts"}],"about":[{"href":"https:\/\/www.sportchaco.com.ar\/index.php?rest_route=\/wp\/v2\/types\/post"}],"author":[{"embeddable":true,"href":"https:\/\/www.sportchaco.com.ar\/index.php?rest_route=\/wp\/v2\/users\/2"}],"replies":[{"embeddable":true,"href":"https:\/\/www.sportchaco.com.ar\/index.php?rest_route=%2Fwp%2Fv2%2Fcomments&post=1928"}],"version-history":[{"count":1,"href":"https:\/\/www.sportchaco.com.ar\/index.php?rest_route=\/wp\/v2\/posts\/1928\/revisions"}],"predecessor-version":[{"id":1930,"href":"https:\/\/www.sportchaco.com.ar\/index.php?rest_route=\/wp\/v2\/posts\/1928\/revisions\/1930"}],"wp:featuredmedia":[{"embeddable":true,"href":"https:\/\/www.sportchaco.com.ar\/index.php?rest_route=\/wp\/v2\/media\/1929"}],"wp:attachment":[{"href":"https:\/\/www.sportchaco.com.ar\/index.php?rest_route=%2Fwp%2Fv2%2Fmedia&parent=1928"}],"wp:term":[{"taxonomy":"category","embeddable":true,"href":"https:\/\/www.sportchaco.com.ar\/index.php?rest_route=%2Fwp%2Fv2%2Fcategories&post=1928"},{"taxonomy":"post_tag","embeddable":true,"href":"https:\/\/www.sportchaco.com.ar\/index.php?rest_route=%2Fwp%2Fv2%2Ftags&post=1928"}],"curies":[{"name":"wp","href":"https:\/\/api.w.org\/{rel}","templated":true}]}}