{"id":1931,"date":"2023-10-18T17:36:21","date_gmt":"2023-10-18T20:36:21","guid":{"rendered":"https:\/\/www.sportchaco.com.ar\/?p=1931"},"modified":"2023-10-18T19:59:58","modified_gmt":"2023-10-18T22:59:58","slug":"erick-rovner-y-la-salida-de-la-liga-argentina","status":"publish","type":"post","link":"https:\/\/www.sportchaco.com.ar\/?p=1931","title":{"rendered":"Erick Rovner y la salida de la Liga Argentina"},"content":{"rendered":"<p>EL TECNICO ERICK ROVNER, quien iba a dirigir nuevamente a Sarmiento en la Liga Argentina de B\u00e1squetbol, en una entrevista con Cara y Ceca del Deporte por Radio Provincia del Chaco, revel\u00f3 pormenores de la salida de la instituci\u00f3n del torneo de la segunda categor\u00eda del b\u00e1squetbol argentino. Charla con los periodistas Luis Dar\u00edo Molodezky, Marcos Daniel Acosta y Facundo Maciel. 18 10 23. <a href=\"https:\/\/youtu.be\/4pJfIC2dF_I\">https:\/\/youtu.be\/4pJfIC2dF_I<\/a><\/p>\n<p>&nbsp;<\/p>\n<p>Foto de Eric Rovner<\/p>\n<p>&nbsp;<\/p>\n<p>ERIC ROVNER, ENTRENADOR DE SARMIENTO<br \/>\n\u201cSe hizo un arreglo econ\u00f3mico con los jugadores y se baj\u00f3 al equipo de la Liga\u201d<br \/>\nEl DT decano revel\u00f3 detalles de lo ocurrido, habl\u00f3 de dirigentes que \u00abno aparecieron\u00bb en el momento de respaldar con garant\u00edas econ\u00f3micas al equipo, despu\u00e9s de un mes de entrenamientos y trabajos en medio de un \u201ctire y afloje\u201d. \u201cComo l\u00edder decid\u00ed no continuar con esto que no era sano para nadie. Fue un acuerdo mutuo\u201d, sostuvo sobre lo convenido con la instituci\u00f3n.<\/p>\n<p>(Foto de archivo)<\/p>\n<p>El entrenador de Sarmiento de Resistencia, Eric Rovner dio cuenta de las horas previas a la decisi\u00f3n que finalmente se conoci\u00f3 esta ma\u00f1ana de no disputar la Liga Argentina de B\u00e1squet por motivos econ\u00f3micos y por no presentar los contratos firmados con los respectivos avales ante la Asociaci\u00f3n de Clubes de B\u00e1squet (AdC).<\/p>\n<p>\u201cEstuvimos entrenando normalmente en estos d\u00edas hasta llegar el momento en que deb\u00edamos firmar los contratos, porque no nos pod\u00edamos embarcar en una gira por Santiago del Estero y Catamarca sin esos instrumentos\u201d, cont\u00f3 en declaraciones al programa Cara y Ceca del Deporte por Radio Provincia.<\/p>\n<p>As\u00ed, revel\u00f3 que el martes por la ma\u00f1ana mantuvo una reuni\u00f3n con el presidente a cargo de la instituci\u00f3n, Javier Besga, quien le ratific\u00f3 que \u201cno estaban los fondos ni las garant\u00edas\u201d para afrontar la temporada 2023-24. En ese contexto, el dirigente le coment\u00f3 que hab\u00eda requerido \u201cgarant\u00edas a dirigentes del b\u00e1squet que nos embarcaron en esto, y dijo que de existir las mismas, no ten\u00eda problemas en firmar los contratos\u201d. \u201cEsas garant\u00edas tampoco aparecieron y bajo esas condiciones, se alcanz\u00f3 un arreglo econ\u00f3mico con los jugadores para que pudieran regresar a sus hogares, y se baj\u00f3 al equipo del torneo\u201d, confirm\u00f3 Rovner.<\/p>\n<p>\u201cNo hab\u00eda forma de salir ilesos\u201d, dijo el DT tras revelar que las primeras reuniones con la dirigencia apuntaron a resolver la situaci\u00f3n de los jugadores y de quienes lo acompa\u00f1an en el cuerpo t\u00e9cnico, mientras que durante la tarde de este mi\u00e9rcoles volver\u00eda a mantener un encuentro con el presidente del club para llegar a un arreglo por su situaci\u00f3n personal. \u201cSeguramente entrar\u00e9 al mercado a esperar a que alg\u00fan club me contrate\u201d, estim\u00f3.<\/p>\n<p>&nbsp;<\/p>\n<p>Vaivenes con el peor final<\/p>\n<p>Rovner calific\u00f3 todo lo ocurrido como \u201cpoco serio e irrespetuoso\u201d. As\u00ed, revel\u00f3 que desde principios de este mes, cuando la AdC dio su veredicto determinando que el club deb\u00eda participar de la Liga (tras intentar bajarse previo env\u00edo de documentaci\u00f3n sobre una decisi\u00f3n tomada en asamblea), hasta el d\u00eda en que el equipo deb\u00eda emprender su primera gira hubo una suerte de \u201cvac\u00edo\u201d que hicieron los dirigentes del \u00e1rea de b\u00e1squet que sosten\u00edan la participaci\u00f3n.<\/p>\n<p>En ese relato, interpret\u00f3: \u201cEl presidente en su momento firm\u00f3 para que se participe, pero al desconocer las pol\u00edticas deportivas que se vienen cambi\u00f3 el panorama y, desde ese lugar decidieron no participar para no comprometer las arcas del club\u201d.<\/p>\n<p>\u201cEl colectivo estaba contratado a las 22 para salir, hasta que preguntamos qu\u00e9 pasaba con nuestros contratos. Estuvimos reunidos jugadores y cuerpo t\u00e9cnico con el presidente, y esperamos hasta las 20 que dieran la cara quienes nos embarcaron en esto y no apareci\u00f3 nadie. Entonces decidimos resolverlo ah\u00ed, para algunos econ\u00f3micamente y para otros deportivamente\u201d, coment\u00f3 el entrenador. \u201cSeguir en este tire y afloje no era sano para nadie, y yo como l\u00edder del barco decid\u00ed no continuar. Fue un acuerdo mutuo\u201d, agreg\u00f3.<\/p>\n<p>\u201cDespu\u00e9s de la reuni\u00f3n, el presidente se comprometi\u00f3 a cumplir el contrato hasta diciembre y\/o hasta que cada jugador consiga otro club. Pero con cada jugador se resolvieron individualmente las condiciones\u201d, revel\u00f3 Rovner, detallando que se trata de cinco jugadores profesionales mayores y tres fichas sub-23, adem\u00e1s de quienes integran el cuerpo t\u00e9cnico.<\/p>\n<p>\u201cHoy, con el mercado cerrado, y los cupos completos en los clubes, se har\u00e1 muy dif\u00edcil para los jugadores ir a otro lugar, y para el cuerpo t\u00e9cnico ser\u00e1 pr\u00e1cticamente imposible\u201d, lament\u00f3.<\/p>\n<p>&nbsp;<\/p>\n<p>\u201cEstoy muy desilusionado\u201d<\/p>\n<p>Acerca de los dirigentes del \u00e1rea de b\u00e1squet del club que fueron los que buscaron sostener la participaci\u00f3n en la Liga, pero que en este tramo final no estuvieron presentes, el entrenador sostuvo: \u201cEsperaba al menos un llamado, un mensaje, algo. El d\u00eda en que el equipo confirm\u00f3 su participaci\u00f3n (tras el comunicado de la AdC, el 3 de octubre), desaparecieron todos, cuando m\u00e1s se los necesitaba. Estoy muy desilusionado porque los jugadores y yo dejamos pasar otras ofertas laborales, porque todav\u00eda soy de los que creen en la palabra\u201d.<\/p>\n<p>Pese a ese panorama que hoy es desalentador, agreg\u00f3: \u201cVamos a salir adelante, esta profesi\u00f3n no nos deja ser negativos\u201d. \u201cEs la primera vez que me pasa algo as\u00ed en mi corta carrera profesional y la primera vez que veo que pasa algo as\u00ed\u201d, afirm\u00f3.<\/p>\n<p>&nbsp;<\/p>\n<p>Un buen trabajo<\/p>\n<p>M\u00e1s all\u00e1 de lo ocurrido con el b\u00e1squet profesional, Rovner destac\u00f3 el trabajo que lleva adelante el club en categor\u00edas formativas. \u201cHay un grupo de padres que apoya mucho, que ayud\u00f3 en el momento m\u00e1s dif\u00edcil y que no deber\u00edan verse salpicados por una sanci\u00f3n de la AdC\u201d, resalt\u00f3. PUBLICADO POR AGENCIA FOCO<\/p>\n<p>&nbsp;<\/p>\n<p><img decoding=\"async\" class=\"img-responsive\" src=\"https:\/\/www.laliganacional.com.ar\/uploadsfotos\/img_9306.jpeg\" alt=\"\" \/><\/p>\n<p>El Departamento de Competencias de la Asociaci\u00f3n de Clubes informa que el club Sarmiento de Resistencia manifest\u00f3 que no se presentar\u00e1 a disputar los partidos ya programados de la temporada 2023\/24 de La Liga Argentina.<\/p>\n<p>Este hecho ser\u00e1 elevado al Tribunal de Disciplina para que eval\u00fae los pasos a seguir con las correspondientes sanciones al club, considerando la oportuna inscripci\u00f3n del equipo para la disputa del torneo.<\/p>\n","protected":false},"excerpt":{"rendered":"<p>EL TECNICO ERICK ROVNER, quien iba a dirigir nuevamente a Sarmiento en la Liga Argentina de B\u00e1squetbol, en una entrevista con Cara y Ceca del Deporte por Radio Provincia del Chaco, revel\u00f3 pormenores de la salida de la instituci\u00f3n del torneo de la segunda categor\u00eda del b\u00e1squetbol argentino. Charla con los periodistas Luis Dar\u00edo Molodezky, &hellip;<\/p>\n","protected":false},"author":2,"featured_media":1932,"comment_status":"open","ping_status":"open","sticky":false,"template":"","format":"standard","meta":{"footnotes":""},"categories":[3],"tags":[],"class_list":["post-1931","post","type-post","status-publish","format-standard","has-post-thumbnail","hentry","category-basquetbol"],"_links":{"self":[{"href":"https:\/\/www.sportchaco.com.ar\/index.php?rest_route=\/wp\/v2\/posts\/1931","targetHints":{"allow":["GET"]}}],"collection":[{"href":"https:\/\/www.sportchaco.com.ar\/index.php?rest_route=\/wp\/v2\/posts"}],"about":[{"href":"https:\/\/www.sportchaco.com.ar\/index.php?rest_route=\/wp\/v2\/types\/post"}],"author":[{"embeddable":true,"href":"https:\/\/www.sportchaco.com.ar\/index.php?rest_route=\/wp\/v2\/users\/2"}],"replies":[{"embeddable":true,"href":"https:\/\/www.sportchaco.com.ar\/index.php?rest_route=%2Fwp%2Fv2%2Fcomments&post=1931"}],"version-history":[{"count":2,"href":"https:\/\/www.sportchaco.com.ar\/index.php?rest_route=\/wp\/v2\/posts\/1931\/revisions"}],"predecessor-version":[{"id":1934,"href":"https:\/\/www.sportchaco.com.ar\/index.php?rest_route=\/wp\/v2\/posts\/1931\/revisions\/1934"}],"wp:featuredmedia":[{"embeddable":true,"href":"https:\/\/www.sportchaco.com.ar\/index.php?rest_route=\/wp\/v2\/media\/1932"}],"wp:attachment":[{"href":"https:\/\/www.sportchaco.com.ar\/index.php?rest_route=%2Fwp%2Fv2%2Fmedia&parent=1931"}],"wp:term":[{"taxonomy":"category","embeddable":true,"href":"https:\/\/www.sportchaco.com.ar\/index.php?rest_route=%2Fwp%2Fv2%2Fcategories&post=1931"},{"taxonomy":"post_tag","embeddable":true,"href":"https:\/\/www.sportchaco.com.ar\/index.php?rest_route=%2Fwp%2Fv2%2Ftags&post=1931"}],"curies":[{"name":"wp","href":"https:\/\/api.w.org\/{rel}","templated":true}]}}