{"id":19318,"date":"2025-05-15T18:19:29","date_gmt":"2025-05-15T21:19:29","guid":{"rendered":"https:\/\/www.sportchaco.com.ar\/?p=19318"},"modified":"2025-05-15T18:28:28","modified_gmt":"2025-05-15T21:28:28","slug":"hercules-puso-en-marcha-el-taller-inclusivo-movitea","status":"publish","type":"post","link":"https:\/\/www.sportchaco.com.ar\/?p=19318","title":{"rendered":"H\u00e9rcules puso en marcha el taller inclusivo \u00abMoviTEA\u00bb"},"content":{"rendered":"<p><strong>15-05-2025<\/strong><\/p>\n<p><img loading=\"lazy\" decoding=\"async\" class=\"aligncenter wp-image-18209 size-full\" src=\"https:\/\/www.sportchaco.com.ar\/wp-content\/uploads\/2025\/04\/940x90-2.gif\" alt=\"\" width=\"1959\" height=\"189\" \/><\/p>\n<p>Llevando adelante un gran trabajo en m\u00faltiples aspectos, desde el club H\u00e9rcules de Charata se puso en marcha un Taller inclusivo para ni\u00f1os con Trastorno del Espectro Autista: \u00abMoviTEA\u00bb.<\/p>\n<p>Esta iniciativa inclusiva fue impulsada por la Asociaci\u00f3n de padres \u201cCorazones Azules\u201d junto a un organismo de Talleres Terap\u00e9uticos \u201cRosa Azul\u201d y el apoyo del Instituto del Deporte Chaque\u00f1o y la Municipalidad de Charata. Este trabajo est\u00e1 dirigido para ni\u00f1os desde los 3 a 12 a\u00f1os de edad.<\/p>\n<figure class=\"wp-block-image size-full\"><a href=\"https:\/\/baskettotal.com.ar\/wp-content\/uploads\/2025\/05\/INCLUSION-1.jpg\"><img loading=\"lazy\" decoding=\"async\" class=\"lazy wp-image-27308 lazy-loaded\" src=\"https:\/\/baskettotal.com.ar\/wp-content\/uploads\/2025\/05\/INCLUSION-1.jpg\" sizes=\"auto, (max-width: 585px) 100vw, 585px\" srcset=\"https:\/\/baskettotal.com.ar\/wp-content\/uploads\/2025\/05\/INCLUSION-1.jpg 585w, https:\/\/baskettotal.com.ar\/wp-content\/uploads\/2025\/05\/INCLUSION-1-225x300.jpg 225w\" alt=\"\" width=\"585\" height=\"780\" data-lazy-type=\"image\" data-lazy-src=\"https:\/\/baskettotal.com.ar\/wp-content\/uploads\/2025\/05\/INCLUSION-1.jpg\" data-lazy-srcset=\"https:\/\/baskettotal.com.ar\/wp-content\/uploads\/2025\/05\/INCLUSION-1.jpg 585w, https:\/\/baskettotal.com.ar\/wp-content\/uploads\/2025\/05\/INCLUSION-1-225x300.jpg 225w\" data-lazy-sizes=\"(max-width: 585px) 100vw, 585px\" \/><\/a><\/figure>\n<p>\u201cDiagramamos esta actividad donde se pudieran respetar los ritmos de aprendizaje de los chicos, porque todos los ni\u00f1os aprenden\u201d, remarc\u00f3 Constanza Parada, quien es Licenciada en Educaci\u00f3n y cumple funciones en H\u00e9rcules de Charata.<\/p>\n<p>\u201cLa idea es poder ir ense\u00f1\u00e1ndole a los chicos, a trav\u00e9s del tiempo, moldeado y tipo de aprendizaje que ellos tienen, actividades deportivas para que en alg\u00fan momento puedan integrarse junto a los dem\u00e1s chicos\u201d, finaliz\u00f3 Parada.<\/p>\n<p>Este Taller inclusivo se desarrollan en las instalaciones del club H\u00e9rcules los lunes y mi\u00e9rcoles, divididos en 2 grupos: 17:30 a 18, 30 y de 18, 30 a 19:30 horas.<\/p>\n<p><img loading=\"lazy\" decoding=\"async\" class=\"aligncenter wp-image-19119 \" src=\"https:\/\/www.sportchaco.com.ar\/wp-content\/uploads\/2025\/05\/120x200-3.gif\" alt=\"\" width=\"292\" height=\"486\" \/><\/p>\n","protected":false},"excerpt":{"rendered":"<p>15-05-2025 Llevando adelante un gran trabajo en m\u00faltiples aspectos, desde el club H\u00e9rcules de Charata se puso en marcha un Taller inclusivo para ni\u00f1os con Trastorno del Espectro Autista: \u00abMoviTEA\u00bb. Esta iniciativa inclusiva fue impulsada por la Asociaci\u00f3n de padres \u201cCorazones Azules\u201d junto a un organismo de Talleres Terap\u00e9uticos \u201cRosa Azul\u201d y el apoyo del &hellip;<\/p>\n","protected":false},"author":3,"featured_media":19319,"comment_status":"open","ping_status":"open","sticky":false,"template":"","format":"standard","meta":{"footnotes":""},"categories":[44],"tags":[],"class_list":["post-19318","post","type-post","status-publish","format-standard","has-post-thumbnail","hentry","category-varios"],"_links":{"self":[{"href":"https:\/\/www.sportchaco.com.ar\/index.php?rest_route=\/wp\/v2\/posts\/19318","targetHints":{"allow":["GET"]}}],"collection":[{"href":"https:\/\/www.sportchaco.com.ar\/index.php?rest_route=\/wp\/v2\/posts"}],"about":[{"href":"https:\/\/www.sportchaco.com.ar\/index.php?rest_route=\/wp\/v2\/types\/post"}],"author":[{"embeddable":true,"href":"https:\/\/www.sportchaco.com.ar\/index.php?rest_route=\/wp\/v2\/users\/3"}],"replies":[{"embeddable":true,"href":"https:\/\/www.sportchaco.com.ar\/index.php?rest_route=%2Fwp%2Fv2%2Fcomments&post=19318"}],"version-history":[{"count":1,"href":"https:\/\/www.sportchaco.com.ar\/index.php?rest_route=\/wp\/v2\/posts\/19318\/revisions"}],"predecessor-version":[{"id":19320,"href":"https:\/\/www.sportchaco.com.ar\/index.php?rest_route=\/wp\/v2\/posts\/19318\/revisions\/19320"}],"wp:featuredmedia":[{"embeddable":true,"href":"https:\/\/www.sportchaco.com.ar\/index.php?rest_route=\/wp\/v2\/media\/19319"}],"wp:attachment":[{"href":"https:\/\/www.sportchaco.com.ar\/index.php?rest_route=%2Fwp%2Fv2%2Fmedia&parent=19318"}],"wp:term":[{"taxonomy":"category","embeddable":true,"href":"https:\/\/www.sportchaco.com.ar\/index.php?rest_route=%2Fwp%2Fv2%2Fcategories&post=19318"},{"taxonomy":"post_tag","embeddable":true,"href":"https:\/\/www.sportchaco.com.ar\/index.php?rest_route=%2Fwp%2Fv2%2Ftags&post=19318"}],"curies":[{"name":"wp","href":"https:\/\/api.w.org\/{rel}","templated":true}]}}