{"id":19351,"date":"2025-05-16T10:37:39","date_gmt":"2025-05-16T13:37:39","guid":{"rendered":"https:\/\/www.sportchaco.com.ar\/?p=19351"},"modified":"2025-05-16T10:37:39","modified_gmt":"2025-05-16T13:37:39","slug":"franco-colapinto-finalizo-17-en-la-primera-practica-libre-de-imola","status":"publish","type":"post","link":"https:\/\/www.sportchaco.com.ar\/?p=19351","title":{"rendered":"Franco Colapinto finaliz\u00f3 17\u00b0 en la primera pr\u00e1ctica libre de Imola"},"content":{"rendered":"<h1><span style=\"font-size: 16px; font-weight: 400;\">16\/05\/2025\u00a0<\/span><\/h1>\n<p>El argentino gir\u00f3 por primera vez en pista a bordo del A525 de Alpine y adquiri\u00f3 una valiosa experiencia en la primera sesi\u00f3n del fin de semana. Termin\u00f3 a poco m\u00e1s de ocho d\u00e9cimas de Oscar Piastri y a casi siete de Gasly, su compa\u00f1ero de equipo.<\/p>\n<figure data-modal-description=\"Franco Colapinto, girando por primera vez con Alpine en el GP de Imola. (@F1)\" data-modal-image=\"https:\/\/media.tycsports.com\/files\/2025\/05\/16\/842592\/franco-colapinto-gp-imola_w862.webp\"><img loading=\"lazy\" decoding=\"async\" class=\"mainImg r16x9\" title=\"Franco Colapinto GP Imola\" src=\"https:\/\/media.tycsports.com\/files\/2025\/05\/16\/842592\/franco-colapinto-gp-imola_416x234.webp?v=1\" srcset=\"https:\/\/media.tycsports.com\/files\/2025\/05\/16\/842592\/franco-colapinto-gp-imola_416x234.webp?v=1 960w,https:\/\/media.tycsports.com\/files\/2025\/05\/16\/842592\/franco-colapinto-gp-imola_862x485.webp?v=1 1024w\" alt=\"Franco Colapinto GP Imola\" width=\"416\" height=\"234\" \/><figcaption>Franco Colapinto, girando por primera vez con Alpine en el GP de Imola. (@F1)<\/figcaption><\/figure>\n<p>Franco Colapinto tuvo su primera pr\u00e1ctica libre con Alpine en su regreso a la F\u00f3rmula 1. El argentino gir\u00f3 durante varias vueltas en el Circuito de Emilia-Romagna y\u00a0finaliz\u00f3 17\u00b0 con un tiempo de 1:17.373, a 828 mil\u00e9simas de Oscar Piastri\u00a0(1.16:545), que termin\u00f3 en el primer lugar. Igualmente, los tiempos registrados no son referencia debido a que\u00a0todos los pilotos probaron diferentes configuraciones y estrategias en esta sesi\u00f3n de entrenamiento. Adem\u00e1s, el argentino tuvo el aliciente de que\u00a0fue su primera vez a bordo del A525 en pista, ya que \u00fanicamente lo hab\u00eda testeado en el simulador.\u00a0 Fuente TyC Sports<\/p>\n<p>&nbsp;<\/p>\n<p style=\"text-align: center;\"><img loading=\"lazy\" decoding=\"async\" class=\"alignnone size-medium wp-image-19352\" src=\"https:\/\/www.sportchaco.com.ar\/wp-content\/uploads\/2025\/05\/clasifica-225x300.avif\" alt=\"\" width=\"225\" height=\"300\" srcset=\"https:\/\/www.sportchaco.com.ar\/wp-content\/uploads\/2025\/05\/clasifica-225x300.avif 225w, https:\/\/www.sportchaco.com.ar\/wp-content\/uploads\/2025\/05\/clasifica-768x1024.avif 768w, https:\/\/www.sportchaco.com.ar\/wp-content\/uploads\/2025\/05\/clasifica.avif 992w\" sizes=\"auto, (max-width: 225px) 100vw, 225px\" \/><\/p>\n<p>&nbsp;<\/p>\n<p><img loading=\"lazy\" decoding=\"async\" class=\"alignnone size-medium wp-image-19353\" src=\"https:\/\/www.sportchaco.com.ar\/wp-content\/uploads\/2025\/05\/cola-300x200.jpg\" alt=\"\" width=\"300\" height=\"200\" srcset=\"https:\/\/www.sportchaco.com.ar\/wp-content\/uploads\/2025\/05\/cola-300x200.jpg 300w, https:\/\/www.sportchaco.com.ar\/wp-content\/uploads\/2025\/05\/cola.jpg 700w\" sizes=\"auto, (max-width: 300px) 100vw, 300px\" \/> <img loading=\"lazy\" decoding=\"async\" class=\"alignnone size-medium wp-image-19354\" src=\"https:\/\/www.sportchaco.com.ar\/wp-content\/uploads\/2025\/05\/BANNER-WEB-Qdenga-250x250-1-300x300.gif\" alt=\"\" width=\"300\" height=\"300\" srcset=\"https:\/\/www.sportchaco.com.ar\/wp-content\/uploads\/2025\/05\/BANNER-WEB-Qdenga-250x250-1-300x300.gif 300w, https:\/\/www.sportchaco.com.ar\/wp-content\/uploads\/2025\/05\/BANNER-WEB-Qdenga-250x250-1-150x150.gif 150w\" sizes=\"auto, (max-width: 300px) 100vw, 300px\" \/><\/p>\n","protected":false},"excerpt":{"rendered":"<p>16\/05\/2025\u00a0 El argentino gir\u00f3 por primera vez en pista a bordo del A525 de Alpine y adquiri\u00f3 una valiosa experiencia en la primera sesi\u00f3n del fin de semana. Termin\u00f3 a poco m\u00e1s de ocho d\u00e9cimas de Oscar Piastri y a casi siete de Gasly, su compa\u00f1ero de equipo. Franco Colapinto, girando por primera vez con &hellip;<\/p>\n","protected":false},"author":2,"featured_media":19353,"comment_status":"open","ping_status":"open","sticky":false,"template":"","format":"standard","meta":{"footnotes":""},"categories":[2],"tags":[],"class_list":["post-19351","post","type-post","status-publish","format-standard","has-post-thumbnail","hentry","category-automovilismo"],"_links":{"self":[{"href":"https:\/\/www.sportchaco.com.ar\/index.php?rest_route=\/wp\/v2\/posts\/19351","targetHints":{"allow":["GET"]}}],"collection":[{"href":"https:\/\/www.sportchaco.com.ar\/index.php?rest_route=\/wp\/v2\/posts"}],"about":[{"href":"https:\/\/www.sportchaco.com.ar\/index.php?rest_route=\/wp\/v2\/types\/post"}],"author":[{"embeddable":true,"href":"https:\/\/www.sportchaco.com.ar\/index.php?rest_route=\/wp\/v2\/users\/2"}],"replies":[{"embeddable":true,"href":"https:\/\/www.sportchaco.com.ar\/index.php?rest_route=%2Fwp%2Fv2%2Fcomments&post=19351"}],"version-history":[{"count":1,"href":"https:\/\/www.sportchaco.com.ar\/index.php?rest_route=\/wp\/v2\/posts\/19351\/revisions"}],"predecessor-version":[{"id":19355,"href":"https:\/\/www.sportchaco.com.ar\/index.php?rest_route=\/wp\/v2\/posts\/19351\/revisions\/19355"}],"wp:featuredmedia":[{"embeddable":true,"href":"https:\/\/www.sportchaco.com.ar\/index.php?rest_route=\/wp\/v2\/media\/19353"}],"wp:attachment":[{"href":"https:\/\/www.sportchaco.com.ar\/index.php?rest_route=%2Fwp%2Fv2%2Fmedia&parent=19351"}],"wp:term":[{"taxonomy":"category","embeddable":true,"href":"https:\/\/www.sportchaco.com.ar\/index.php?rest_route=%2Fwp%2Fv2%2Fcategories&post=19351"},{"taxonomy":"post_tag","embeddable":true,"href":"https:\/\/www.sportchaco.com.ar\/index.php?rest_route=%2Fwp%2Fv2%2Ftags&post=19351"}],"curies":[{"name":"wp","href":"https:\/\/api.w.org\/{rel}","templated":true}]}}