{"id":19362,"date":"2025-05-16T23:41:50","date_gmt":"2025-05-17T02:41:50","guid":{"rendered":"https:\/\/www.sportchaco.com.ar\/?p=19362"},"modified":"2025-05-16T23:42:18","modified_gmt":"2025-05-17T02:42:18","slug":"efemerides-del-17-de-mayo-2","status":"publish","type":"post","link":"https:\/\/www.sportchaco.com.ar\/?p=19362","title":{"rendered":"Efem\u00e9rides del 17 de mayo"},"content":{"rendered":"<div class=\"container fullwidth-entry-title-wrapper\">\n<div class=\"container-wrapper fullwidth-entry-title\">\n<header class=\"entry-header-outer\">\n<div class=\"entry-header\">\n<h1 class=\"post-title entry-title\"><\/h1>\n<\/div>\n<\/header>\n<\/div>\n<\/div>\n<div id=\"content\" class=\"site-content container\">\n<div id=\"main-content-row\" class=\"tie-row main-content-row\">\n<div class=\"main-content tie-col-md-8 tie-col-xs-12\" role=\"main\">\n<article id=\"the-post\" class=\"container-wrapper post-content tie-standard\">\n<div class=\"featured-area\">\n<div class=\"featured-area-inner\"><\/div>\n<\/div>\n<div class=\"entry-content entry clearfix\">\n<h4><strong>Esta es la Efem\u00e9rides del Deporte en el Chaco de un 17 de mayo del periodista Luis Dar\u00edo Molodezky.<\/strong><\/h4>\n<p>&nbsp;<\/p>\n<p><img loading=\"lazy\" decoding=\"async\" class=\"alignnone size-full wp-image-19067 aligncenter\" src=\"https:\/\/www.sportchaco.com.ar\/wp-content\/uploads\/2025\/05\/Luis-2025-marzo-3-300x229-2.jpg\" alt=\"\" width=\"300\" height=\"229\" \/><\/p>\n<p>&nbsp;<\/p>\n<p>&nbsp;<\/p>\n<p><strong>1985 \/<\/strong>\u00a0\u00a0 Nace en Corrientes Oscar Gerardo G\u00f3mez, emblem\u00e1tico volante central de Chaco For Ever, quien permaneci\u00f3 durante 7 a\u00f1os en l club. Se retir\u00f3 el 2 de octubre de 2022. Fue al minuto 5 del partido ante San Mart\u00edn de San Juan, ante un estadio lleno que le dio una calidad despedida. Debut\u00f3 con la casaca del negro en el Federal A del 2014. Disput\u00f3 174 partidos oficiales y fue el jugador con m\u00e1s presencias en el Federal A y Copa Argentina de la instituci\u00f3n.<\/p>\n<p><strong>\u00a0<\/strong><\/p>\n<p><strong>\u00a0<\/strong><\/p>\n<p><strong>1985\u00a0<\/strong>\/ El chaque\u00f1o Ram\u00f3n Gaspar Abelda\u00f1o, le gan\u00f3 por puntos en doce asaltos a Julio Fern\u00e1ndez en Bariloche, qued\u00e1ndose con el t\u00edtulo vacante de los welters. Abelda\u00f1o naci\u00f3 en Villa Berthet, el 25 de diciembre de 1958. Como profesional disput\u00f3 105 combates, con 49 victorias (25 KO), 33 derrotas (9KO) 22 empates.<\/p>\n<p>&nbsp;<\/p>\n<p>&nbsp;<\/p>\n<p><strong>Foto de portada: Oscar G\u00f3mez en For Ever<\/strong><\/p>\n<p>&nbsp;<\/p>\n<\/div>\n<\/article>\n<\/div>\n<\/div>\n<\/div>\n","protected":false},"excerpt":{"rendered":"<p>Esta es la Efem\u00e9rides del Deporte en el Chaco de un 17 de mayo del periodista Luis Dar\u00edo Molodezky. &nbsp; &nbsp; &nbsp; 1985 \/\u00a0\u00a0 Nace en Corrientes Oscar Gerardo G\u00f3mez, emblem\u00e1tico volante central de Chaco For Ever, quien permaneci\u00f3 durante 7 a\u00f1os en l club. Se retir\u00f3 el 2 de octubre de 2022. Fue al &hellip;<\/p>\n","protected":false},"author":2,"featured_media":19363,"comment_status":"open","ping_status":"open","sticky":false,"template":"","format":"standard","meta":{"footnotes":""},"categories":[45,35],"tags":[],"class_list":["post-19362","post","type-post","status-publish","format-standard","has-post-thumbnail","hentry","category-efemerides-dia-por-dia","category-mayo"],"_links":{"self":[{"href":"https:\/\/www.sportchaco.com.ar\/index.php?rest_route=\/wp\/v2\/posts\/19362","targetHints":{"allow":["GET"]}}],"collection":[{"href":"https:\/\/www.sportchaco.com.ar\/index.php?rest_route=\/wp\/v2\/posts"}],"about":[{"href":"https:\/\/www.sportchaco.com.ar\/index.php?rest_route=\/wp\/v2\/types\/post"}],"author":[{"embeddable":true,"href":"https:\/\/www.sportchaco.com.ar\/index.php?rest_route=\/wp\/v2\/users\/2"}],"replies":[{"embeddable":true,"href":"https:\/\/www.sportchaco.com.ar\/index.php?rest_route=%2Fwp%2Fv2%2Fcomments&post=19362"}],"version-history":[{"count":2,"href":"https:\/\/www.sportchaco.com.ar\/index.php?rest_route=\/wp\/v2\/posts\/19362\/revisions"}],"predecessor-version":[{"id":19365,"href":"https:\/\/www.sportchaco.com.ar\/index.php?rest_route=\/wp\/v2\/posts\/19362\/revisions\/19365"}],"wp:featuredmedia":[{"embeddable":true,"href":"https:\/\/www.sportchaco.com.ar\/index.php?rest_route=\/wp\/v2\/media\/19363"}],"wp:attachment":[{"href":"https:\/\/www.sportchaco.com.ar\/index.php?rest_route=%2Fwp%2Fv2%2Fmedia&parent=19362"}],"wp:term":[{"taxonomy":"category","embeddable":true,"href":"https:\/\/www.sportchaco.com.ar\/index.php?rest_route=%2Fwp%2Fv2%2Fcategories&post=19362"},{"taxonomy":"post_tag","embeddable":true,"href":"https:\/\/www.sportchaco.com.ar\/index.php?rest_route=%2Fwp%2Fv2%2Ftags&post=19362"}],"curies":[{"name":"wp","href":"https:\/\/api.w.org\/{rel}","templated":true}]}}